{"id":171132,"date":"2018-03-06T13:07:49","date_gmt":"2018-03-06T13:07:49","guid":{"rendered":"http:\/\/diariodominicano.ddns.net\/?p=171132"},"modified":"2018-03-06T13:07:49","modified_gmt":"2018-03-06T13:07:49","slug":"melanio-paredes-cree-habria-que-adelantar-pacto-para-la-educacion-para-solucionar-impasse-adp-ministerio","status":"publish","type":"post","link":"https:\/\/diariodominicano.com\/?p=171132","title":{"rendered":"Melanio Paredes cree habr\u00eda que adelantar Pacto para la Educaci\u00f3n para solucionar impasse ADP-Ministerio"},"content":{"rendered":"<p><body><\/p>\n<p><img decoding=\"async\" src=\"img3\/melani1.jpg\" \/>  <\/p>\n<p>Melanio Paredes, miembro del Comit\u00e9 Central del Partido de la Liberaci\u00f3n Dominicana (PLD), se inclina para que el tema  que enfrenta al Ministerio de Educaci\u00f3n con la Asociaci\u00f3n Dominicana de Profesores (ADP)  sea llevado a la Asamblea  del Pacto Educativo, convocada para el mes entrante de abril.<\/p>\n<\/p>\n<p>En ese sentido dice que habr\u00eda que ponderar adelantar la fecha de este encuentro  con miras a buscar una pronta soluci\u00f3n al problema y evitar,  sobre todo,  la p\u00e9rdida de docencia.<\/p>\n<\/p>\n<p>\u00abM\u00e1s que esperar una decisi\u00f3n del  Tribunal Superior Administrativo nos inclinamos que sea  la Asamblea del Pacto Educativo que se reunir\u00e1 en Abril, pero que dado al problema deber\u00eda adelantarse tal y como lo han planteado un grupo de ex presidentes de la ADP, a quienes se les consult\u00f3\u00bb, apunt\u00f3 Melanio Paredes en nota divulgada por el PLD a trav\u00e9s de la Secretar\u00eda de Comunicaciones.<\/p>\n<\/p>\n<p>El tambi\u00e9n ex Ministro de Educaci\u00f3n dice que la ADP no debe sacar  a los maestros de las escuelas que mientras se le busque alg\u00fan tipo de soluci\u00f3n al  tema  o se le establezca la raz\u00f3n o no de las medidas adoptadas por el Ministerio,  la escuela debe  funcionar, consider\u00f3<\/p>\n<\/p>\n<p>\u00abEstamos a mitad de un a\u00f1o escolar y esos son d\u00edas que no se recuperan jam\u00e1s \u00abapunt\u00f3 Melanio Paredes, quien fuera tambi\u00e9n secretario general de la ADP.<\/p>\n<\/p>\n<p>El dirigente pelede\u00edsta, profesor  Melanio Paredes, record\u00f3 que la designaci\u00f3n de los directores   regionales est\u00e1 regulado en  ley 6697 que autoriza al ministro hacerlo.<\/p>\n<h6> 2018-03-06 13:07:49 <\/h6>\n<p><!--\n<link rel=\"stylesheet\" href=\"css\/bootstrap.min.css\">\n\n\n<ul class=\"pagination\">\n\t    \n\t\n\n<li >\n\t<a href='?page_no=6468'>Previous<\/a>\n\t<\/li>\n\n\n       \n    \n\n<li><a href='?page_no=1'>1<\/a><\/li>\n\n\n\n<li><a href='?page_no=2'>2<\/a><\/li>\n\n\n\n<li><a>...<\/a><\/li>\n\n\n\n<li><a href='?page_no=6467'>6467<\/a><\/li>\n\n\n\n<li><a href='?page_no=6468'>6468<\/a><\/li>\n\n\n\n<li class='active'><a>6469<\/a><\/li>\n\n\n\n<li><a href='?page_no=6470'>6470<\/a><\/li>\n\n\n\n<li><a href='?page_no=6471'>6471<\/a><\/li>\n\n\n\n<li><a>...<\/a><\/li>\n\n\n\n<li><a href='?page_no=36999'>36999<\/a><\/li>\n\n\n\n<li><a href='?page_no=37000'>37000<\/a><\/li>\n\n    \n\t\n\n<li >\n\t<a href='?page_no=6470'>Next<\/a>\n\t<\/li>\n\n\n    \n\n<li><a href='?page_no=37000'>Last &rsaquo;&rsaquo;<\/a><\/li>\n\n<\/ul>\n\n\n--><br \/>\n<\/body><\/p>\n","protected":false},"excerpt":{"rendered":"<p>Melanio Paredes, miembro del Comit\u00e9 Central del Partido de la Liberaci\u00f3n Dominicana (PLD), se inclina para que el tema que enfrenta al Ministerio de Educaci\u00f3n con la Asociaci\u00f3n Dominicana de Profesores (ADP) sea llevado a la Asamblea del Pacto Educativo, convocada para el mes entrante de abril. En ese sentido dice que habr\u00eda que ponderar [&hellip;]<\/p>\n","protected":false},"author":3,"featured_media":0,"comment_status":"open","ping_status":"open","sticky":false,"template":"","format":"standard","meta":{"footnotes":""},"categories":[22],"tags":[],"class_list":["post-171132","post","type-post","status-publish","format-standard","hentry","category-politica"],"_links":{"self":[{"href":"https:\/\/diariodominicano.com\/index.php?rest_route=\/wp\/v2\/posts\/171132","targetHints":{"allow":["GET"]}}],"collection":[{"href":"https:\/\/diariodominicano.com\/index.php?rest_route=\/wp\/v2\/posts"}],"about":[{"href":"https:\/\/diariodominicano.com\/index.php?rest_route=\/wp\/v2\/types\/post"}],"author":[{"embeddable":true,"href":"https:\/\/diariodominicano.com\/index.php?rest_route=\/wp\/v2\/users\/3"}],"replies":[{"embeddable":true,"href":"https:\/\/diariodominicano.com\/index.php?rest_route=%2Fwp%2Fv2%2Fcomments&post=171132"}],"version-history":[{"count":0,"href":"https:\/\/diariodominicano.com\/index.php?rest_route=\/wp\/v2\/posts\/171132\/revisions"}],"wp:attachment":[{"href":"https:\/\/diariodominicano.com\/index.php?rest_route=%2Fwp%2Fv2%2Fmedia&parent=171132"}],"wp:term":[{"taxonomy":"category","embeddable":true,"href":"https:\/\/diariodominicano.com\/index.php?rest_route=%2Fwp%2Fv2%2Fcategories&post=171132"},{"taxonomy":"post_tag","embeddable":true,"href":"https:\/\/diariodominicano.com\/index.php?rest_route=%2Fwp%2Fv2%2Ftags&post=171132"}],"curies":[{"name":"wp","href":"https:\/\/api.w.org\/{rel}","templated":true}]}}