{"id":171131,"date":"2018-03-06T19:48:53","date_gmt":"2018-03-06T19:48:53","guid":{"rendered":"http:\/\/diariodominicano.ddns.net\/?p=171131"},"modified":"2018-03-06T19:48:53","modified_gmt":"2018-03-06T19:48:53","slug":"aplazan-reunion-del-comite-politico-del-pld","status":"publish","type":"post","link":"https:\/\/diariodominicano.com\/?p=171131","title":{"rendered":"&#13;&#13;Aplazan reuni\u00f3n del Comit\u00e9 Pol\u00edtico del PLD"},"content":{"rendered":"<p><body><\/p>\n<p><img decoding=\"async\" src=\"img3\/_EMS3491.JPG\" \/>  <\/p>\n<p><strong><span class=\"text1noticias\">El presidente Danilo Medina, el expresidente Leonel Fern\u00e1ndez y Reinaldo Pared  en la reuni\u00f3n del CP del PLD el pasado 5 de febrero de 2018. <\/span> (Archivo)<\/strong><\/p>\n<p><strong><span class=\"text1noticias\">SANTO DOMINGO, RD, 6 de marzo de 2018.-<\/span><\/strong><span class=\"text1noticias\"> La reuni\u00f3n del Comit\u00e9 Pol\u00edtico del Partido de la Liberaci\u00f3n Dominicana (PLD) que se efectuar\u00eda este jueves 8 de marzo fue aplazada para una pr\u00f3xima fecha que se le dar\u00e1 a conocer oportunamente, inform\u00f3 Reinaldo Pared P\u00e9rez, secretario general en un informe ofrecido a la Secretar\u00eda de Comunicaciones del PLD, quien lo divulg\u00f3 mediante un despacho de prensa.<\/span><\/p>\n<\/p>\n<p><span class=\"text1noticias\"> <\/span><\/p>\n<\/p>\n<p><span class=\"text1noticias\">El pasado s\u00e1bado el propio Pared P\u00e9rez hab\u00eda confirmado de la convocatoria a los miembros del Comit\u00e9 Pol\u00edtico para las siete horas de la noche del d\u00eda jueves 8 de marzo, pero al inicio de la tarde de este martes  inform\u00f3 de su suspensi\u00f3n.<\/span><\/p>\n<\/p>\n<p><span class=\"text1noticias\"> <\/span><\/p>\n<\/p>\n<p><span class=\"text1noticias\">Explic\u00f3 que se ten\u00edan varias excusas y adem\u00e1s otros miembros, contando que el encuentro seria lunes, ten\u00edan otros compromisos.<\/span><\/p>\n<\/p>\n<p><span class=\"text1noticias\"> <\/span><\/p>\n<\/p>\n<p><span class=\"text1noticias\">A la par con el informe a la Secretar\u00eda de Comunicaciones el Secretario General  pelede\u00edsta lo coloc\u00f3 en su cuenta en red social twitter \u00b7 Debido a una gran cantidad de excusas presentadas para la reuni\u00f3n del CP  para el pr\u00f3ximo jueves, la misma ha sido suspendida\u00bb escribi\u00f3.<\/span><\/p>\n<\/p>\n<\/p>\n<\/p>\n<\/p>\n<h6> 2018-03-06 19:48:53 <\/h6>\n<p><!--\n<link rel=\"stylesheet\" href=\"css\/bootstrap.min.css\">\n\n\n<ul class=\"pagination\">\n\t    \n\t\n\n<li >\n\t<a href='?page_no=6467'>Previous<\/a>\n\t<\/li>\n\n\n       \n    \n\n<li><a href='?page_no=1'>1<\/a><\/li>\n\n\n\n<li><a href='?page_no=2'>2<\/a><\/li>\n\n\n\n<li><a>...<\/a><\/li>\n\n\n\n<li><a href='?page_no=6466'>6466<\/a><\/li>\n\n\n\n<li><a href='?page_no=6467'>6467<\/a><\/li>\n\n\n\n<li class='active'><a>6468<\/a><\/li>\n\n\n\n<li><a href='?page_no=6469'>6469<\/a><\/li>\n\n\n\n<li><a href='?page_no=6470'>6470<\/a><\/li>\n\n\n\n<li><a>...<\/a><\/li>\n\n\n\n<li><a href='?page_no=36999'>36999<\/a><\/li>\n\n\n\n<li><a href='?page_no=37000'>37000<\/a><\/li>\n\n    \n\t\n\n<li >\n\t<a href='?page_no=6469'>Next<\/a>\n\t<\/li>\n\n\n    \n\n<li><a href='?page_no=37000'>Last &rsaquo;&rsaquo;<\/a><\/li>\n\n<\/ul>\n\n\n--><br \/>\n<\/body><\/p>\n","protected":false},"excerpt":{"rendered":"<p>El presidente Danilo Medina, el expresidente Leonel Fern\u00e1ndez y Reinaldo Pared en la reuni\u00f3n del CP del PLD el pasado 5 de febrero de 2018. (Archivo) SANTO DOMINGO, RD, 6 de marzo de 2018.- La reuni\u00f3n del Comit\u00e9 Pol\u00edtico del Partido de la Liberaci\u00f3n Dominicana (PLD) que se efectuar\u00eda este jueves 8 de marzo fue [&hellip;]<\/p>\n","protected":false},"author":3,"featured_media":0,"comment_status":"open","ping_status":"open","sticky":false,"template":"","format":"standard","meta":{"footnotes":""},"categories":[22],"tags":[],"class_list":["post-171131","post","type-post","status-publish","format-standard","hentry","category-politica"],"_links":{"self":[{"href":"https:\/\/diariodominicano.com\/index.php?rest_route=\/wp\/v2\/posts\/171131","targetHints":{"allow":["GET"]}}],"collection":[{"href":"https:\/\/diariodominicano.com\/index.php?rest_route=\/wp\/v2\/posts"}],"about":[{"href":"https:\/\/diariodominicano.com\/index.php?rest_route=\/wp\/v2\/types\/post"}],"author":[{"embeddable":true,"href":"https:\/\/diariodominicano.com\/index.php?rest_route=\/wp\/v2\/users\/3"}],"replies":[{"embeddable":true,"href":"https:\/\/diariodominicano.com\/index.php?rest_route=%2Fwp%2Fv2%2Fcomments&post=171131"}],"version-history":[{"count":0,"href":"https:\/\/diariodominicano.com\/index.php?rest_route=\/wp\/v2\/posts\/171131\/revisions"}],"wp:attachment":[{"href":"https:\/\/diariodominicano.com\/index.php?rest_route=%2Fwp%2Fv2%2Fmedia&parent=171131"}],"wp:term":[{"taxonomy":"category","embeddable":true,"href":"https:\/\/diariodominicano.com\/index.php?rest_route=%2Fwp%2Fv2%2Fcategories&post=171131"},{"taxonomy":"post_tag","embeddable":true,"href":"https:\/\/diariodominicano.com\/index.php?rest_route=%2Fwp%2Fv2%2Ftags&post=171131"}],"curies":[{"name":"wp","href":"https:\/\/api.w.org\/{rel}","templated":true}]}}