{"id":171130,"date":"2018-03-07T00:05:09","date_gmt":"2018-03-07T00:05:09","guid":{"rendered":"http:\/\/diariodominicano.ddns.net\/?p=171130"},"modified":"2018-03-07T00:05:09","modified_gmt":"2018-03-07T00:05:09","slug":"vocero-prd-somete-proyecto-de-ley-prohibiria-alquilar-viviendas-a-indocumentados","status":"publish","type":"post","link":"https:\/\/diariodominicano.com\/?p=171130","title":{"rendered":"Vocero PRD somete proyecto de ley prohibir\u00eda alquilar viviendas a indocumentados"},"content":{"rendered":"<p><body><\/p>\n<p><img decoding=\"async\" src=\"img3\/proyecto-ley-penalizaria-alquilar-casas-a-ilegales.jpg\" \/><br \/><img decoding=\"async\" src=\"img3\/proyecto-ley-penalizaria-alquilar-casas-a-ilegales.jpg\" \/>  <\/p>\n<p><strong><span class=\"text1noticias\"> <\/span><\/strong><\/p>\n<p><strong> <\/strong><\/p>\n<p><strong> <\/strong><\/p>\n<p><strong><span class=\"text1noticias\"> SANTO DOMINGO, RD, 6 de marzo de 2018.-<\/span><\/strong><span class=\"text1noticias\"> El vocero del PRD en la C\u00e1mara de Diputados, Radham\u00e9s Gonz\u00e1lez someti\u00f3 este martes un proyecto de ley que impedir\u00eda alquilar viviendas a inmigrantes indocumentados o en estado de ilegalidad en Rep\u00fablica Dominicana..<\/span><\/p>\n<p><span class=\"text1noticias\"> <\/span><\/p>\n<p><span class=\"text1noticias\">Gonz\u00e1lez dijo que su proyecto no va dirigido solo a los haitianos que viven de manera ilegal en el pa\u00eds, ya que busca  impedir que  algunas zonas se conviertan en guetos con el apoyo  de dominicanos que los alojan.<\/span><\/p>\n<p><span class=\"text1noticias\"> <\/span><\/p>\n<p><span class=\"text1noticias\">\u00abLos haitianos que vienen al pa\u00eds, los venezolanos y dem\u00e1s, no viven en las calles. Entonces hay que colocarles algunas regulaciones para que esas personas al alquilar una casa, o un inmueble, tengan la obligaci\u00f3n de estar de manera legal\u00bb, dijo el diputado.<\/span><\/p>\n<p><span class=\"text1noticias\"> <\/span><\/p>\n<p><span class=\"text1noticias\">Dijo que de esa manera el pa\u00eds tendr\u00eda cierto control con esos inmigrantes.<\/span><\/p>\n<p><span class=\"text1noticias\"> <\/span><\/p>\n<p><span class=\"text1noticias\">\u00abEn mi municipio por ejemplo (Santo Domingo Oeste) un nacional haitiano alquila una casa, pero un mes despu\u00e9s ah\u00ed viven 25\u00bb.<\/span><\/p>\n<p><span class=\"text1noticias\">Considera de alguna manera el Estado tiene que tener reglas que permitan que los dominicanos sepan cu\u00e1ntos extranjeros viven en este pa\u00eds, cu\u00e1les de manera legal y cu\u00e1les ilegal.<\/span><\/p>\n<\/p>\n<p><span class=\"text1noticias\">\u00abOtro punto de mi planteamiento es que si por cualquier raz\u00f3n algunos dominicanos utilizan el subterfugio, como a veces lo hacen, de decir, que cedieron la casa a esos extranjeros para que se la cuiden, que a esos se les apliquen los mismos t\u00e9rminos que dice la ley para los que alquilan\u00bb.<\/span><\/p>\n<p><span class=\"text1noticias\"> <\/span><\/p>\n<p><span class=\"text1noticias\"> <\/span><\/p>\n<p><span class=\"text1noticias\"> <\/span><\/p>\n<p><span class=\"text1noticias\">En ese grupo Gonz\u00e1lez incluye a los maestros constructores de apartamentos, los que dijo \u00abdejan hasta 20 haitianos durmiendo ah\u00ed\u00bb.<\/span><\/p>\n<\/p>\n<p><span class=\"text1noticias\">En su art\u00edculo 1 el proyecto  establece como objetivo fundamental regular, sancionar y controlar los alquileres de edificios, apartamentos, habitaciones, oficinas, locales comerciales, naves industriales y otros espacios f\u00edsicos a extranjeros indocumentados.<\/span><\/p>\n<\/p>\n<p><span class=\"text1noticias\"> Se  aplicar\u00e1 a extranjeros que no han sido regulados por las instituciones competentes, creadas para tales fines.<\/span><\/p>\n<\/p>\n<p><span class=\"text1noticias\">Prev\u00e9 sanciones para los propietarios que violen las disposiciones que incluyen multas no menores de cinco ni mayor de 20 salarios m\u00ednimos del sector p\u00fablico, as\u00ed como la incautaci\u00f3n o clausura del inmueble por parte del Estado, por un per\u00edodo de entre seis y 12 meses. <\/span><\/p>\n<\/p>\n<p><span class=\"text1noticias\">\u00abEn caso de reincidencia, el propietario ser\u00e1 castigado con el pago del doble de las sanciones impuestas en el primer sometimiento\u00bb.<\/span><\/p>\n<\/p>\n<p><span class=\"text1noticias\">El proyecto de ley tambi\u00e9n contempla que cuando el extranjero indocumentado incurra en delitos, el propietario del inmueble ser\u00e1 castigado con 90 d\u00edas de trabajos sociales, reforestaci\u00f3n y limpieza de espacios p\u00fablicos. Uno de los considerandos del proyecto de ley indica que es deber del Estado dominicano adoptar los mecanismos y pol\u00edticas necesarias para garantizar la paz, tranquilidad y seguridad, en busca de conservar el equilibrio de las futuras generaciones del pueblo dominicano. <\/span><\/p>\n<\/p>\n<p><span class=\"text1noticias\">La iniciativa se presenta en el momento que el Gobierno ha dispuesto un conjunto de medidas para evitar el ingreso al pa\u00eds de inmigrantes indocumentados.<\/span><\/p>\n<\/p>\n<p><span class=\"text1noticias\">Entre las medidas el presidente Danilo Medina dispuso duplicar el n\u00famero de militares en la frontera.<\/span><\/p>\n<\/p>\n<\/p>\n<\/p>\n<h6> 2018-03-07 00:05:09 <\/h6>\n<p><!--\n<link rel=\"stylesheet\" href=\"css\/bootstrap.min.css\">\n\n\n<ul class=\"pagination\">\n\t    \n\t\n\n<li >\n\t<a href='?page_no=6466'>Previous<\/a>\n\t<\/li>\n\n\n       \n    \n\n<li><a href='?page_no=1'>1<\/a><\/li>\n\n\n\n<li><a href='?page_no=2'>2<\/a><\/li>\n\n\n\n<li><a>...<\/a><\/li>\n\n\n\n<li><a href='?page_no=6465'>6465<\/a><\/li>\n\n\n\n<li><a href='?page_no=6466'>6466<\/a><\/li>\n\n\n\n<li class='active'><a>6467<\/a><\/li>\n\n\n\n<li><a href='?page_no=6468'>6468<\/a><\/li>\n\n\n\n<li><a href='?page_no=6469'>6469<\/a><\/li>\n\n\n\n<li><a>...<\/a><\/li>\n\n\n\n<li><a href='?page_no=36999'>36999<\/a><\/li>\n\n\n\n<li><a href='?page_no=37000'>37000<\/a><\/li>\n\n    \n\t\n\n<li >\n\t<a href='?page_no=6468'>Next<\/a>\n\t<\/li>\n\n\n    \n\n<li><a href='?page_no=37000'>Last &rsaquo;&rsaquo;<\/a><\/li>\n\n<\/ul>\n\n\n--><br \/>\n<\/body><\/p>\n","protected":false},"excerpt":{"rendered":"<p>SANTO DOMINGO, RD, 6 de marzo de 2018.- El vocero del PRD en la C\u00e1mara de Diputados, Radham\u00e9s Gonz\u00e1lez someti\u00f3 este martes un proyecto de ley que impedir\u00eda alquilar viviendas a inmigrantes indocumentados o en estado de ilegalidad en Rep\u00fablica Dominicana.. Gonz\u00e1lez dijo que su proyecto no va dirigido solo a los haitianos que viven [&hellip;]<\/p>\n","protected":false},"author":3,"featured_media":0,"comment_status":"open","ping_status":"open","sticky":false,"template":"","format":"standard","meta":{"footnotes":""},"categories":[22],"tags":[],"class_list":["post-171130","post","type-post","status-publish","format-standard","hentry","category-politica"],"_links":{"self":[{"href":"https:\/\/diariodominicano.com\/index.php?rest_route=\/wp\/v2\/posts\/171130","targetHints":{"allow":["GET"]}}],"collection":[{"href":"https:\/\/diariodominicano.com\/index.php?rest_route=\/wp\/v2\/posts"}],"about":[{"href":"https:\/\/diariodominicano.com\/index.php?rest_route=\/wp\/v2\/types\/post"}],"author":[{"embeddable":true,"href":"https:\/\/diariodominicano.com\/index.php?rest_route=\/wp\/v2\/users\/3"}],"replies":[{"embeddable":true,"href":"https:\/\/diariodominicano.com\/index.php?rest_route=%2Fwp%2Fv2%2Fcomments&post=171130"}],"version-history":[{"count":0,"href":"https:\/\/diariodominicano.com\/index.php?rest_route=\/wp\/v2\/posts\/171130\/revisions"}],"wp:attachment":[{"href":"https:\/\/diariodominicano.com\/index.php?rest_route=%2Fwp%2Fv2%2Fmedia&parent=171130"}],"wp:term":[{"taxonomy":"category","embeddable":true,"href":"https:\/\/diariodominicano.com\/index.php?rest_route=%2Fwp%2Fv2%2Fcategories&post=171130"},{"taxonomy":"post_tag","embeddable":true,"href":"https:\/\/diariodominicano.com\/index.php?rest_route=%2Fwp%2Fv2%2Ftags&post=171130"}],"curies":[{"name":"wp","href":"https:\/\/api.w.org\/{rel}","templated":true}]}}