{"id":171129,"date":"2018-03-07T01:53:04","date_gmt":"2018-03-07T01:53:04","guid":{"rendered":"http:\/\/diariodominicano.ddns.net\/?p=171129"},"modified":"2018-03-07T01:53:04","modified_gmt":"2018-03-07T01:53:04","slug":"superior-tribunal-de-justicia-de-brasil-niega-habeas-corpus-a-ex-presidente-lula","status":"publish","type":"post","link":"https:\/\/diariodominicano.com\/?p=171129","title":{"rendered":"Superior Tribunal de Justicia de Brasil niega \u00abhabeas corpus\u00bb a ex presidente Lula"},"content":{"rendered":"<p><body><\/p>\n<p><img decoding=\"async\" src=\"img3\/137020712_15203879410881n.jpg\" \/><br \/><img decoding=\"async\" src=\"img3\/137020712_15203879410501n.jpg\" \/><br \/><img decoding=\"async\" src=\"img3\/137020712_15203879411211n.jpg\" \/>  <\/p>\n<p><strong>Manifestantes protestan frente al Superior Tribunal de Justicia (STJ), en Brasilia, Brasil, el 6 de marzo de 2018. La mayor\u00eda de los ministros de la Quinta C\u00e1mara del STJ de Brasil neg\u00f3 el martes la petici\u00f3n de \u00abhabeas corpus\u00bb preventivo hecho por la defensa del ex presidente brasile\u00f1o, Luiz In\u00e1cio Lula da Silva, para evitar su arresto. Los tres primeros magistrados en votar, de un total de cinco, rechazaron la petici\u00f3n. La defensa hizo la solicitud al STJ al alegar que la eventual prisi\u00f3n del ex mandatario, antes de agotar todos los recursos de apelaci\u00f3n, viola la presunci\u00f3n de inocencia. (Xinhua\/Walterson Rosa\/FRAMEPHOTO\/AGENCIA ESTADO)<\/strong><\/p>\n<p><strong>BRASILIA, 6 mar (Xinhua) &#8211;<\/strong>&#8211; La mayor\u00eda de los ministros de la Quinta C\u00e1mara del Superior Tribunal de Justicia (STJ) de Brasil neg\u00f3 hoy martes la petici\u00f3n de \u00abhabeas corpus\u00bb preventivo hecho por la defensa del ex presidente brasile\u00f1o, Luiz In\u00e1cio Lula da Silva, para evitar su arresto.<\/p>\n<\/p>\n<p><strong> <\/strong><\/p>\n<p><strong>El abogado, Sep\u00falveda Pertence, conversa con representantes de los medios de comunicaci\u00f3n en el Superior Tribunal de Justicia (STJ), en Brasilia, Brasil, el 6 de marzo de 2018. La mayor\u00eda de los ministros de la Quinta C\u00e1mara del STJ de Brasil neg\u00f3 el martes la petici\u00f3n de \u00abhabeas corpus\u00bb preventivo hecho por la defensa del ex presidente brasile\u00f1o, Luiz In\u00e1cio Lula da Silva, para evitar su arresto. Los tres primeros magistrados en votar, de un total de cinco, rechazaron la petici\u00f3n. La defensa hizo la solicitud al STJ al alegar que la eventual prisi\u00f3n del ex mandatario, antes de agotar todos los recursos de apelaci\u00f3n, viola la presunci\u00f3n de inocencia. (Xinhua\/Mateus Bonomi\/AGIF\/AGENCIA ESTADO)<\/strong><\/p>\n<p><strong> <\/strong><\/p>\n<p>Los tres primeros magistrados en votar, de un total de cinco, rechazaron la petici\u00f3n.<\/p>\n<\/p>\n<p>La defensa hizo la solicitud al STJ al alegar que la eventual prisi\u00f3n del ex mandatario, antes de agotar todos los recursos de apelaci\u00f3n, viola la presunci\u00f3n de inocencia.<\/p>\n<\/p>\n<p><strong>El ministro del Superior Tribunal de Justicia (STJ), Luis Roberto Barroso, reacciona durante una sesi\u00f3n del STJ en Brasilia, Brasil, el 6 de marzo de 2018. La mayor\u00eda de los ministros de la Quinta C\u00e1mara del STJ de Brasil neg\u00f3 el martes la petici\u00f3n de \u00abhabeas corpus\u00bb preventivo hecho por la defensa del ex presidente brasile\u00f1o, Luiz In\u00e1cio Lula da Silva, para evitar su arresto. Los tres primeros magistrados en votar, de un total de cinco, rechazaron la petici\u00f3n. La defensa hizo la solicitud al STJ al alegar que la eventual prisi\u00f3n del ex mandatario, antes de agotar todos los recursos de apelaci\u00f3n, viola la presunci\u00f3n de inocencia. (Xinhua\/Dida Sampaio\/AGENCIA ESTADO)<\/strong><\/p>\n<\/p>\n<\/p>\n<p>Lula fue condenado en enero pasado por lavado de dinero y corrupci\u00f3n pasiva en segunda instancia por el Tribunal Regional Federal de la Cuarta Regi\u00f3n (TRF-4), que aument\u00f3 su pena a 12 a\u00f1os y un mes de prisi\u00f3n en r\u00e9gimen cerrado.<\/p>\n<\/p>\n<p>La condena se refiere a la acusaci\u00f3n de supuestamente recibir un departamento triplex en la ciudad de Guaruj\u00e1, en el litoral de Sao Paulo, de la constructora OAS, a cambio de favorecer a la empresa en contratos con la petrolera estatal Petrobras.<\/p>\n<\/p>\n<p>La defensa niega las acusaciones, en funci\u00f3n de que el inmueble permaneci\u00f3 formalmente bajo propiedad de OAS, y afirma que el ex presidente fue condenado sin pruebas.<\/p>\n<\/p>\n<p><strong>El ministro del Superior Tribunal de Justicia (STJ), Luis Roberto Barroso, reacciona durante una sesi\u00f3n del STJ en Brasilia, Brasil, el 6 de marzo de 2018. La mayor\u00eda de los ministros de la Quinta C\u00e1mara del STJ de Brasil neg\u00f3 el martes la petici\u00f3n de \u00abhabeas corpus\u00bb preventivo hecho por la defensa del ex presidente brasile\u00f1o, Luiz In\u00e1cio Lula da Silva, para evitar su arresto. Los tres primeros magistrados en votar, de un total de cinco, rechazaron la petici\u00f3n. La defensa hizo la solicitud al STJ al alegar que la eventual prisi\u00f3n del ex mandatario, antes de agotar todos los recursos de apelaci\u00f3n, viola la presunci\u00f3n de inocencia. (Xinhua\/Dida Sampaio\/AGENCIA ESTADO)<\/strong><\/p>\n<\/p>\n<\/p>\n<\/p>\n<p>Los abogados presentaron ante el TRF-4 embargos declaratorios con el fin de aclarar puntos de la decisi\u00f3n, pero al mismo tiempo solicit\u00f3 al STJ un \u00abhabeas corpus\u00bb preventivo para descartar la posibilidad de ejecuci\u00f3n provisional de la pena de prisi\u00f3n.<\/p>\n<\/p>\n<p>El juez Felix Fischer, relator de la operaci\u00f3n \u00abLava Jato\u00bb (Autolavado) en el STJ, fue el primero en votar por el rechazo del \u00abhabeas corpus\u00bb preventivo a Lula.<\/p>\n<\/p>\n<p>Fische dijo que no ve ninguna \u00abilegalidad\u00bb en el cumplimiento inmediato de la pena una vez analizados los recursos en segunda instancia.<\/p>\n<\/p>\n<p>Seg\u00fan el relator, el STJ entendi\u00f3 que decretar la prisi\u00f3n tras la condena en segunda instancia no hiere el principio de la presunci\u00f3n de inocencia.<\/p>\n<\/p>\n<p>Los jueces Jorge Mussi y Reynaldo Fonseca tambi\u00e9n rechazaron la solicitud de la defensa de Lula.<\/p>\n<\/p>\n<p>El abogado Sep\u00falveda Pertence defendi\u00f3 a Lula en la tribuna y dijo que existe una \u00abfalsa presi\u00f3n de \u00f3rganos importantes de los medios para forzar su condena\u00bb.<\/p>\n<\/p>\n<p>De acuerdo con el defensor, al determinar la ejecuci\u00f3n provisional de la pena, la justicia priva al condenado de un derecho fundamental garantizado por la Constituci\u00f3n, que es la presunci\u00f3n de inocencia.<\/p>\n<\/p>\n<p>\u00abLo que se pretende (con el &#8216;habeas corpus&#8217;) es la reafirmaci\u00f3n del principio constitucional b\u00e1sico de la presunci\u00f3n de inocencia, que protege a cualquier ciudadano\u00bb, explic\u00f3.<\/p>\n<\/p>\n<p>Pertence dijo que el STJ debe cesar la orden de arresto o suspender los efectos de la decisi\u00f3n del TRF-4 al menos hasta que el Supremo Tribunal Federal (STF) juzgue nuevas acciones que tratan sobre prisi\u00f3n tras condena en segunda instancia, al afirmar que la cuesti\u00f3n \u00absigue dividiendo la Corte Suprema\u00bb.<\/p>\n<h6> 2018-03-07 01:53:04 <\/h6>\n<p><!--\n<link rel=\"stylesheet\" href=\"css\/bootstrap.min.css\">\n\n\n<ul class=\"pagination\">\n\t    \n\t\n\n<li >\n\t<a href='?page_no=6465'>Previous<\/a>\n\t<\/li>\n\n\n       \n    \n\n<li><a href='?page_no=1'>1<\/a><\/li>\n\n\n\n<li><a href='?page_no=2'>2<\/a><\/li>\n\n\n\n<li><a>...<\/a><\/li>\n\n\n\n<li><a href='?page_no=6464'>6464<\/a><\/li>\n\n\n\n<li><a href='?page_no=6465'>6465<\/a><\/li>\n\n\n\n<li class='active'><a>6466<\/a><\/li>\n\n\n\n<li><a href='?page_no=6467'>6467<\/a><\/li>\n\n\n\n<li><a href='?page_no=6468'>6468<\/a><\/li>\n\n\n\n<li><a>...<\/a><\/li>\n\n\n\n<li><a href='?page_no=36999'>36999<\/a><\/li>\n\n\n\n<li><a href='?page_no=37000'>37000<\/a><\/li>\n\n    \n\t\n\n<li >\n\t<a href='?page_no=6467'>Next<\/a>\n\t<\/li>\n\n\n    \n\n<li><a href='?page_no=37000'>Last &rsaquo;&rsaquo;<\/a><\/li>\n\n<\/ul>\n\n\n--><br \/>\n<\/body><\/p>\n","protected":false},"excerpt":{"rendered":"<p>Manifestantes protestan frente al Superior Tribunal de Justicia (STJ), en Brasilia, Brasil, el 6 de marzo de 2018. La mayor\u00eda de los ministros de la Quinta C\u00e1mara del STJ de Brasil neg\u00f3 el martes la petici\u00f3n de \u00abhabeas corpus\u00bb preventivo hecho por la defensa del ex presidente brasile\u00f1o, Luiz In\u00e1cio Lula da Silva, para evitar [&hellip;]<\/p>\n","protected":false},"author":3,"featured_media":0,"comment_status":"open","ping_status":"open","sticky":false,"template":"","format":"standard","meta":{"footnotes":""},"categories":[22],"tags":[],"class_list":["post-171129","post","type-post","status-publish","format-standard","hentry","category-politica"],"_links":{"self":[{"href":"https:\/\/diariodominicano.com\/index.php?rest_route=\/wp\/v2\/posts\/171129","targetHints":{"allow":["GET"]}}],"collection":[{"href":"https:\/\/diariodominicano.com\/index.php?rest_route=\/wp\/v2\/posts"}],"about":[{"href":"https:\/\/diariodominicano.com\/index.php?rest_route=\/wp\/v2\/types\/post"}],"author":[{"embeddable":true,"href":"https:\/\/diariodominicano.com\/index.php?rest_route=\/wp\/v2\/users\/3"}],"replies":[{"embeddable":true,"href":"https:\/\/diariodominicano.com\/index.php?rest_route=%2Fwp%2Fv2%2Fcomments&post=171129"}],"version-history":[{"count":0,"href":"https:\/\/diariodominicano.com\/index.php?rest_route=\/wp\/v2\/posts\/171129\/revisions"}],"wp:attachment":[{"href":"https:\/\/diariodominicano.com\/index.php?rest_route=%2Fwp%2Fv2%2Fmedia&parent=171129"}],"wp:term":[{"taxonomy":"category","embeddable":true,"href":"https:\/\/diariodominicano.com\/index.php?rest_route=%2Fwp%2Fv2%2Fcategories&post=171129"},{"taxonomy":"post_tag","embeddable":true,"href":"https:\/\/diariodominicano.com\/index.php?rest_route=%2Fwp%2Fv2%2Ftags&post=171129"}],"curies":[{"name":"wp","href":"https:\/\/api.w.org\/{rel}","templated":true}]}}