{"id":171128,"date":"2018-03-07T08:03:20","date_gmt":"2018-03-07T08:03:20","guid":{"rendered":"http:\/\/diariodominicano.ddns.net\/?p=171128"},"modified":"2018-03-07T08:03:20","modified_gmt":"2018-03-07T08:03:20","slug":"quique-antun-estan-vaciando-rd-para-entregarsela-a-los-haitianos","status":"publish","type":"post","link":"https:\/\/diariodominicano.com\/?p=171128","title":{"rendered":"Quique Ant\u00fan: Est\u00e1n vaciando RD para entreg\u00e1rsela a los haitianos"},"content":{"rendered":"<p><body><\/p>\n<p><img decoding=\"async\" src=\"img3\/Quique7.jpg\" \/>  <\/p>\n<p><span class=\"text1noticias\">Por Ram\u00f3n Mercedes<\/span><\/p>\n<p><span class=\"text1noticias\"> <\/span><\/p>\n<p><span class=\"text1noticias\">NUEVA YORK, 7 de marzo, 2018.- El presidente del Partido Reformista Social Cristiano (PRSC), Quique Ant\u00fan, afirm\u00f3 durante un encuentro con dirigentes de las diferentes filiales de la Circunscripci\u00f3n Uno, celebrado el pasado domingo en esta ciudad, que est\u00e1n vaciando la Rep\u00fablica Dominicana para entreg\u00e1rsela a los haitianos.<\/span><\/p>\n<p><span class=\"text1noticias\"> <\/span><\/p>\n<p><span class=\"text1noticias\">\u00abEs la realidad, eso est\u00e1 planificado y nosotros tenemos que revertir eso y una manera es que los dominicanos en el exterior que pasen de los 65 a\u00f1os y quieran regresar al pa\u00eds, exonerarlos de todo tipo de impuestos, hasta el ITBI deber\u00edan estar exento, y cuando fallezcan, sus hijos s\u00ed tendr\u00e1n que pagar impuestos\u00bb, dijo.<\/span><\/p>\n<p><span class=\"text1noticias\"> <\/span><\/p>\n<p><span class=\"text1noticias\">\u00abPanam\u00e1 y Costa Rica, entre otros pa\u00edses, le dan un sin n\u00famero de facilidades a sus gentes cuando regresan y por qu\u00e9 RD no lo puede hacer\u00bb, se pregunt\u00f3.<\/span><\/p>\n<p><span class=\"text1noticias\"> <\/span><\/p>\n<p><span class=\"text1noticias\">\u00abCuando nuestras gentes regresan creyendo que van a vivir en el pa\u00eds que dejaron, quiz\u00e1s porque fue un exiliado econ\u00f3mico, pero no porque en RD no hubiera paz, orden y seguridad, en ese entonces nuestro pa\u00eds era de lo m\u00e1s seguros del mundo pero hoy en d\u00eda es de los pa\u00edses m\u00e1s inseguros\u00bb, agreg\u00f3.<\/span><\/p>\n<p><span class=\"text1noticias\"> <\/span><\/p>\n<p><span class=\"text1noticias\">Dijo que en la RD en los \u00faltimos 20 a\u00f1os se entroniz\u00f3 el desorden, el desinter\u00e9s, la indiferencia, la codicia por el dinero. \u00abNuestro pa\u00eds tiene de todo para ser maravilloso, pero hemos relegado todo lo que es la esencia misma de la dominicanidad, y hay que rescatarlo con la ayuda de Dios y esfuerzos de los buenos dominicanos\u00bb, expres\u00f3.<\/span><\/p>\n<p><span class=\"text1noticias\"> <\/span><\/p>\n<p><span class=\"text1noticias\">Precis\u00f3 que la democracia es respeto a la ley, pero hay un desorden en dominicana y los de arriba son los que han entronizado el desorden para ellos poder hacer lo que han hecho. RD requiere orden, de una mano firme, queremos una persona que act\u00fae con responsabilidad y no con indiferencia.<\/span><\/p>\n<p><span class=\"text1noticias\"> <\/span><\/p>\n<p><span class=\"text1noticias\">\u00abEl pa\u00eds nuestro tiene que tomar nuevamente la ruta del orden y disciplina, como lo hicieron Korea y Taiw\u00e1n necesitamos la imposici\u00f3n del orden y respeto a la ley, en quisqueya reina la brillantez de tener las cosas f\u00e1cil\u00bb, dijo el dirigente<\/span> pol\u00edtico.<\/p>\n<\/p>\n<h6> 2018-03-07 08:03:20 <\/h6>\n<p><!--\n<link rel=\"stylesheet\" href=\"css\/bootstrap.min.css\">\n\n\n<ul class=\"pagination\">\n\t    \n\t\n\n<li >\n\t<a href='?page_no=6464'>Previous<\/a>\n\t<\/li>\n\n\n       \n    \n\n<li><a href='?page_no=1'>1<\/a><\/li>\n\n\n\n<li><a href='?page_no=2'>2<\/a><\/li>\n\n\n\n<li><a>...<\/a><\/li>\n\n\n\n<li><a href='?page_no=6463'>6463<\/a><\/li>\n\n\n\n<li><a href='?page_no=6464'>6464<\/a><\/li>\n\n\n\n<li class='active'><a>6465<\/a><\/li>\n\n\n\n<li><a href='?page_no=6466'>6466<\/a><\/li>\n\n\n\n<li><a href='?page_no=6467'>6467<\/a><\/li>\n\n\n\n<li><a>...<\/a><\/li>\n\n\n\n<li><a href='?page_no=36999'>36999<\/a><\/li>\n\n\n\n<li><a href='?page_no=37000'>37000<\/a><\/li>\n\n    \n\t\n\n<li >\n\t<a href='?page_no=6466'>Next<\/a>\n\t<\/li>\n\n\n    \n\n<li><a href='?page_no=37000'>Last &rsaquo;&rsaquo;<\/a><\/li>\n\n<\/ul>\n\n\n--><br \/>\n<\/body><\/p>\n","protected":false},"excerpt":{"rendered":"<p>Por Ram\u00f3n Mercedes NUEVA YORK, 7 de marzo, 2018.- El presidente del Partido Reformista Social Cristiano (PRSC), Quique Ant\u00fan, afirm\u00f3 durante un encuentro con dirigentes de las diferentes filiales de la Circunscripci\u00f3n Uno, celebrado el pasado domingo en esta ciudad, que est\u00e1n vaciando la Rep\u00fablica Dominicana para entreg\u00e1rsela a los haitianos. \u00abEs la realidad, eso [&hellip;]<\/p>\n","protected":false},"author":3,"featured_media":0,"comment_status":"open","ping_status":"open","sticky":false,"template":"","format":"standard","meta":{"footnotes":""},"categories":[22],"tags":[],"class_list":["post-171128","post","type-post","status-publish","format-standard","hentry","category-politica"],"_links":{"self":[{"href":"https:\/\/diariodominicano.com\/index.php?rest_route=\/wp\/v2\/posts\/171128","targetHints":{"allow":["GET"]}}],"collection":[{"href":"https:\/\/diariodominicano.com\/index.php?rest_route=\/wp\/v2\/posts"}],"about":[{"href":"https:\/\/diariodominicano.com\/index.php?rest_route=\/wp\/v2\/types\/post"}],"author":[{"embeddable":true,"href":"https:\/\/diariodominicano.com\/index.php?rest_route=\/wp\/v2\/users\/3"}],"replies":[{"embeddable":true,"href":"https:\/\/diariodominicano.com\/index.php?rest_route=%2Fwp%2Fv2%2Fcomments&post=171128"}],"version-history":[{"count":0,"href":"https:\/\/diariodominicano.com\/index.php?rest_route=\/wp\/v2\/posts\/171128\/revisions"}],"wp:attachment":[{"href":"https:\/\/diariodominicano.com\/index.php?rest_route=%2Fwp%2Fv2%2Fmedia&parent=171128"}],"wp:term":[{"taxonomy":"category","embeddable":true,"href":"https:\/\/diariodominicano.com\/index.php?rest_route=%2Fwp%2Fv2%2Fcategories&post=171128"},{"taxonomy":"post_tag","embeddable":true,"href":"https:\/\/diariodominicano.com\/index.php?rest_route=%2Fwp%2Fv2%2Ftags&post=171128"}],"curies":[{"name":"wp","href":"https:\/\/api.w.org\/{rel}","templated":true}]}}