{"id":171127,"date":"2018-03-07T10:29:36","date_gmt":"2018-03-07T10:29:36","guid":{"rendered":"http:\/\/diariodominicano.ddns.net\/?p=171127"},"modified":"2018-03-07T10:29:36","modified_gmt":"2018-03-07T10:29:36","slug":"fausto-diaz-resalta-su-propuesta-nacion-y-afirma-que-los-corruptos-del-pld-seran-derrotados","status":"publish","type":"post","link":"https:\/\/diariodominicano.com\/?p=171127","title":{"rendered":"Fausto D\u00edaz resalta su propuesta naci\u00f3n y afirma que los corruptos del PLD ser\u00e1n derrotados&#13;"},"content":{"rendered":"<p><body><\/p>\n<p><img decoding=\"async\" src=\"img3\/fdiaz.jpg\" \/>  <\/p>\n<p>El presidente del movimiento pol\u00edtico Ciudadanos en Marcha, se\u00f1or Fausto D\u00edaz, particip\u00f3 de manera destacada en el \u00abDialogo con Candidatos Emergentes\u00bb que realiz\u00f3 el programa Show del Medio D\u00eda.<\/p>\n<\/p>\n<p>Dicho dialogo se realiz\u00f3 con el objetivo de conocer las propuestas de los diferentes aspirantes a la presidencia del pa\u00eds de cara a las elecciones del a\u00f1o 2020. <\/p>\n<\/p>\n<p>Durante el encuentro el se\u00f1or Fausto D\u00edaz resalt\u00f3 que \u00abhay que  derrotar al PLD\u00bb un partido lleno de corruptos, que buscan la reelecci\u00f3n o mantenerse en el poder con el fin de seguir enlodando la naci\u00f3n. <\/p>\n<\/p>\n<p>D\u00edaz expuso que la problem\u00e1tica de la migraci\u00f3n haitiana se debe en gran parte a la irresponsabilidad de un gobierno blandengue, que ha hecho de un negocio la violaci\u00f3n de nuestra soberan\u00eda t\u00edpico de su actitud corrupta, y eso es inaceptable.<\/p>\n<\/p>\n<p>En su ponencia, D\u00edaz  respondi\u00f3 a Abigail que \u00abesto no es moda, estoy en pol\u00edtica por un deber y una necesidad de cambiar, porque si no cambiamos este pa\u00eds se va al fondo del mar, no se necesita ninguna marca de partido tradicional, Se necesita representar  los intereses de los ciudadanos  dominicanos\u00bb.<\/p>\n<\/p>\n<p>\u00abDebemos ser firmes en defensa de nuestra democracia y no podemos permitir que la familia Trujillo pretenda nuevamente recordarnos la dictadura corrupta, sangrienta y criminal\u00bb<\/p>\n<\/p>\n<p>Tambi\u00e9n destac\u00f3 la importancia del empoderamiento ciudadano, expresando que tendr\u00e1 en \u00e9l, un luchador incansable de las causas justas  ya que se necesitan hombres que tengan fe y temor a Dios. <\/p>\n<\/p>\n<p>Este encuentro dur\u00f3 alrededor de 60 minutos, donde los  candidatos dieron a conocer  sus diferentes propuestas al p\u00fablico televidente y al grupo de panelistas presentes, integrado por Rafael Ventura, Abigail Soto, Ivonne Ferreras, Salvador S\u00e1nchez, Iv\u00e1n Ru\u00edz y Graimel M\u00e9ndez.<\/p>\n<h6> 2018-03-07 10:29:36 <\/h6>\n<p><!--\n<link rel=\"stylesheet\" href=\"css\/bootstrap.min.css\">\n\n\n<ul class=\"pagination\">\n\t    \n\t\n\n<li >\n\t<a href='?page_no=6463'>Previous<\/a>\n\t<\/li>\n\n\n       \n    \n\n<li><a href='?page_no=1'>1<\/a><\/li>\n\n\n\n<li><a href='?page_no=2'>2<\/a><\/li>\n\n\n\n<li><a>...<\/a><\/li>\n\n\n\n<li><a href='?page_no=6462'>6462<\/a><\/li>\n\n\n\n<li><a href='?page_no=6463'>6463<\/a><\/li>\n\n\n\n<li class='active'><a>6464<\/a><\/li>\n\n\n\n<li><a href='?page_no=6465'>6465<\/a><\/li>\n\n\n\n<li><a href='?page_no=6466'>6466<\/a><\/li>\n\n\n\n<li><a>...<\/a><\/li>\n\n\n\n<li><a href='?page_no=36999'>36999<\/a><\/li>\n\n\n\n<li><a href='?page_no=37000'>37000<\/a><\/li>\n\n    \n\t\n\n<li >\n\t<a href='?page_no=6465'>Next<\/a>\n\t<\/li>\n\n\n    \n\n<li><a href='?page_no=37000'>Last &rsaquo;&rsaquo;<\/a><\/li>\n\n<\/ul>\n\n\n--><br \/>\n<\/body><\/p>\n","protected":false},"excerpt":{"rendered":"<p>El presidente del movimiento pol\u00edtico Ciudadanos en Marcha, se\u00f1or Fausto D\u00edaz, particip\u00f3 de manera destacada en el \u00abDialogo con Candidatos Emergentes\u00bb que realiz\u00f3 el programa Show del Medio D\u00eda. Dicho dialogo se realiz\u00f3 con el objetivo de conocer las propuestas de los diferentes aspirantes a la presidencia del pa\u00eds de cara a las elecciones del [&hellip;]<\/p>\n","protected":false},"author":3,"featured_media":0,"comment_status":"open","ping_status":"open","sticky":false,"template":"","format":"standard","meta":{"footnotes":""},"categories":[22],"tags":[],"class_list":["post-171127","post","type-post","status-publish","format-standard","hentry","category-politica"],"_links":{"self":[{"href":"https:\/\/diariodominicano.com\/index.php?rest_route=\/wp\/v2\/posts\/171127","targetHints":{"allow":["GET"]}}],"collection":[{"href":"https:\/\/diariodominicano.com\/index.php?rest_route=\/wp\/v2\/posts"}],"about":[{"href":"https:\/\/diariodominicano.com\/index.php?rest_route=\/wp\/v2\/types\/post"}],"author":[{"embeddable":true,"href":"https:\/\/diariodominicano.com\/index.php?rest_route=\/wp\/v2\/users\/3"}],"replies":[{"embeddable":true,"href":"https:\/\/diariodominicano.com\/index.php?rest_route=%2Fwp%2Fv2%2Fcomments&post=171127"}],"version-history":[{"count":0,"href":"https:\/\/diariodominicano.com\/index.php?rest_route=\/wp\/v2\/posts\/171127\/revisions"}],"wp:attachment":[{"href":"https:\/\/diariodominicano.com\/index.php?rest_route=%2Fwp%2Fv2%2Fmedia&parent=171127"}],"wp:term":[{"taxonomy":"category","embeddable":true,"href":"https:\/\/diariodominicano.com\/index.php?rest_route=%2Fwp%2Fv2%2Fcategories&post=171127"},{"taxonomy":"post_tag","embeddable":true,"href":"https:\/\/diariodominicano.com\/index.php?rest_route=%2Fwp%2Fv2%2Ftags&post=171127"}],"curies":[{"name":"wp","href":"https:\/\/api.w.org\/{rel}","templated":true}]}}