{"id":171124,"date":"2018-03-07T11:31:43","date_gmt":"2018-03-07T11:31:43","guid":{"rendered":"http:\/\/diariodominicano.ddns.net\/?p=171124"},"modified":"2018-03-07T11:31:43","modified_gmt":"2018-03-07T11:31:43","slug":"secretaria-de-la-mujer-del-pld-organiza-encuentro-en-su-casa-nacional","status":"publish","type":"post","link":"https:\/\/diariodominicano.com\/?p=171124","title":{"rendered":"Secretar\u00eda de la Mujer del PLD organiza encuentro  en su Casa Nacional"},"content":{"rendered":"<p><body><\/p>\n<p>La Secretar\u00eda de la Mujer del Partido de la Liberaci\u00f3n Dominicana se reunir\u00e1 este jueves   para la celebraci\u00f3n del D\u00eda Internacional de la Mujer, con una ofrenda floral al profesor Juan Bosch en su busto en los jardines de la Casa Nacional pelede\u00edsta.<\/p>\n<\/p>\n<p>Por la v\u00eda habitual se est\u00e1 convocando para las ocho  de la ma\u00f1ana a subir las banderas nacional y la del PLD en los jardines de la Casa Nacional  y luego  en el  sal\u00f3n de recepci\u00f3n de la Casa Nacional del PLD en Gascue se dar\u00e1  lectura de un documento fijando su posici\u00f3n  con motivo de su D\u00eda Internacional de la Mujer.<\/p>\n<\/p>\n<p>El documento se expondr\u00e1 ante la representaci\u00f3n de los medios de comunicaci\u00f3n, por lo que formalmente se est\u00e1 convocando a reporteros, redactores y corresponsales a participar de dicho encuentro.<\/p>\n<\/p>\n<p>Encuentro de la Secretaria de la Mujer del PLD en el   D\u00eda Internacional de la Mujer<\/p>\n<\/p>\n<\/p>\n<p>Lugar:                           Casa Nacional del PLD<\/p>\n<\/p>\n<p>Hora:                             8.00 AM<\/p>\n<\/p>\n<p>D\u00eda:                               jueves 8 marzo 2018.<\/p>\n<h6> 2018-03-07 11:31:43 <\/h6>\n<p><!--\n<link rel=\"stylesheet\" href=\"css\/bootstrap.min.css\">\n\n\n<ul class=\"pagination\">\n\t    \n\t\n\n<li >\n\t<a href='?page_no=6460'>Previous<\/a>\n\t<\/li>\n\n\n       \n    \n\n<li><a href='?page_no=1'>1<\/a><\/li>\n\n\n\n<li><a href='?page_no=2'>2<\/a><\/li>\n\n\n\n<li><a>...<\/a><\/li>\n\n\n\n<li><a href='?page_no=6459'>6459<\/a><\/li>\n\n\n\n<li><a href='?page_no=6460'>6460<\/a><\/li>\n\n\n\n<li class='active'><a>6461<\/a><\/li>\n\n\n\n<li><a href='?page_no=6462'>6462<\/a><\/li>\n\n\n\n<li><a href='?page_no=6463'>6463<\/a><\/li>\n\n\n\n<li><a>...<\/a><\/li>\n\n\n\n<li><a href='?page_no=36999'>36999<\/a><\/li>\n\n\n\n<li><a href='?page_no=37000'>37000<\/a><\/li>\n\n    \n\t\n\n<li >\n\t<a href='?page_no=6462'>Next<\/a>\n\t<\/li>\n\n\n    \n\n<li><a href='?page_no=37000'>Last &rsaquo;&rsaquo;<\/a><\/li>\n\n<\/ul>\n\n\n--><br \/>\n<\/body><\/p>\n","protected":false},"excerpt":{"rendered":"<p>La Secretar\u00eda de la Mujer del Partido de la Liberaci\u00f3n Dominicana se reunir\u00e1 este jueves para la celebraci\u00f3n del D\u00eda Internacional de la Mujer, con una ofrenda floral al profesor Juan Bosch en su busto en los jardines de la Casa Nacional pelede\u00edsta. Por la v\u00eda habitual se est\u00e1 convocando para las ocho de la [&hellip;]<\/p>\n","protected":false},"author":3,"featured_media":0,"comment_status":"open","ping_status":"open","sticky":false,"template":"","format":"standard","meta":{"footnotes":""},"categories":[22],"tags":[],"class_list":["post-171124","post","type-post","status-publish","format-standard","hentry","category-politica"],"_links":{"self":[{"href":"https:\/\/diariodominicano.com\/index.php?rest_route=\/wp\/v2\/posts\/171124","targetHints":{"allow":["GET"]}}],"collection":[{"href":"https:\/\/diariodominicano.com\/index.php?rest_route=\/wp\/v2\/posts"}],"about":[{"href":"https:\/\/diariodominicano.com\/index.php?rest_route=\/wp\/v2\/types\/post"}],"author":[{"embeddable":true,"href":"https:\/\/diariodominicano.com\/index.php?rest_route=\/wp\/v2\/users\/3"}],"replies":[{"embeddable":true,"href":"https:\/\/diariodominicano.com\/index.php?rest_route=%2Fwp%2Fv2%2Fcomments&post=171124"}],"version-history":[{"count":0,"href":"https:\/\/diariodominicano.com\/index.php?rest_route=\/wp\/v2\/posts\/171124\/revisions"}],"wp:attachment":[{"href":"https:\/\/diariodominicano.com\/index.php?rest_route=%2Fwp%2Fv2%2Fmedia&parent=171124"}],"wp:term":[{"taxonomy":"category","embeddable":true,"href":"https:\/\/diariodominicano.com\/index.php?rest_route=%2Fwp%2Fv2%2Fcategories&post=171124"},{"taxonomy":"post_tag","embeddable":true,"href":"https:\/\/diariodominicano.com\/index.php?rest_route=%2Fwp%2Fv2%2Ftags&post=171124"}],"curies":[{"name":"wp","href":"https:\/\/api.w.org\/{rel}","templated":true}]}}