{"id":171123,"date":"2018-03-07T11:57:19","date_gmt":"2018-03-07T11:57:19","guid":{"rendered":"http:\/\/diariodominicano.ddns.net\/?p=171123"},"modified":"2018-03-07T11:57:19","modified_gmt":"2018-03-07T11:57:19","slug":"hipolito-mejia-%c2%a8la-mujer-dominicana-continua-dando-muestras-de-decision-determinacion-y-arrojo-por-sus-derechos-%c2%a8","status":"publish","type":"post","link":"https:\/\/diariodominicano.com\/?p=171123","title":{"rendered":"Hip\u00f3lito Mej\u00eda : \u00a8La mujer dominicana contin\u00faa dando muestras de decisi\u00f3n, determinaci\u00f3n y arrojo por sus Derechos.\u00a8"},"content":{"rendered":"<p><body><\/p>\n<p>El ex presidente Hip\u00f3lito Mej\u00eda manifest\u00f3 que la mujer dominicana contin\u00faa dando muestras fehacientes de decisi\u00f3n, determinaci\u00f3n y arrojo en la defensa de su derecho a participar, de manera plena e igualitaria, en la vida pol\u00edtica, social y econ\u00f3mica de nuestro pa\u00eds.<\/p>\n<\/p>\n<p>En un mensaje a la naci\u00f3n con motivo de la celebraci\u00f3n este 8 de marzo, El D\u00eda Internacional de la Mujer, el ex mandatario expresa  \u00bb Su deseo de superar el rezago impuesto por desafortunados c\u00e1nones de nuestra cultura, predominantemente machista,  les ha permitido reclamar el justo sitial de la equidad de g\u00e9nero, demostrando, en una evidente sucesi\u00f3n de posicionamiento y \u00e9xitos, que pueden alcanzar niveles de desempe\u00f1o que superan con creces los estereotipos sociales a que hemos estado acostumbrados\u00bb.<\/p>\n<\/p>\n<p>\u00abMuestra de ello, la cifra de mujeres inscritas en nuestras universidades representa casi dos tercios del total de la matr\u00edcula en la educaci\u00f3n superior, y sus \u00edndices de rendimiento acad\u00e9mico superan con creces al de los alumnos del sexo masculino\u00bb, expresa.<\/p>\n<\/p>\n<p>Afirma que, no obstante, persisten todav\u00eda las lacras de la violencia de g\u00e9nero, la discriminaci\u00f3n en el salario y el empleo, la dificultad para acceder al trabajo formal, la elevada brecha en la carga del trabajo dom\u00e9stico no remunerado, el matrimonio infantil y la falta de reconocimiento a los derechos, que al igual que a los hombres, le acuerdan la Constituci\u00f3n y las Leyes.<\/p>\n<\/p>\n<p>Finalmente afirma\u00bb Por ello, al conmemorar el \u00abD\u00eda Internacional de la Mujer\u00bb, felicito sinceramente a la mujer dominicana, que sin lugar a dudas ha ganado el reconocimiento de su puesto en la sociedad, y abogo, al mismo tiempo, para que juntos perseveremos en la inminente necesidad de luchar por el acceso igualitario de la mujer a los estamentos del poder pol\u00edtico para lograr su verdadero empoderamiento, sin demoras, porque \u00abAhora es el Momento\u00bb.<\/p>\n<\/p>\n<p>Andr\u00e9s Matos<\/p>\n<h6> 2018-03-07 11:57:19 <\/h6>\n<p><!--\n<link rel=\"stylesheet\" href=\"css\/bootstrap.min.css\">\n\n\n<ul class=\"pagination\">\n\t    \n\t\n\n<li >\n\t<a href='?page_no=6459'>Previous<\/a>\n\t<\/li>\n\n\n       \n    \n\n<li><a href='?page_no=1'>1<\/a><\/li>\n\n\n\n<li><a href='?page_no=2'>2<\/a><\/li>\n\n\n\n<li><a>...<\/a><\/li>\n\n\n\n<li><a href='?page_no=6458'>6458<\/a><\/li>\n\n\n\n<li><a href='?page_no=6459'>6459<\/a><\/li>\n\n\n\n<li class='active'><a>6460<\/a><\/li>\n\n\n\n<li><a href='?page_no=6461'>6461<\/a><\/li>\n\n\n\n<li><a href='?page_no=6462'>6462<\/a><\/li>\n\n\n\n<li><a>...<\/a><\/li>\n\n\n\n<li><a href='?page_no=36999'>36999<\/a><\/li>\n\n\n\n<li><a href='?page_no=37000'>37000<\/a><\/li>\n\n    \n\t\n\n<li >\n\t<a href='?page_no=6461'>Next<\/a>\n\t<\/li>\n\n\n    \n\n<li><a href='?page_no=37000'>Last &rsaquo;&rsaquo;<\/a><\/li>\n\n<\/ul>\n\n\n--><br \/>\n<\/body><\/p>\n","protected":false},"excerpt":{"rendered":"<p>El ex presidente Hip\u00f3lito Mej\u00eda manifest\u00f3 que la mujer dominicana contin\u00faa dando muestras fehacientes de decisi\u00f3n, determinaci\u00f3n y arrojo en la defensa de su derecho a participar, de manera plena e igualitaria, en la vida pol\u00edtica, social y econ\u00f3mica de nuestro pa\u00eds. En un mensaje a la naci\u00f3n con motivo de la celebraci\u00f3n este 8 [&hellip;]<\/p>\n","protected":false},"author":3,"featured_media":0,"comment_status":"open","ping_status":"open","sticky":false,"template":"","format":"standard","meta":{"footnotes":""},"categories":[22],"tags":[],"class_list":["post-171123","post","type-post","status-publish","format-standard","hentry","category-politica"],"_links":{"self":[{"href":"https:\/\/diariodominicano.com\/index.php?rest_route=\/wp\/v2\/posts\/171123","targetHints":{"allow":["GET"]}}],"collection":[{"href":"https:\/\/diariodominicano.com\/index.php?rest_route=\/wp\/v2\/posts"}],"about":[{"href":"https:\/\/diariodominicano.com\/index.php?rest_route=\/wp\/v2\/types\/post"}],"author":[{"embeddable":true,"href":"https:\/\/diariodominicano.com\/index.php?rest_route=\/wp\/v2\/users\/3"}],"replies":[{"embeddable":true,"href":"https:\/\/diariodominicano.com\/index.php?rest_route=%2Fwp%2Fv2%2Fcomments&post=171123"}],"version-history":[{"count":0,"href":"https:\/\/diariodominicano.com\/index.php?rest_route=\/wp\/v2\/posts\/171123\/revisions"}],"wp:attachment":[{"href":"https:\/\/diariodominicano.com\/index.php?rest_route=%2Fwp%2Fv2%2Fmedia&parent=171123"}],"wp:term":[{"taxonomy":"category","embeddable":true,"href":"https:\/\/diariodominicano.com\/index.php?rest_route=%2Fwp%2Fv2%2Fcategories&post=171123"},{"taxonomy":"post_tag","embeddable":true,"href":"https:\/\/diariodominicano.com\/index.php?rest_route=%2Fwp%2Fv2%2Ftags&post=171123"}],"curies":[{"name":"wp","href":"https:\/\/api.w.org\/{rel}","templated":true}]}}