{"id":171121,"date":"2018-03-07T12:15:29","date_gmt":"2018-03-07T12:15:29","guid":{"rendered":"http:\/\/diariodominicano.ddns.net\/?p=171121"},"modified":"2018-03-07T12:15:29","modified_gmt":"2018-03-07T12:15:29","slug":"david-collado-brinda-su-apoyo-a-carolina-mejia-en-aspiraciones-a-la-secretaria-general-prm","status":"publish","type":"post","link":"https:\/\/diariodominicano.com\/?p=171121","title":{"rendered":"David Collado brinda su apoyo a Carolina Mej\u00eda en aspiraciones a la Secretar\u00eda General PRM"},"content":{"rendered":"<p><body><\/p>\n<p><img decoding=\"async\" src=\"img3\/dcollado.jpg\" \/>  <\/p>\n<p>SANTO DOMINGO.- La Candidata a la Secretar\u00eda General por el Partido Revolucionario Moderno (PRM), Carolina Mej\u00eda, recibi\u00f3 este martes el apoyo del Alcalde del Distrito Nacional David Collado, en un acto multitudinario que se realiz\u00f3 en el Club Miramar en la Circunscripci\u00f3n #1 del Distrito Nacional, en el que tambi\u00e9n se dieron cita otros aspirantes a los distintos organismos de ese partido.<\/p>\n<\/p>\n<p>Collado; que hasta el momento se hab\u00eda mantenido neutral en la contienda interna que se libra en el PRM por los distintos puestos directivos, manifest\u00f3 que su amistad y hermandad con Carolina Mej\u00eda, son m\u00e1s fuertes que las razones por la que decidi\u00f3 mantenerse al margen en este proceso.<\/p>\n<\/p>\n<p>Asimismo el tambi\u00e9n miembro de la Direcci\u00f3n Ejecutiva del PRM, asegur\u00f3 a Carolina Mej\u00eda que puede estar m\u00e1s que segura que cuenta con su respaldo, apoyo y cari\u00f1o en este proceso convencional; y que su hermandad con ella es incuestionable.<\/p>\n<\/p>\n<p>\u00abHoy estoy aqu\u00ed con el coraz\u00f3n, apoyando a una hermana m\u00eda, por lo que vine hoy simplemente a decirle a ella que cuenta con mi cari\u00f1o y con mi apoyo\u00bb. Dijo enf\u00e1tico el Alcalde capitalino.<\/p>\n<\/p>\n<p>De su lado la tambi\u00e9n excandidata a la vicepresidencia en la contienda electoral pasada, agradeci\u00f3 el apoyo ofrecido por el Alcalde y los cientos de dirigentes y militantes que asistieron al acto, a los que dijo estar acorde con los ideales y accionar de Collado, pues al igual que ella, \u00e9l representa una forma diferente de hacer pol\u00edtica, enfocada en el trabajo y los valores.<\/p>\n<\/p>\n<p>Carolina Mej\u00eda expres\u00f3 que su aspiraci\u00f3n responde al inter\u00e9s de fortalecer el partido y desarrollar el potencial que tienen los militantes para encausarlo a lograr el triunfo que tanto han so\u00f1ado los perreme\u00edstas y construir un instrumento con capacidad para sacar al PLD del poder.<\/p>\n<\/p>\n<p>\u00abMe comprometo ante ustedes, justo el d\u00eda que conmemoramos el natalicio del l\u00edder hist\u00f3rico del PRM, Jos\u00e9 Francisco Pe\u00f1a G\u00f3mez a construir el instrumento con el sacaremos al PLD del poder. Y con su trabajo vamos a transformar el partido para ponerlo como pe\u00f1a siempre quiso al servicio de la gente\u00bb. Expres\u00f3 Carolina Mej\u00eda.<\/p>\n<\/p>\n<p>Dicho estuvo encabezado por el Alcalde del Distrito Nacional, David Collado y estuvieron presentes Stalin Alc\u00e1ntara, Sory Gal\u00e1n, Raudy Vargas, Diputado Jean Luis Rodr\u00edguez, los regidores Eliazar Reynoso, Mireya Mazara y Eliazer Matos Feliz; Juan Garrigo Mej\u00eda, Carolina Serrata M\u00e9ndez, Jos\u00e9 Julio G\u00f3mez, Maribel Hern\u00e1ndez, Jos\u00e9 Manuel Caraballo G\u00f3mez  y candidatos a cargos a presidentes, vicepresidentes, secretarios generales y subsecretarios en los Consejos Zonales de referida circunscripci\u00f3n #1 de la capital.<\/p>\n<h6> 2018-03-07 12:15:29 <\/h6>\n<p><!--\n<link rel=\"stylesheet\" href=\"css\/bootstrap.min.css\">\n\n\n<ul class=\"pagination\">\n\t    \n\t\n\n<li >\n\t<a href='?page_no=6458'>Previous<\/a>\n\t<\/li>\n\n\n       \n    \n\n<li><a href='?page_no=1'>1<\/a><\/li>\n\n\n\n<li><a href='?page_no=2'>2<\/a><\/li>\n\n\n\n<li><a>...<\/a><\/li>\n\n\n\n<li><a href='?page_no=6457'>6457<\/a><\/li>\n\n\n\n<li><a href='?page_no=6458'>6458<\/a><\/li>\n\n\n\n<li class='active'><a>6459<\/a><\/li>\n\n\n\n<li><a href='?page_no=6460'>6460<\/a><\/li>\n\n\n\n<li><a href='?page_no=6461'>6461<\/a><\/li>\n\n\n\n<li><a>...<\/a><\/li>\n\n\n\n<li><a href='?page_no=36999'>36999<\/a><\/li>\n\n\n\n<li><a href='?page_no=37000'>37000<\/a><\/li>\n\n    \n\t\n\n<li >\n\t<a href='?page_no=6460'>Next<\/a>\n\t<\/li>\n\n\n    \n\n<li><a href='?page_no=37000'>Last &rsaquo;&rsaquo;<\/a><\/li>\n\n<\/ul>\n\n\n--><br \/>\n<\/body><\/p>\n","protected":false},"excerpt":{"rendered":"<p>SANTO DOMINGO.- La Candidata a la Secretar\u00eda General por el Partido Revolucionario Moderno (PRM), Carolina Mej\u00eda, recibi\u00f3 este martes el apoyo del Alcalde del Distrito Nacional David Collado, en un acto multitudinario que se realiz\u00f3 en el Club Miramar en la Circunscripci\u00f3n #1 del Distrito Nacional, en el que tambi\u00e9n se dieron cita otros aspirantes [&hellip;]<\/p>\n","protected":false},"author":3,"featured_media":0,"comment_status":"open","ping_status":"open","sticky":false,"template":"","format":"standard","meta":{"footnotes":""},"categories":[22],"tags":[],"class_list":["post-171121","post","type-post","status-publish","format-standard","hentry","category-politica"],"_links":{"self":[{"href":"https:\/\/diariodominicano.com\/index.php?rest_route=\/wp\/v2\/posts\/171121","targetHints":{"allow":["GET"]}}],"collection":[{"href":"https:\/\/diariodominicano.com\/index.php?rest_route=\/wp\/v2\/posts"}],"about":[{"href":"https:\/\/diariodominicano.com\/index.php?rest_route=\/wp\/v2\/types\/post"}],"author":[{"embeddable":true,"href":"https:\/\/diariodominicano.com\/index.php?rest_route=\/wp\/v2\/users\/3"}],"replies":[{"embeddable":true,"href":"https:\/\/diariodominicano.com\/index.php?rest_route=%2Fwp%2Fv2%2Fcomments&post=171121"}],"version-history":[{"count":0,"href":"https:\/\/diariodominicano.com\/index.php?rest_route=\/wp\/v2\/posts\/171121\/revisions"}],"wp:attachment":[{"href":"https:\/\/diariodominicano.com\/index.php?rest_route=%2Fwp%2Fv2%2Fmedia&parent=171121"}],"wp:term":[{"taxonomy":"category","embeddable":true,"href":"https:\/\/diariodominicano.com\/index.php?rest_route=%2Fwp%2Fv2%2Fcategories&post=171121"},{"taxonomy":"post_tag","embeddable":true,"href":"https:\/\/diariodominicano.com\/index.php?rest_route=%2Fwp%2Fv2%2Ftags&post=171121"}],"curies":[{"name":"wp","href":"https:\/\/api.w.org\/{rel}","templated":true}]}}