{"id":171120,"date":"2018-03-07T12:49:50","date_gmt":"2018-03-07T12:49:50","guid":{"rendered":"http:\/\/diariodominicano.ddns.net\/?p=171120"},"modified":"2018-03-07T12:49:50","modified_gmt":"2018-03-07T12:49:50","slug":"lidio-cadet-dice-poder-ejecutivo-hace-bien-dejando-al-ministerio-hacer-su-trabajo","status":"publish","type":"post","link":"https:\/\/diariodominicano.com\/?p=171120","title":{"rendered":"Lidio Cadet dice poder ejecutivo hace bien dejando al ministerio hacer su trabajo"},"content":{"rendered":"<p><body><\/p>\n<p><img decoding=\"async\" src=\"img3\/lid1.jpg\" \/>  <\/p>\n<\/p>\n<p>SANTO DOMINGO, RD, 7 de marzo de 2018.- Lidio Cadet, miembro del Comit\u00e9 Pol\u00edtico del Partido de la Liberaci\u00f3n Dominicana (PLD), defendi\u00f3 el papel desempe\u00f1ado por el poder ejecutivo en los casos judiciales en lo que no est\u00e1 llamado a intervenir por la independencia de los poderes  del Estado.<\/p>\n<\/p>\n<p>Empero, el dirigente del PLD valor\u00f3 las destituciones  que ha hecho  la presidencia de la Rep\u00fablica de funcionarios que han sido se\u00f1alados por supuestamente incurrir en actos que ri\u00f1en contra la ley, los que se ha comprobado.<\/p>\n<\/p>\n<p>El tambi\u00e9n director general de \u00c9tica e Integridad Gubernamental,  insisti\u00f3 en explicar Al periodista Juan Bol\u00edvar D\u00edaz, quien lo entrevist\u00f3,  que   los implicados en los casos de corrupci\u00f3n, cuyas investigaciones lo ha demostrado se han enviado a la justicia, recordando   que el sistema de justicia es independiente, incluido el ministerio p\u00fablico.<\/p>\n<\/p>\n<p>\u00abEl caso es que desde  Ejecutivo  haga su trabajo y que la justicia haga el suyo\u00bb, asever\u00f3, agregando que no se puede pretender que el Presidente de la Republica haga el trabajo del poder ejecutivo, del poder legislativo e incluso del poder judicial.<\/p>\n<\/p>\n<p>El dirigente del PLD, Lidio Cadet,  aclar\u00f3 empero,  que es un deber de todos, velar por la justicia, independientemente del papel que desempe\u00f1e en la sociedad ya se trate en la administraci\u00f3n p\u00fablica o en la actividad privada: \u00abNo es s\u00f3lo el gobierno, es el pueblo dominicano, exigiendo. De eso es que se trata\u00bb, concluy\u00f3.<\/p>\n<\/p>\n<p>Lidio Cadet expres\u00f3 que el  sistema de justicia est\u00e1 compuesto por jueces y fiscales y que resulta incongruente que se pretenda que el poder ejecutivo deba hacer lo que no est\u00e1 llamado a hacer.<\/p>\n<\/p>\n<p>\u00abNo es el gobierno quien tiene que hacer justicia\u00bb apunt\u00f3 Cadet insistiendo en que es una tarea que corresponde a toda la sociedad.<\/p>\n<\/p>\n<p>Lidio Cadet defendi\u00f3 la actuaci\u00f3n del Presidente Danilo Medina quien ha destituido funcionarios en que la denuncia p\u00fablica los ha ligado a situaciones cuestionables, cit\u00f3 los casos del Metro de Santo Domingo y de la OMSA<\/p>\n<\/p>\n<p>\u00abEstoy convencido de que en la presente gesti\u00f3n, con la ayuda de la sociedad dominicana se le tender\u00e1 un cerco a los actos de corrupci\u00f3n administrativa\u00bb apunt\u00f3 el ex Secretario General del PLD.<\/p>\n<h6> 2018-03-07 12:49:50 <\/h6>\n<p><!--\n<link rel=\"stylesheet\" href=\"css\/bootstrap.min.css\">\n\n\n<ul class=\"pagination\">\n\t    \n\t\n\n<li >\n\t<a href='?page_no=6457'>Previous<\/a>\n\t<\/li>\n\n\n       \n    \n\n<li><a href='?page_no=1'>1<\/a><\/li>\n\n\n\n<li><a href='?page_no=2'>2<\/a><\/li>\n\n\n\n<li><a>...<\/a><\/li>\n\n\n\n<li><a href='?page_no=6456'>6456<\/a><\/li>\n\n\n\n<li><a href='?page_no=6457'>6457<\/a><\/li>\n\n\n\n<li class='active'><a>6458<\/a><\/li>\n\n\n\n<li><a href='?page_no=6459'>6459<\/a><\/li>\n\n\n\n<li><a href='?page_no=6460'>6460<\/a><\/li>\n\n\n\n<li><a>...<\/a><\/li>\n\n\n\n<li><a href='?page_no=36999'>36999<\/a><\/li>\n\n\n\n<li><a href='?page_no=37000'>37000<\/a><\/li>\n\n    \n\t\n\n<li >\n\t<a href='?page_no=6459'>Next<\/a>\n\t<\/li>\n\n\n    \n\n<li><a href='?page_no=37000'>Last &rsaquo;&rsaquo;<\/a><\/li>\n\n<\/ul>\n\n\n--><br \/>\n<\/body><\/p>\n","protected":false},"excerpt":{"rendered":"<p>SANTO DOMINGO, RD, 7 de marzo de 2018.- Lidio Cadet, miembro del Comit\u00e9 Pol\u00edtico del Partido de la Liberaci\u00f3n Dominicana (PLD), defendi\u00f3 el papel desempe\u00f1ado por el poder ejecutivo en los casos judiciales en lo que no est\u00e1 llamado a intervenir por la independencia de los poderes del Estado. Empero, el dirigente del PLD valor\u00f3 [&hellip;]<\/p>\n","protected":false},"author":3,"featured_media":0,"comment_status":"open","ping_status":"open","sticky":false,"template":"","format":"standard","meta":{"footnotes":""},"categories":[22],"tags":[],"class_list":["post-171120","post","type-post","status-publish","format-standard","hentry","category-politica"],"_links":{"self":[{"href":"https:\/\/diariodominicano.com\/index.php?rest_route=\/wp\/v2\/posts\/171120","targetHints":{"allow":["GET"]}}],"collection":[{"href":"https:\/\/diariodominicano.com\/index.php?rest_route=\/wp\/v2\/posts"}],"about":[{"href":"https:\/\/diariodominicano.com\/index.php?rest_route=\/wp\/v2\/types\/post"}],"author":[{"embeddable":true,"href":"https:\/\/diariodominicano.com\/index.php?rest_route=\/wp\/v2\/users\/3"}],"replies":[{"embeddable":true,"href":"https:\/\/diariodominicano.com\/index.php?rest_route=%2Fwp%2Fv2%2Fcomments&post=171120"}],"version-history":[{"count":0,"href":"https:\/\/diariodominicano.com\/index.php?rest_route=\/wp\/v2\/posts\/171120\/revisions"}],"wp:attachment":[{"href":"https:\/\/diariodominicano.com\/index.php?rest_route=%2Fwp%2Fv2%2Fmedia&parent=171120"}],"wp:term":[{"taxonomy":"category","embeddable":true,"href":"https:\/\/diariodominicano.com\/index.php?rest_route=%2Fwp%2Fv2%2Fcategories&post=171120"},{"taxonomy":"post_tag","embeddable":true,"href":"https:\/\/diariodominicano.com\/index.php?rest_route=%2Fwp%2Fv2%2Ftags&post=171120"}],"curies":[{"name":"wp","href":"https:\/\/api.w.org\/{rel}","templated":true}]}}