{"id":171117,"date":"2018-03-07T19:56:00","date_gmt":"2018-03-07T19:56:00","guid":{"rendered":"http:\/\/diariodominicano.ddns.net\/?p=171117"},"modified":"2018-03-07T19:56:00","modified_gmt":"2018-03-07T19:56:00","slug":"intentar-excluir-a-venezuela-debilita-cumbre-de-las-americas-afirma-analista","status":"publish","type":"post","link":"https:\/\/diariodominicano.com\/?p=171117","title":{"rendered":"Intentar excluir a Venezuela \u00abdebilita\u00bb Cumbre de las Am\u00e9ricas, afirma analista"},"content":{"rendered":"<p><body><\/p>\n<p><img decoding=\"async\" src=\"img3\/Tony Boza000.jpg\" \/><br \/><img decoding=\"async\" src=\"img3\/Nicolas-Maduro.jpg\" \/>  <\/p>\n<\/p>\n<p><strong> <\/strong><\/p>\n<p><strong>   Por Jos\u00e9 Aguiar<\/strong><\/p>\n<p><strong>   CARACAS, 7 mar (Xinhua) &#8212;<\/strong> El intento del gobierno de Per\u00fa para excluir a Venezuela de la VIII Cumbre de las Am\u00e9ricas, que se realizar\u00e1 el 13 y 14 de abril pr\u00f3ximo en la ciudad peruana de Lima, \u00abdebilita\u00bb a ese encuentro, afirm\u00f3 hoy mi\u00e9rcoles el analista venezolano, Tony Boza.<\/p>\n<\/p>\n<p>   \u00abEl hecho de que hoy se intente aislar a Venezuela de la VIII Cumbre de las Am\u00e9ricas, lejos de debilitar a Venezuela, lo que hace es debilitar a la propia cumbre\u00bb, afirm\u00f3 Boza en entrevista con Xinhua.<\/p>\n<\/p>\n<p>   Lo expresado por el tambi\u00e9n economista responde a lo anunciado por la canciller peruana, Cayetana Aljov\u00edn, quien en d\u00edas pasados reiter\u00f3 que al presidente venezolano, Nicol\u00e1s Maduro, le fue retirada de manera oficial la invitaci\u00f3n al encuentro.<\/p>\n<\/p>\n<p>   El gobierno de Per\u00fa retir\u00f3 a mediados de febrero pasado la invitaci\u00f3n a Maduro para asistir a la VIII Cumbre de las Am\u00e9ricas en Lima.<\/p>\n<\/p>\n<p>   La administraci\u00f3n peruana argument\u00f3 que tom\u00f3 esa decisi\u00f3n tras considerar que Maduro est\u00e1 presuntamente \u00abimpidiendo\u00bb que se desarrollen elecciones presidenciales \u00abdemocr\u00e1ticas\u00bb en Venezuela.<\/p>\n<\/p>\n<p>   Para Boza, algunos de los gobiernos que integran la Cumbre de las Am\u00e9ricas y la Organizaci\u00f3n de los Estados Americanos (OEA) est\u00e1n \u00absecundando esta iniciativa del imperio (en alusi\u00f3n a Estados Unidos)\u00bb para \u00abno dejarnos plataforma de defendernos\u00bb.<\/p>\n<\/p>\n<p>   Agreg\u00f3 que el hecho de que se pretenda dejar fuera a Venezuela de la VIII Cumbre de las Am\u00e9ricas \u00abes algo que va a debilitar a la propia OEA\u00bb.<\/p>\n<\/p>\n<p>   \u00abDe tal manera, que a nosotros los venezolanos esta crisis creada por el imperialismo nos permite ejercer una vocer\u00eda que va m\u00e1s all\u00e1 de estos escenarios, de esta plataforma, que todo el mundo sabe c\u00f3mo funciona\u00bb, sostuvo Boza.<\/p>\n<\/p>\n<p>   El entrevistado asever\u00f3 que esta situaci\u00f3n ofrece la oportunidad de \u00abdevelar cu\u00e1l es la verdadera intenci\u00f3n (de Estados Unidos y sus aliados de la regi\u00f3n) en cuanto a nuestro pa\u00eds\u00bb.<\/p>\n<\/p>\n<p>   Dijo que se pretende \u00abno permitir que Venezuela tenga autonom\u00eda, no permitir que tengamos autodeterminaci\u00f3n, impedir que (avancen) los procesos de vigorosa democracia que nosotros hemos venido experimentando en los \u00faltimos 20 a\u00f1os\u00bb.<\/p>\n<\/p>\n<p>   \u00abEst\u00e1n tratando que a nivel internacional quedemos aislados, porque sus actores, los que estaban propiciando la violencia interna, fracasaron en eso\u00bb, indic\u00f3 el entrevistado al referirse a los hechos violentos registrados en Venezuela entre abril y julio de 2017.<\/p>\n<\/p>\n<p>   Esa situaci\u00f3n de violencia, que dej\u00f3 121 personas fallecidas, ces\u00f3 tras la elecci\u00f3n de la Asamblea Nacional Constituyente (ANC) en julio pasado.<\/p>\n<\/p>\n<p>   Pero la decisi\u00f3n de Per\u00fa de excluir a Venezuela de la pr\u00f3xima Cumbre de las Am\u00e9ricas, lo que ha sido criticado por el gobierno venezolano, fue rechazada tambi\u00e9n durante la XV Cumbre de la Alianza Bolivariana para los Pueblos de Nuestra Am\u00e9rica-Tratado de Comercio de los Pueblos (Alba-TCP), realizada el pasado 5 de marzo en Caracas.<\/p>\n<\/p>\n<p>   Tras ese encuentro en la capital venezolana, los Estados miembros firmaron una declaraci\u00f3n en que demandan \u00abel derecho de participaci\u00f3n de Venezuela en la referida actividad (Cumbre de las Am\u00e9ricas)\u00bb.<\/p>\n<\/p>\n<p>   La declaraci\u00f3n agrega: \u00abY nos proponemos ejercer medidas diplom\u00e1ticas y pol\u00edticas para garantizarla (la presencia de Venezuela)\u00bb.<\/p>\n<\/p>\n<p>   \u00abConsideramos que dicha Cumbre debe ser un punto de encuentro para todos los Estados del continente, y un espacio donde todos podamos expresar nuestras ideas, alcanzar consensos, disentir y debatir respetando nuestra diversidad\u00bb, subray\u00f3 el documento.<\/p>\n<\/p>\n<p>   De acuerdo con Boza, ese respaldo a Venezuela \u00abnos est\u00e1 dando la posibilidad de exponer nuestra visi\u00f3n, nuestro enfoque del problema, que es un enfoque de permanente injerencia de los Estados Unidos en la pol\u00edtica interna de nuestro pa\u00eds\u00bb.<\/p>\n<\/p>\n<p>   El entrevistado afirm\u00f3 que \u00abaunque hoy nos coloquen en este trance\u00bb, hay la posibilidad \u00abde hacernos visibles y de tener vocer\u00eda\u00bb en instancias como la Comunidad de Estados Latinoamericanos y Caribe\u00f1os (CELAC) y la Uni\u00f3n de Naciones Suramericanas (Unasur).<\/p>\n<\/p>\n<p>   \u00abNos alienta, nos genera la posibilidad de expresarnos, y que el mundo conozca nuestra posici\u00f3n y nuestro enfoque\u00bb, consider\u00f3 Boza.<\/p>\n<\/p>\n<p>   El presidente venezolano, Nicol\u00e1s Maduro, expres\u00f3 en d\u00edas pasados que llegar\u00e1 a la Cumbre de las Am\u00e9ricas por \u00abaire, tierra o mar\u00bb.<\/p>\n<\/p>\n<p>   Asever\u00f3 que el pa\u00eds no se va a \u00abachicopalar\u00bb (entristecer) porque no lo inviten a una reuni\u00f3n multilateral. <\/p>\n<\/p>\n<p>   En tanto, el ministro venezolano de Comunicaci\u00f3n e Informaci\u00f3n, Jorge Rodr\u00edguez, reiter\u00f3 el martes que Maduro ir\u00e1 a ese encuentro, porque Per\u00fa \u00abno tiene la potestad de decidir a qui\u00e9n invita o a quien no invita\u00bb.<\/p>\n<\/p>\n<p>   La acci\u00f3n del gobierno peruano se produce en el contexto del anuncio de adelanto de elecciones presidenciales en Venezuela para el 20 de mayo pr\u00f3ximo.<\/p>\n<\/p>\n<p>   Esa fecha (20 de mayo) tambi\u00e9n se llevar\u00e1 a cabo la elecci\u00f3n de representantes de los consejos legislativos regionales y concejos municipales, seg\u00fan confirm\u00f3 la presidenta del Consejo Nacional Electoral (CNE) de Venezuela, Tibisay Lucena. Fin<\/p>\n<h6> 2018-03-07 19:56:00 <\/h6>\n<p><!--\n<link rel=\"stylesheet\" href=\"css\/bootstrap.min.css\">\n\n\n<ul class=\"pagination\">\n\t    \n\t\n\n<li >\n\t<a href='?page_no=6454'>Previous<\/a>\n\t<\/li>\n\n\n       \n    \n\n<li><a href='?page_no=1'>1<\/a><\/li>\n\n\n\n<li><a href='?page_no=2'>2<\/a><\/li>\n\n\n\n<li><a>...<\/a><\/li>\n\n\n\n<li><a href='?page_no=6453'>6453<\/a><\/li>\n\n\n\n<li><a href='?page_no=6454'>6454<\/a><\/li>\n\n\n\n<li class='active'><a>6455<\/a><\/li>\n\n\n\n<li><a href='?page_no=6456'>6456<\/a><\/li>\n\n\n\n<li><a href='?page_no=6457'>6457<\/a><\/li>\n\n\n\n<li><a>...<\/a><\/li>\n\n\n\n<li><a href='?page_no=36999'>36999<\/a><\/li>\n\n\n\n<li><a href='?page_no=37000'>37000<\/a><\/li>\n\n    \n\t\n\n<li >\n\t<a href='?page_no=6456'>Next<\/a>\n\t<\/li>\n\n\n    \n\n<li><a href='?page_no=37000'>Last &rsaquo;&rsaquo;<\/a><\/li>\n\n<\/ul>\n\n\n--><br \/>\n<\/body><\/p>\n","protected":false},"excerpt":{"rendered":"<p>Por Jos\u00e9 Aguiar CARACAS, 7 mar (Xinhua) &#8212; El intento del gobierno de Per\u00fa para excluir a Venezuela de la VIII Cumbre de las Am\u00e9ricas, que se realizar\u00e1 el 13 y 14 de abril pr\u00f3ximo en la ciudad peruana de Lima, \u00abdebilita\u00bb a ese encuentro, afirm\u00f3 hoy mi\u00e9rcoles el analista venezolano, Tony Boza. \u00abEl hecho [&hellip;]<\/p>\n","protected":false},"author":3,"featured_media":0,"comment_status":"open","ping_status":"open","sticky":false,"template":"","format":"standard","meta":{"footnotes":""},"categories":[22],"tags":[],"class_list":["post-171117","post","type-post","status-publish","format-standard","hentry","category-politica"],"_links":{"self":[{"href":"https:\/\/diariodominicano.com\/index.php?rest_route=\/wp\/v2\/posts\/171117","targetHints":{"allow":["GET"]}}],"collection":[{"href":"https:\/\/diariodominicano.com\/index.php?rest_route=\/wp\/v2\/posts"}],"about":[{"href":"https:\/\/diariodominicano.com\/index.php?rest_route=\/wp\/v2\/types\/post"}],"author":[{"embeddable":true,"href":"https:\/\/diariodominicano.com\/index.php?rest_route=\/wp\/v2\/users\/3"}],"replies":[{"embeddable":true,"href":"https:\/\/diariodominicano.com\/index.php?rest_route=%2Fwp%2Fv2%2Fcomments&post=171117"}],"version-history":[{"count":0,"href":"https:\/\/diariodominicano.com\/index.php?rest_route=\/wp\/v2\/posts\/171117\/revisions"}],"wp:attachment":[{"href":"https:\/\/diariodominicano.com\/index.php?rest_route=%2Fwp%2Fv2%2Fmedia&parent=171117"}],"wp:term":[{"taxonomy":"category","embeddable":true,"href":"https:\/\/diariodominicano.com\/index.php?rest_route=%2Fwp%2Fv2%2Fcategories&post=171117"},{"taxonomy":"post_tag","embeddable":true,"href":"https:\/\/diariodominicano.com\/index.php?rest_route=%2Fwp%2Fv2%2Ftags&post=171117"}],"curies":[{"name":"wp","href":"https:\/\/api.w.org\/{rel}","templated":true}]}}