{"id":171115,"date":"2018-03-08T13:21:18","date_gmt":"2018-03-08T13:21:18","guid":{"rendered":"http:\/\/diariodominicano.ddns.net\/?p=171115"},"modified":"2018-03-08T13:21:18","modified_gmt":"2018-03-08T13:21:18","slug":"proclaman-la-necesidad-de-avanzar-en-la-representacion-politica","status":"publish","type":"post","link":"https:\/\/diariodominicano.com\/?p=171115","title":{"rendered":"Proclaman la necesidad de avanzar en la representaci\u00f3n pol\u00edtica"},"content":{"rendered":"<p><body><\/p>\n<p><img decoding=\"async\" src=\"img3\/muj112.jpg\" \/><br \/><img decoding=\"async\" src=\"img3\/muj113.jpg\" \/>  <\/p>\n<p>El Partido de la Liberaci\u00f3n Dominicana (PLD)   valor\u00f3 los avances alcanzados por las dominicanas, como fruto de las pol\u00edticas p\u00fablicas implementadas por los gobiernos del PLD, al tiempo que demand\u00f3 una representaci\u00f3n pol\u00edtica equilibrada como lo establece la Constituci\u00f3n de la Rep\u00fablica.<\/p>\n<\/p>\n<p>Rhaysa Mart\u00ednez, subsecretar\u00eda de la Mujer, hablando en nombre de la titular Flavia Garc\u00eda,  plante\u00f3 la necesidad de inclusi\u00f3n de  la  perspectiva  de  g\u00e9nero  en  la Leyde Partidos,  a  los  fines  de garantizar que en las Leyes resultantes est\u00e9n incluidos los derechos, intereses y especificidades de las mujeres.<\/p>\n<\/p>\n<p>En ese sentido, el \u00f3rgano pelede\u00edsta pidi\u00f3 la inclusi\u00f3n  de  la  Paridad  en  todos  los Organismos  de  Direcci\u00f3n  de los Partidos y Movimientos Pol\u00edticos, en los cargos de elecci\u00f3n popular y en los puestos por designaci\u00f3n.<\/p>\n<\/p>\n<p>Asimismo, que para los  cargos  de  elecci\u00f3n  popular,  reglamentar  la  aplicaci\u00f3n  de la paridad,  que  garantice  que  de  candidaturas  formales,  consignadas  en  las boletas electorales, las mujeres pasen a ocupar puestos reales en los poderes Legislativo y Municipal. \u00abDebe quedar bien claro en la Ley, la  obligaci\u00f3n de los partidos pol\u00edticos de confeccionar las listas de candidatos y candidatas, con 50% de integrantes mujeres y 50% hombres, ordenados en forma secuencial y alterna.<\/p>\n<\/p>\n<p>\u00abDebe quedar bien claro y establecido en nuestra legislaci\u00f3n y normas, que en todos los cargos de elecci\u00f3n popular, cuando haya que sustituir a una mujer por motivo de muerte o renuncia, es otra mujer quien debe ocupar el puesto, a los fines de garantizar el respeto a la ley\u00bb, puntualiz\u00f3.<\/p>\n<\/p>\n<p>De igual forma demand\u00f3 garantizar el acceso  equitativo a  hombres y  mujeres al financiamiento, propaganda y publicidad,especialmente en las campa\u00f1as Electorales, as\u00ed como eliminar el voto preferencial.<\/p>\n<\/p>\n<p>Sugiri\u00f3  incluir el enfoque de g\u00e9nero en los programas de formaci\u00f3n pol\u00edtica de los Partidos y Movimientos Pol\u00edticos, con el prop\u00f3sito de introducir cambios en las actitudes  y  convicciones  para  superar  la  cultura  machista  dominante en nuestra sociedad y promover  la  eliminaci\u00f3n  de  los  obst\u00e1culos  y  barreras  de exclusi\u00f3n que enfrentan las mujeres.<\/p>\n<\/p>\n<p>Pidi\u00f3 garantizar programas espec\u00edficos para la formaci\u00f3n de mujeres en \u00e1reas de la Ciencias Pol\u00edticas, para el fortalecimiento de la  participaci\u00f3n pol\u00edtica  y liderazgo de las mujeres.<\/p>\n<\/p>\n<p>Como siempre, la Secretar\u00eda de la Mujer del PLD aprovech\u00f3 este 8 de marzo para honrar a \u00abun hombre que no solo distingui\u00f3 a las mujeres sino que las apoyo y empodero para participar de igual a igual en la pol\u00edtica, nos referimos a nuestro fundador y gu\u00eda, el Profesor Juan Bosch, a quien  en  breve,  ante  su  busto  de  esta Casa  Nacional  depositaremos  una corona\u00bb.<\/p>\n<\/p>\n<p>En el acto, la Secretaria de la Mujer valor\u00f3 los avances alcanzados por las dominicanas por las pol\u00edticas p\u00fablicas de los gobiernos del PLD, ponderando la voluntad  firme  del  gobierno  de  combatir  los feminicidios en el pa\u00eds, tal y como lo planteara Danilo Medina en su reciente rendici\u00f3n de cuenta ante la Asamblea Nacional.<\/p>\n<\/p>\n<p>En ese orden, Raysa Mart\u00ednez, quien habl\u00f3 en nombre de la titular de la Secretar\u00eda de la Mujer del PLD, Flavia Garc\u00eda, por encontrarse esta en el exterior, cit\u00f3 el Plan Nacional contra la Violencia de G\u00e9nero, del gobierno que consiste en 22 acciones concretas enfocadas  la  prevenci\u00f3n de la violencia de g\u00e9nero, persecuci\u00f3n de estos delitos, y atenci\u00f3n a las v\u00edctimas tres ejes fundamentales para enfrentar la problem\u00e1tica.<\/p>\n<\/p>\n<p>La Secretar\u00eda de la Mujer, realiz\u00f3 el encuentro dentro del marco hist\u00f3rico ya que un d\u00eda como hoy,  8 de marzo  de 1957 decenas  de  trabajadoras  de  la  aguja  del  bajo Manhattan en New York, se lanzaron a las calles en protestas por las penosas condiciones de trabajo que ten\u00edan, siendo golpeadas, heridas y apresadas por la polic\u00eda.<\/p>\n<\/p>\n<p>Destacan que tambi\u00e9n otro   8 de marzo de 1905, las obreras Rusas iniciaron un movimiento huelgario  que  debido a su magnitud  contribuy\u00f3  al  descalabro definitivo del r\u00e9gimen dictatorial Zarista y a la posterior instalaci\u00f3n del primer Gobierno Socialista  en  el  1917.<\/p>\n<\/p>\n<p>\u00abigualmente,  el  8  de  marzo  de  1908,  129 obreras  textiles  norteamericanas  murieron carbonizadas cuando sus patrones incendiaron el local de la f\u00e1brica que ellas hab\u00edan ocupado en demanda de la reducci\u00f3n de la jornada de trabajo de 16 a 8 horas\u00bb, tambi\u00e9n se destaca en el texto le\u00eddo por las f\u00e9minas en el sentido encuentro de la mujer en la sede pelede\u00edsta.<\/p>\n<\/p>\n<p>Acto del PLD<\/p>\n<\/p>\n<p>A las ocho horas  de la ma\u00f1ana y bajo los acordes de los himnos Nacional y del PLD la Subsecretaria de la Mujer del PLD, Irma Abad y Miguelina Echavarria izaron la bandera morada del PLD y la tricolor dominicana.<\/p>\n<\/p>\n<p>Posteriormente se trasladaron a la recepci\u00f3n de la Casa Nacional y al pie de la amplia fotograf\u00eda del Profesor Juan Bosch se dio lectura al documento elaborado por la Secretar\u00eda de la Mujer peledeista.<\/p>\n<\/p>\n<p>Luego Ramonita Garc\u00eda y Luisa Ram\u00edrez depositaron un arreglo floral ante el busto del Profesor Juan Bosch, como homenaje de la mujer dominicana al ex presidente de la Rep\u00fablica, quien explicaron,  distingui\u00f3 a las mujeres y   empoder\u00f3 para participar de igual a igual en la pol\u00edtica.<\/p>\n<\/p>\n<p>Al final se comparti\u00f3 un brindis y la Secretar\u00eda General del PLD entreg\u00f3 una rosa a las dirigentes que asistieron a sendas actividades.  <\/p>\n<h6> 2018-03-08 13:21:18 <\/h6>\n<p><!--\n<link rel=\"stylesheet\" href=\"css\/bootstrap.min.css\">\n\n\n<ul class=\"pagination\">\n\t    \n\t\n\n<li >\n\t<a href='?page_no=6452'>Previous<\/a>\n\t<\/li>\n\n\n       \n    \n\n<li><a href='?page_no=1'>1<\/a><\/li>\n\n\n\n<li><a href='?page_no=2'>2<\/a><\/li>\n\n\n\n<li><a>...<\/a><\/li>\n\n\n\n<li><a href='?page_no=6451'>6451<\/a><\/li>\n\n\n\n<li><a href='?page_no=6452'>6452<\/a><\/li>\n\n\n\n<li class='active'><a>6453<\/a><\/li>\n\n\n\n<li><a href='?page_no=6454'>6454<\/a><\/li>\n\n\n\n<li><a href='?page_no=6455'>6455<\/a><\/li>\n\n\n\n<li><a>...<\/a><\/li>\n\n\n\n<li><a href='?page_no=36999'>36999<\/a><\/li>\n\n\n\n<li><a href='?page_no=37000'>37000<\/a><\/li>\n\n    \n\t\n\n<li >\n\t<a href='?page_no=6454'>Next<\/a>\n\t<\/li>\n\n\n    \n\n<li><a href='?page_no=37000'>Last &rsaquo;&rsaquo;<\/a><\/li>\n\n<\/ul>\n\n\n--><br \/>\n<\/body><\/p>\n","protected":false},"excerpt":{"rendered":"<p>El Partido de la Liberaci\u00f3n Dominicana (PLD) valor\u00f3 los avances alcanzados por las dominicanas, como fruto de las pol\u00edticas p\u00fablicas implementadas por los gobiernos del PLD, al tiempo que demand\u00f3 una representaci\u00f3n pol\u00edtica equilibrada como lo establece la Constituci\u00f3n de la Rep\u00fablica. Rhaysa Mart\u00ednez, subsecretar\u00eda de la Mujer, hablando en nombre de la titular Flavia [&hellip;]<\/p>\n","protected":false},"author":3,"featured_media":0,"comment_status":"open","ping_status":"open","sticky":false,"template":"","format":"standard","meta":{"footnotes":""},"categories":[22],"tags":[],"class_list":["post-171115","post","type-post","status-publish","format-standard","hentry","category-politica"],"_links":{"self":[{"href":"https:\/\/diariodominicano.com\/index.php?rest_route=\/wp\/v2\/posts\/171115","targetHints":{"allow":["GET"]}}],"collection":[{"href":"https:\/\/diariodominicano.com\/index.php?rest_route=\/wp\/v2\/posts"}],"about":[{"href":"https:\/\/diariodominicano.com\/index.php?rest_route=\/wp\/v2\/types\/post"}],"author":[{"embeddable":true,"href":"https:\/\/diariodominicano.com\/index.php?rest_route=\/wp\/v2\/users\/3"}],"replies":[{"embeddable":true,"href":"https:\/\/diariodominicano.com\/index.php?rest_route=%2Fwp%2Fv2%2Fcomments&post=171115"}],"version-history":[{"count":0,"href":"https:\/\/diariodominicano.com\/index.php?rest_route=\/wp\/v2\/posts\/171115\/revisions"}],"wp:attachment":[{"href":"https:\/\/diariodominicano.com\/index.php?rest_route=%2Fwp%2Fv2%2Fmedia&parent=171115"}],"wp:term":[{"taxonomy":"category","embeddable":true,"href":"https:\/\/diariodominicano.com\/index.php?rest_route=%2Fwp%2Fv2%2Fcategories&post=171115"},{"taxonomy":"post_tag","embeddable":true,"href":"https:\/\/diariodominicano.com\/index.php?rest_route=%2Fwp%2Fv2%2Ftags&post=171115"}],"curies":[{"name":"wp","href":"https:\/\/api.w.org\/{rel}","templated":true}]}}