{"id":171113,"date":"2018-03-08T13:39:02","date_gmt":"2018-03-08T13:39:02","guid":{"rendered":"http:\/\/diariodominicano.ddns.net\/?p=171113"},"modified":"2018-03-08T13:39:02","modified_gmt":"2018-03-08T13:39:02","slug":"ito-bisono-asistira-como-invitado-especial-a-juramentacion-del-presidente-pinera","status":"publish","type":"post","link":"https:\/\/diariodominicano.com\/?p=171113","title":{"rendered":"Ito Bison\u00f3 asistir\u00e1 como invitado especial a juramentaci\u00f3n del Presidente Pi\u00f1era"},"content":{"rendered":"<p><body><\/p>\n<p><img decoding=\"async\" src=\"img3\/pinera1.jpg\" \/>  <\/p>\n<p>El aspirante Presidencial, Ito Bison\u00f3, viajar\u00e1 el pr\u00f3ximo domingo 11 de marzo a la ciudad de Santiago de Chile, donde participar\u00e1 como invitado especial en la toma de posesi\u00f3n de Sebasti\u00e1n Pi\u00f1era como Presidente de la Rep\u00fablica para el periodo 2018-2022.<\/p>\n<\/p>\n<p>Bison\u00f3 y Pi\u00f1era mantienen una estrecha relaci\u00f3n, han participado juntos en importantes actividades de pol\u00edtica internacional, entre ellas en el a\u00f1o 2015, la visita del l\u00edder chileno a la Rep\u00fablica Dominicana a trav\u00e9s del Centro de An\u00e1lisis para Pol\u00edticas P\u00fablicas (CAPP), que preside Bison\u00f3, dictando la conferencia \u00abClaves para una Am\u00e9rica Latina desarrollada\u00bb en la Pontificia Universidad Cat\u00f3lica Madre y Maestra (PUCMM). <\/p>\n<\/p>\n<p>\u00abEl modelo de desarrollo chileno es uno del cual podemos aprender los dominicanos. Con una fuerte base en la libertad e institucionalidad, se ha posicionado como uno de los pa\u00edses hermanos latinoamericanos m\u00e1s cercanos a derrotar el subdesarrollo. El Presidente Pi\u00f1era, a quien tengo el honor de considerar un amigo, con gran visi\u00f3n de estadista, tiene la misi\u00f3n de no solo consolidar ese modelo, sino tambi\u00e9n mejorarlo para seguir adelante por el camino de la prosperidad.\u00bb Detall\u00f3 Bison\u00f3. <\/p>\n<\/p>\n<p>En el pasado cuatrienio de Pi\u00f1era, Chile promedi\u00f3 un crecimiento del 5,4% del PIB; logr\u00f3 recaudar el doble a nivel fiscal que a\u00f1os anteriores; y se redujo el desempleo, pasando del 9,5% en 2009 al 7,4% en 2013, gracias a la creaci\u00f3n de 900 mil nuevos empleos. Mejor\u00f3 adem\u00e1s el gasto, reflejado en el ranking de Eficacia del Gasto P\u00fablico. En 2009 Chile ocupaba el puesto 30 y al final del 2013 lleg\u00f3 a la posici\u00f3n 13.<\/p>\n<\/p>\n<p>\u00abEl bienestar est\u00e1 al alcance de todo pa\u00eds que asume con seriedad una agenda para las transformaciones. Rep\u00fablica Dominicana, con nuestra posici\u00f3n geogr\u00e1fica privilegiada y gente de esp\u00edritu emprendedor, tiene en sus manos las llaves de una nueva era que nos lleve hacia el destino que merecemos. Por ello, estamos dedicando grandes esfuerzos para la creaci\u00f3n de una alternativa al modelo imperante, el cual es insostenible. Con los buenos ejemplos de gesti\u00f3n en pa\u00edses hermanos como Chile, nos queda claro que nadie est\u00e1 condenado al subdesarrollo y que por el contrario, siguiendo las claves que de manera reiterada han sido probadas como v\u00eda al \u00e9xito, todos podemos lograrlo.\u00bb Concluy\u00f3 el dirigente pol\u00edtico dominicano.<\/p>\n<\/p>\n<p>Este ser\u00e1 el segundo mandato del reconocido empresario, electo en la segunda vuelta del pasado 17 de Diciembre con el 54% de los votos. Ya anteriormente hab\u00eda encabezado el gobierno de la naci\u00f3n sudamericana entre 2010-2014, toc\u00e1ndole liderar la reconstrucci\u00f3n tras el potente terremoto del 27 de Febrero 2010 as\u00ed como el rescate de los 33 mineros atrapados por el derrumbe de San Jos\u00e9. <\/p>\n<h6> 2018-03-08 13:39:02 <\/h6>\n<p><!--\n<link rel=\"stylesheet\" href=\"css\/bootstrap.min.css\">\n\n\n<ul class=\"pagination\">\n\t    \n\t\n\n<li >\n\t<a href='?page_no=6450'>Previous<\/a>\n\t<\/li>\n\n\n       \n    \n\n<li><a href='?page_no=1'>1<\/a><\/li>\n\n\n\n<li><a href='?page_no=2'>2<\/a><\/li>\n\n\n\n<li><a>...<\/a><\/li>\n\n\n\n<li><a href='?page_no=6449'>6449<\/a><\/li>\n\n\n\n<li><a href='?page_no=6450'>6450<\/a><\/li>\n\n\n\n<li class='active'><a>6451<\/a><\/li>\n\n\n\n<li><a href='?page_no=6452'>6452<\/a><\/li>\n\n\n\n<li><a href='?page_no=6453'>6453<\/a><\/li>\n\n\n\n<li><a>...<\/a><\/li>\n\n\n\n<li><a href='?page_no=36999'>36999<\/a><\/li>\n\n\n\n<li><a href='?page_no=37000'>37000<\/a><\/li>\n\n    \n\t\n\n<li >\n\t<a href='?page_no=6452'>Next<\/a>\n\t<\/li>\n\n\n    \n\n<li><a href='?page_no=37000'>Last &rsaquo;&rsaquo;<\/a><\/li>\n\n<\/ul>\n\n\n--><br \/>\n<\/body><\/p>\n","protected":false},"excerpt":{"rendered":"<p>El aspirante Presidencial, Ito Bison\u00f3, viajar\u00e1 el pr\u00f3ximo domingo 11 de marzo a la ciudad de Santiago de Chile, donde participar\u00e1 como invitado especial en la toma de posesi\u00f3n de Sebasti\u00e1n Pi\u00f1era como Presidente de la Rep\u00fablica para el periodo 2018-2022. Bison\u00f3 y Pi\u00f1era mantienen una estrecha relaci\u00f3n, han participado juntos en importantes actividades de [&hellip;]<\/p>\n","protected":false},"author":3,"featured_media":0,"comment_status":"open","ping_status":"open","sticky":false,"template":"","format":"standard","meta":{"footnotes":""},"categories":[22],"tags":[],"class_list":["post-171113","post","type-post","status-publish","format-standard","hentry","category-politica"],"_links":{"self":[{"href":"https:\/\/diariodominicano.com\/index.php?rest_route=\/wp\/v2\/posts\/171113","targetHints":{"allow":["GET"]}}],"collection":[{"href":"https:\/\/diariodominicano.com\/index.php?rest_route=\/wp\/v2\/posts"}],"about":[{"href":"https:\/\/diariodominicano.com\/index.php?rest_route=\/wp\/v2\/types\/post"}],"author":[{"embeddable":true,"href":"https:\/\/diariodominicano.com\/index.php?rest_route=\/wp\/v2\/users\/3"}],"replies":[{"embeddable":true,"href":"https:\/\/diariodominicano.com\/index.php?rest_route=%2Fwp%2Fv2%2Fcomments&post=171113"}],"version-history":[{"count":0,"href":"https:\/\/diariodominicano.com\/index.php?rest_route=\/wp\/v2\/posts\/171113\/revisions"}],"wp:attachment":[{"href":"https:\/\/diariodominicano.com\/index.php?rest_route=%2Fwp%2Fv2%2Fmedia&parent=171113"}],"wp:term":[{"taxonomy":"category","embeddable":true,"href":"https:\/\/diariodominicano.com\/index.php?rest_route=%2Fwp%2Fv2%2Fcategories&post=171113"},{"taxonomy":"post_tag","embeddable":true,"href":"https:\/\/diariodominicano.com\/index.php?rest_route=%2Fwp%2Fv2%2Ftags&post=171113"}],"curies":[{"name":"wp","href":"https:\/\/api.w.org\/{rel}","templated":true}]}}