{"id":171112,"date":"2018-03-08T15:51:12","date_gmt":"2018-03-08T15:51:12","guid":{"rendered":"http:\/\/diariodominicano.ddns.net\/?p=171112"},"modified":"2018-03-08T15:51:12","modified_gmt":"2018-03-08T15:51:12","slug":"rosario-espinal-cree-oposicion-facilita-reeleccion-de-danilo-medina","status":"publish","type":"post","link":"https:\/\/diariodominicano.com\/?p=171112","title":{"rendered":"Rosario Espinal cree oposici\u00f3n facilita reelecci\u00f3n de Danilo Medina"},"content":{"rendered":"<p><body><\/p>\n<p><img decoding=\"async\" src=\"img3\/garcia.jpg.jpg\" \/>  <\/p>\n<\/p>\n<\/p>\n<p>SANTO DOMINGO, RD, 8 de marzo,  &#8211; La soci\u00f3loga y polit\u00f3loga Rosario Espinal critic\u00f3 a los partidos pol\u00edticos de oposici\u00f3n por calificar como reeleccionista el discurso de rendici\u00f3n de cuentas del presidente Danilo Medina ante la Asamblea Nacional. Advirti\u00f3 que con este tipo de declaraciones le \u00aballanan el camino a la reelecci\u00f3n\u00bb porque implanta la idea en la siquis pol\u00edtica de la poblaci\u00f3n, que lo internaliza y lo da como un hecho.<\/p>\n<\/p>\n<p>Entrevistada por la abogada Lenis Garc\u00eda en su programa semanal \u00abOpiniones\u00bb, afirm\u00f3 que el discurso de Medina fue el de un presidente que tiene que reposicionarse para gobernar hasta el 2020. Se\u00f1al\u00f3 que las alocuciones de este tipo deben analizarse desde tres aspectos: el contexto, el contenido y la forma. En ese sentido, expres\u00f3 que el mandatario se dirigi\u00f3 al pa\u00eds despu\u00e9s de un 2017 dif\u00edcil tanto para \u00e9l como para el Gobierno y el Partido de la Liberaci\u00f3n Dominicana (PLD) debido al conocimiento de los casos de corrupci\u00f3n encabezados por los sobornos de Odebrecht.<\/p>\n<\/p>\n<p>Indic\u00f3 que la oposici\u00f3n piensa que al decir que el discurso es reeleccionista van a despertar un sentimiento negativo en la poblaci\u00f3n, sin embargo, lo que hacen es darle promoci\u00f3n y ponerle el camino f\u00e1cil al presidente. Dijo que en el pa\u00eds hay sectores con un fuerte arraigo y una fuerte corriente hist\u00f3rica reeleccionista desde los tiempos de Joaqu\u00edn Balaguer. Por tal raz\u00f3n, recomend\u00f3 a la oposici\u00f3n presentar planes y proyectos diferentes para que cautiven el electorado, incluso al reeleccionista.<\/p>\n<\/p>\n<p>Al evaluar el discurso, sostuvo que fue optimista porque el presidente enfatiz\u00f3 las ejecutorias que cree que hizo bien, destac\u00f3 lo que har\u00e1 en lo adelante y obvi\u00f3 la mayor\u00eda de los problemas que la ciudadan\u00eda quer\u00eda escuchar.<\/p>\n<\/p>\n<p>\u00abDe los temas que habl\u00f3: educaci\u00f3n, salud, seguridad ciudadana enfatizaba la conquista, la parte positiva, no hablaba de la parte negativa y por eso ha sido muy criticado, pero desde el punto de vista de la estrategia pol\u00edtica comunicativa que us\u00f3 el presidente y quienes le escribieron el discurso, el objetivo fue enfatizar lo positivo\u00bb, manifest\u00f3 Espinal durante su intervenci\u00f3n en el programa que se transmite los s\u00e1bados de 6:00 a 7:00 de la noche a trav\u00e9s de RNN canal 27.<\/p>\n<\/p>\n<p>Clase media y empleos<\/p>\n<\/p>\n<p>Danilo Medina afirm\u00f3 que, con la creaci\u00f3n de 120,237 puestos de trabajo adicionales en el 2017, el Gobierno volvi\u00f3 a cumplir con la meta de crear 100 mil empleos anuales. Tambi\u00e9n dijo que, de septiembre de 2012 hasta la fecha, el n\u00famero de empleos ha aumentado en 606,019 puestos de trabajo. Al respecto, Rosario Espinal consider\u00f3 que la cifra se queda corta para lo que necesita la econom\u00eda.<\/p>\n<\/p>\n<p>\u00abEl desaf\u00edo de la econom\u00eda dominicana es crear m\u00e1s empleos de mejores salarios en el sector privado\u00bb, observ\u00f3 la polit\u00f3loga. Se\u00f1al\u00f3 que si esto no se produce no se puede hablar de un crecimiento de la clase media. <\/p>\n<\/p>\n<p>Espinal observ\u00f3 que mientras m\u00e1s empleos se creen en el Estado, aun con salarios relativamente altos, \u00abeso es una bomba de tiempo porque eventualmente cuando el pa\u00eds entre en una crisis de deuda externa, todo eso se desploma\u00bb, subray\u00f3.<\/p>\n<\/p>\n<p>Precis\u00f3 que todos los programas de Progresando con Solidaridad como el Bono Gas, Bono Luz, Comer es Primero, Tarjeta de Envejeciente y Tarjeta Estudiantil; son subsidios que van al sector pobre, \u00abese sector es muy vulnerable, si le llamamos clase media, debe ser clase media con altos niveles de vulnerabilidad\u00bb, expres\u00f3.<\/p>\n<\/p>\n<p>Manifest\u00f3 que, todo lo que anunci\u00f3 el presidente, si depende del presupuesto nacional, eso tarde o temprano es un tren que se para cuando ya el gobierno no tenga capacidad de endeudarse m\u00e1s. La \u00fanica manera de estabilizar una clase media es si el sector privado crea m\u00e1s empleo y con mejores salarios, se\u00f1al\u00f3 Espinal.<\/p>\n<\/p>\n<p>Migraci\u00f3n<\/p>\n<\/p>\n<p>La polit\u00f3loga Rosario Espinal indic\u00f3 que el presidente Danilo Medina trat\u00f3 de conectar con la fibra nacional en dos momentos fundamentalmente del discurso, cuando habl\u00f3 del tema haitiano, y en el final cuando apel\u00f3 al optimismo y al abrazo fraterno.<\/p>\n<\/p>\n<p>\u00abEl presidente pudo haber sido m\u00e1s enf\u00e1tico en el tema haitiano porque en el pa\u00eds hay un rebul\u00fa\u00bb, dijo. No obstante, precis\u00f3 que la cuesti\u00f3n migratoria es muy compleja y que en el pa\u00eds lo simplifican. Argument\u00f3 que el empresariado y el Estado son los grandes beneficiarios de la mano de obra haitiana.<\/p>\n<\/p>\n<p>Aspectos econ\u00f3micos del discurso<\/p>\n<\/p>\n<p>Durante el programa, tambi\u00e9n el economista Ernesto Jim\u00e9nez analiz\u00f3 una parte de los aspectos econ\u00f3micos de la alocuci\u00f3n del presidente. Corrobor\u00f3 con el planteamiento de que la econom\u00eda dominicana ha crecido, no obstante, indic\u00f3 que ese crecimiento no se ha traducido en el alcance de las cuotas de desarrollo social.<\/p>\n<\/p>\n<p>Por otro lado, el experto en social media, Pavel de Camps precis\u00f3 que a nivel de redes sociales el discurso alcanz\u00f3 unos 18.7 millones de usuarios y gener\u00f3 31 mil tweets, de los cuales 17 mil fueron en Rep\u00fablica Dominicana. Sin embargo, se\u00f1al\u00f3 que se utilizaron cuentas robots.<\/p>\n<h6> 2018-03-08 15:51:12 <\/h6>\n<p><!--\n<link rel=\"stylesheet\" href=\"css\/bootstrap.min.css\">\n\n\n<ul class=\"pagination\">\n\t    \n\t\n\n<li >\n\t<a href='?page_no=6449'>Previous<\/a>\n\t<\/li>\n\n\n       \n    \n\n<li><a href='?page_no=1'>1<\/a><\/li>\n\n\n\n<li><a href='?page_no=2'>2<\/a><\/li>\n\n\n\n<li><a>...<\/a><\/li>\n\n\n\n<li><a href='?page_no=6448'>6448<\/a><\/li>\n\n\n\n<li><a href='?page_no=6449'>6449<\/a><\/li>\n\n\n\n<li class='active'><a>6450<\/a><\/li>\n\n\n\n<li><a href='?page_no=6451'>6451<\/a><\/li>\n\n\n\n<li><a href='?page_no=6452'>6452<\/a><\/li>\n\n\n\n<li><a>...<\/a><\/li>\n\n\n\n<li><a href='?page_no=36999'>36999<\/a><\/li>\n\n\n\n<li><a href='?page_no=37000'>37000<\/a><\/li>\n\n    \n\t\n\n<li >\n\t<a href='?page_no=6451'>Next<\/a>\n\t<\/li>\n\n\n    \n\n<li><a href='?page_no=37000'>Last &rsaquo;&rsaquo;<\/a><\/li>\n\n<\/ul>\n\n\n--><br \/>\n<\/body><\/p>\n","protected":false},"excerpt":{"rendered":"<p>SANTO DOMINGO, RD, 8 de marzo, &#8211; La soci\u00f3loga y polit\u00f3loga Rosario Espinal critic\u00f3 a los partidos pol\u00edticos de oposici\u00f3n por calificar como reeleccionista el discurso de rendici\u00f3n de cuentas del presidente Danilo Medina ante la Asamblea Nacional. Advirti\u00f3 que con este tipo de declaraciones le \u00aballanan el camino a la reelecci\u00f3n\u00bb porque implanta la [&hellip;]<\/p>\n","protected":false},"author":3,"featured_media":0,"comment_status":"open","ping_status":"open","sticky":false,"template":"","format":"standard","meta":{"footnotes":""},"categories":[22],"tags":[],"class_list":["post-171112","post","type-post","status-publish","format-standard","hentry","category-politica"],"_links":{"self":[{"href":"https:\/\/diariodominicano.com\/index.php?rest_route=\/wp\/v2\/posts\/171112","targetHints":{"allow":["GET"]}}],"collection":[{"href":"https:\/\/diariodominicano.com\/index.php?rest_route=\/wp\/v2\/posts"}],"about":[{"href":"https:\/\/diariodominicano.com\/index.php?rest_route=\/wp\/v2\/types\/post"}],"author":[{"embeddable":true,"href":"https:\/\/diariodominicano.com\/index.php?rest_route=\/wp\/v2\/users\/3"}],"replies":[{"embeddable":true,"href":"https:\/\/diariodominicano.com\/index.php?rest_route=%2Fwp%2Fv2%2Fcomments&post=171112"}],"version-history":[{"count":0,"href":"https:\/\/diariodominicano.com\/index.php?rest_route=\/wp\/v2\/posts\/171112\/revisions"}],"wp:attachment":[{"href":"https:\/\/diariodominicano.com\/index.php?rest_route=%2Fwp%2Fv2%2Fmedia&parent=171112"}],"wp:term":[{"taxonomy":"category","embeddable":true,"href":"https:\/\/diariodominicano.com\/index.php?rest_route=%2Fwp%2Fv2%2Fcategories&post=171112"},{"taxonomy":"post_tag","embeddable":true,"href":"https:\/\/diariodominicano.com\/index.php?rest_route=%2Fwp%2Fv2%2Ftags&post=171112"}],"curies":[{"name":"wp","href":"https:\/\/api.w.org\/{rel}","templated":true}]}}