{"id":171110,"date":"2018-03-08T16:01:49","date_gmt":"2018-03-08T16:01:49","guid":{"rendered":"http:\/\/diariodominicano.ddns.net\/?p=171110"},"modified":"2018-03-08T16:01:49","modified_gmt":"2018-03-08T16:01:49","slug":"carolina-mejia-asegura-sera-garante-de-la-participacion-igualitaria-en-las-estructuras-del-prm","status":"publish","type":"post","link":"https:\/\/diariodominicano.com\/?p=171110","title":{"rendered":"Carolina Mej\u00eda asegura ser\u00e1 garante de la participaci\u00f3n igualitaria en las estructuras del PRM"},"content":{"rendered":"<p><body><\/p>\n<p><img decoding=\"async\" src=\"img3\/IMG-20180308-WA0055-1.jpg\" \/>  <\/p>\n<\/p>\n<p><span class=\"text1noticias\">SANTO DOMINGO, RD, 8 de marzo, ? La candidata a la Secretar\u00eda General del Partido Revolucionario Moderno (PRM) Carolina Mej\u00eda, asegur\u00f3 que desde que sea proclamada Secretaria General de esa organizaci\u00f3n pol\u00edtica, las Mujeres Modernas, pueden estar confiadas en que ella ser\u00e1 garante de la participaci\u00f3n de todas y todos en condici\u00f3n de igualdad, en la construcci\u00f3n de partido que reclama la sociedad.<\/span><\/p>\n<\/p>\n<p><span class=\"text1noticias\">Asimismo, expres\u00f3 respeto y admiraci\u00f3n por aquellas hero\u00ednas, que han logrado pese a las adversidades, con su lucha incansable, un desarrollo integro como persona y establecer una participaci\u00f3n igualitaria en todos los aspectos de la vida en sociedad, trillando el camino que las ha colocado a todas en las posiciones pol\u00edticas y sociales que hoy ocupan.<\/span><\/p>\n<\/p>\n<p><span class=\"text1noticias\">En tal sentido, la excandidata vicepresidencial perreme\u00edsta, dijo que existe la necesidad de recordar en este d\u00eda, de conmemoraci\u00f3n de la lucha en contra de la desigualdad de g\u00e9nero, las mujeres que escribieron con su lucha una p\u00e1gina de gloria en la historia dominicana, entre las que resaltan, Salom\u00e9 Ure\u00f1a, Abigail Mej\u00eda, las hermanas Mirabal y todas las mujeres dominicanas, que d\u00eda a d\u00eda luchan por hacer de este un mejor pa\u00eds.<\/span><\/p>\n<\/p>\n<p><span class=\"text1noticias\">La candidata a la Secretar\u00eda General por PRM y miembro de la Direcci\u00f3n Ejecutiva de ese partido, expres\u00f3 la necesidad de seguir avanzando en ese sentido, para dotar a las mujeres de las herramientas, sociales, legales y educativas, que las coloquen en condici\u00f3n de igualdad frente a los dem\u00e1s sectores que componen la sociedad, una tarea que asumir\u00e1 a partir del 22 de abril, fecha en har\u00e1 toma de posesi\u00f3n del cargo.<\/span><\/p>\n<\/p>\n<p><span class=\"text1noticias\">\u00abAun quedan, pese a los avances que hemos logrado, retos y desaf\u00edos pendientes. Al d\u00eda de hoy, hay que librar la lucha de la desigualdad y precariedad laboral, la falta de educaci\u00f3n sexual, la violencia y la discriminaci\u00f3n de todo tipo a la que han sido sometidas tantas hermanas y debemos redoblar esfuerzos\u00bb. Manifest\u00f3 Carolina Mej\u00eda.<\/span><\/p>\n<\/p>\n<p><span class=\"text1noticias\">Carolina Mej\u00eda ofreci\u00f3 esas declaraciones en el marco de un encuentro con los equipos que componen los comandos femeninos del expresidente Hip\u00f3lito Mej\u00eda y Luis Abinader en Eventspot de Plaza Las Am\u00e9ricas, donde dijo ser\u00e1 la primera Secretaria General Mujer en ese partido y que desde ah\u00ed conquistar\u00e1 los espacios desde donde se crear\u00e1n pol\u00edticas p\u00fablicas dirigidas al mejoramiento de ese sector.<\/span><\/p>\n<\/p>\n<p><span class=\"text1noticias\">Dicho acto estuvo encabezado por Carolina Mej\u00eda y Jos\u00e9 Ignacio Paliza, y en el mismo estuvieron presentes Roberto Fulcar Sarah Paulino, Fernanda De Leon, Yolanda De la Rosa, Andrea Difo, Josefa Castillo, Carolina Serrata M\u00e9ndez, Georgina Portes, Gloria Reyes, Claudia Sarante, entre otras valiosas mujeres perreme\u00edstas.<\/span><\/p>\n<h6> 2018-03-08 16:01:49 <\/h6>\n<p><!--\n<link rel=\"stylesheet\" href=\"css\/bootstrap.min.css\">\n\n\n<ul class=\"pagination\">\n\t    \n\t\n\n<li >\n\t<a href='?page_no=6448'>Previous<\/a>\n\t<\/li>\n\n\n       \n    \n\n<li><a href='?page_no=1'>1<\/a><\/li>\n\n\n\n<li><a href='?page_no=2'>2<\/a><\/li>\n\n\n\n<li><a>...<\/a><\/li>\n\n\n\n<li><a href='?page_no=6447'>6447<\/a><\/li>\n\n\n\n<li><a href='?page_no=6448'>6448<\/a><\/li>\n\n\n\n<li class='active'><a>6449<\/a><\/li>\n\n\n\n<li><a href='?page_no=6450'>6450<\/a><\/li>\n\n\n\n<li><a href='?page_no=6451'>6451<\/a><\/li>\n\n\n\n<li><a>...<\/a><\/li>\n\n\n\n<li><a href='?page_no=36999'>36999<\/a><\/li>\n\n\n\n<li><a href='?page_no=37000'>37000<\/a><\/li>\n\n    \n\t\n\n<li >\n\t<a href='?page_no=6450'>Next<\/a>\n\t<\/li>\n\n\n    \n\n<li><a href='?page_no=37000'>Last &rsaquo;&rsaquo;<\/a><\/li>\n\n<\/ul>\n\n\n--><br \/>\n<\/body><\/p>\n","protected":false},"excerpt":{"rendered":"<p>SANTO DOMINGO, RD, 8 de marzo, ? La candidata a la Secretar\u00eda General del Partido Revolucionario Moderno (PRM) Carolina Mej\u00eda, asegur\u00f3 que desde que sea proclamada Secretaria General de esa organizaci\u00f3n pol\u00edtica, las Mujeres Modernas, pueden estar confiadas en que ella ser\u00e1 garante de la participaci\u00f3n de todas y todos en condici\u00f3n de igualdad, en [&hellip;]<\/p>\n","protected":false},"author":3,"featured_media":0,"comment_status":"open","ping_status":"open","sticky":false,"template":"","format":"standard","meta":{"footnotes":""},"categories":[22],"tags":[],"class_list":["post-171110","post","type-post","status-publish","format-standard","hentry","category-politica"],"_links":{"self":[{"href":"https:\/\/diariodominicano.com\/index.php?rest_route=\/wp\/v2\/posts\/171110","targetHints":{"allow":["GET"]}}],"collection":[{"href":"https:\/\/diariodominicano.com\/index.php?rest_route=\/wp\/v2\/posts"}],"about":[{"href":"https:\/\/diariodominicano.com\/index.php?rest_route=\/wp\/v2\/types\/post"}],"author":[{"embeddable":true,"href":"https:\/\/diariodominicano.com\/index.php?rest_route=\/wp\/v2\/users\/3"}],"replies":[{"embeddable":true,"href":"https:\/\/diariodominicano.com\/index.php?rest_route=%2Fwp%2Fv2%2Fcomments&post=171110"}],"version-history":[{"count":0,"href":"https:\/\/diariodominicano.com\/index.php?rest_route=\/wp\/v2\/posts\/171110\/revisions"}],"wp:attachment":[{"href":"https:\/\/diariodominicano.com\/index.php?rest_route=%2Fwp%2Fv2%2Fmedia&parent=171110"}],"wp:term":[{"taxonomy":"category","embeddable":true,"href":"https:\/\/diariodominicano.com\/index.php?rest_route=%2Fwp%2Fv2%2Fcategories&post=171110"},{"taxonomy":"post_tag","embeddable":true,"href":"https:\/\/diariodominicano.com\/index.php?rest_route=%2Fwp%2Fv2%2Ftags&post=171110"}],"curies":[{"name":"wp","href":"https:\/\/api.w.org\/{rel}","templated":true}]}}