{"id":171109,"date":"2018-03-09T11:54:31","date_gmt":"2018-03-09T11:54:31","guid":{"rendered":"http:\/\/diariodominicano.ddns.net\/?p=171109"},"modified":"2018-03-09T11:54:31","modified_gmt":"2018-03-09T11:54:31","slug":"impacto-geopolitico-historico-y-religioso-de-convertir-la-ciudad-de-jerusalen-en-capital-del-estado-de-israel-2","status":"publish","type":"post","link":"https:\/\/diariodominicano.com\/?p=171109","title":{"rendered":"\u00abImpacto Geopol\u00edtico, Hist\u00f3rico y Religioso de convertir la Ciudad de Jerusal\u00e9n en Capital del Estado de Israel\u00bb"},"content":{"rendered":"<p><body><\/p>\n<p><img decoding=\"async\" src=\"img3\/JerusalenPLD.jpg\" \/>  <\/p>\n<p><span class=\"text1noticias\">Santo Domingo, R. D., 9 de marzo, 2018.- El Partido de la Liberaci\u00f3n Dominicana (PLD) anunci\u00f3 para el pr\u00f3ximo mi\u00e9rcoles el panel  \u00abImpacto Geopol\u00edtico, Hist\u00f3rico y Religioso de convertir la Ciudad de Jerusal\u00e9n en Capital del Estado de Israel\u00bb, un foro para analizar dicha decisi\u00f3n que ha generado controversias en todo el mundo.<\/span><\/p>\n<p><span class=\"text1noticias\"> <\/span><\/p>\n<p><span class=\"text1noticias\">Se trata de una actividad formativa y cultural,  que se desarrollar\u00e1  en la Universidad Nacional Evang\u00e9lica, UNEV, en el Recinto de la Calle Paseo de los periodistas #54, en el Ensanche Miraflores a partir de las 5:30 de la tarde.<\/span><\/p>\n<p><span class=\"text1noticias\"> <\/span><\/p>\n<p><span class=\"text1noticias\">La Secretar\u00eda de Cultos en el desarrollo de su programa de trabajo  para el a\u00f1o en curso,  es el \u00f3rgano de trabajo del Partido de la Liberaci\u00f3n Dominicana que organiza el conversatorio, que ser\u00e1  abierto a todo  p\u00fablico.<\/span><\/p>\n<p><span class=\"text1noticias\"> <\/span><\/p>\n<p><span class=\"text1noticias\">\u00abEst\u00e1n invitados de manera muy especial, aquellos l\u00edderes religiosos y pol\u00edticos interesados en tan importante acontecimiento geopol\u00edtico, hist\u00f3rico y religioso\u00bb se expresa en la invitaci\u00f3n que ha hecho circular la Secretar\u00eda de Cultos del PLD.<\/span><\/p>\n<p><span class=\"text1noticias\"> <\/span><\/p>\n<p><span class=\"text1noticias\">Carlos Burgos,  laico cat\u00f3lico, introducir\u00e1 el tema desde la \u00f3ptica cristiana de la Iglesia Cat\u00f3lica, Robert Bueno, Doctor en Teolog\u00eda, introducir\u00e1 el tema desde la \u00f3ptica cristiana evang\u00e9lica. Ambos analizar\u00e1n desde puntos de vista religiosos, los impactos de la decisi\u00f3n de convertir a Jerusal\u00e9n en la capital del Estado de Israel.<\/span><\/p>\n<p><span class=\"text1noticias\"> <\/span><\/p>\n<p><span class=\"text1noticias\">Elso Mart\u00ednez, soci\u00f3logo,  miembro del Comit\u00e9 Central  del PLD analizar\u00e1 el tema desde la \u00f3ptica geopol\u00edtica e hist\u00f3rica., se destaca en el despacho de prensa que confirma la organizaci\u00f3n del acto.<\/span><\/p>\n<p><span class=\"text1noticias\"> <\/span><\/p>\n<p><span class=\"text1noticias\">\u00abEl objeto de estas actividades est\u00e1 cimentado en la difusi\u00f3n de dicha decisi\u00f3n y no aspira a concluir acerca de ella, dejando al p\u00fablico en libertad de asumir sus propias conclusiones\u00bb explic\u00f3 Francisco Cruz Pascual, secretario de cultos del PLD al precisar sobre la organizaci\u00f3n del foro.<\/span><\/p>\n<p><span class=\"text1noticias\"> <\/span><\/p>\n<p><span class=\"text1noticias\"> <\/span><\/p>\n<p><span class=\"text1noticias\"> <\/span><\/p>\n<p><span class=\"text1noticias\"> <\/span><\/p>\n<p><span class=\"text1noticias\"> <\/span><\/p>\n<p><span class=\"text1noticias\">SECRETARIA DE COMUNICACIONES<\/span><\/p>\n<p><span class=\"text1noticias\"> <\/span><\/p>\n<p><span class=\"text1noticias\">09 DE <\/span>MARZO, 2018.-<\/p>\n<h6> 2018-03-09 11:54:31 <\/h6>\n<p><!--\n<link rel=\"stylesheet\" href=\"css\/bootstrap.min.css\">\n\n\n<ul class=\"pagination\">\n\t    \n\t\n\n<li >\n\t<a href='?page_no=6447'>Previous<\/a>\n\t<\/li>\n\n\n       \n    \n\n<li><a href='?page_no=1'>1<\/a><\/li>\n\n\n\n<li><a href='?page_no=2'>2<\/a><\/li>\n\n\n\n<li><a>...<\/a><\/li>\n\n\n\n<li><a href='?page_no=6446'>6446<\/a><\/li>\n\n\n\n<li><a href='?page_no=6447'>6447<\/a><\/li>\n\n\n\n<li class='active'><a>6448<\/a><\/li>\n\n\n\n<li><a href='?page_no=6449'>6449<\/a><\/li>\n\n\n\n<li><a href='?page_no=6450'>6450<\/a><\/li>\n\n\n\n<li><a>...<\/a><\/li>\n\n\n\n<li><a href='?page_no=36999'>36999<\/a><\/li>\n\n\n\n<li><a href='?page_no=37000'>37000<\/a><\/li>\n\n    \n\t\n\n<li >\n\t<a href='?page_no=6449'>Next<\/a>\n\t<\/li>\n\n\n    \n\n<li><a href='?page_no=37000'>Last &rsaquo;&rsaquo;<\/a><\/li>\n\n<\/ul>\n\n\n--><br \/>\n<\/body><\/p>\n","protected":false},"excerpt":{"rendered":"<p>Santo Domingo, R. D., 9 de marzo, 2018.- El Partido de la Liberaci\u00f3n Dominicana (PLD) anunci\u00f3 para el pr\u00f3ximo mi\u00e9rcoles el panel \u00abImpacto Geopol\u00edtico, Hist\u00f3rico y Religioso de convertir la Ciudad de Jerusal\u00e9n en Capital del Estado de Israel\u00bb, un foro para analizar dicha decisi\u00f3n que ha generado controversias en todo el mundo. Se trata [&hellip;]<\/p>\n","protected":false},"author":3,"featured_media":0,"comment_status":"open","ping_status":"open","sticky":false,"template":"","format":"standard","meta":{"footnotes":""},"categories":[22],"tags":[],"class_list":["post-171109","post","type-post","status-publish","format-standard","hentry","category-politica"],"_links":{"self":[{"href":"https:\/\/diariodominicano.com\/index.php?rest_route=\/wp\/v2\/posts\/171109","targetHints":{"allow":["GET"]}}],"collection":[{"href":"https:\/\/diariodominicano.com\/index.php?rest_route=\/wp\/v2\/posts"}],"about":[{"href":"https:\/\/diariodominicano.com\/index.php?rest_route=\/wp\/v2\/types\/post"}],"author":[{"embeddable":true,"href":"https:\/\/diariodominicano.com\/index.php?rest_route=\/wp\/v2\/users\/3"}],"replies":[{"embeddable":true,"href":"https:\/\/diariodominicano.com\/index.php?rest_route=%2Fwp%2Fv2%2Fcomments&post=171109"}],"version-history":[{"count":0,"href":"https:\/\/diariodominicano.com\/index.php?rest_route=\/wp\/v2\/posts\/171109\/revisions"}],"wp:attachment":[{"href":"https:\/\/diariodominicano.com\/index.php?rest_route=%2Fwp%2Fv2%2Fmedia&parent=171109"}],"wp:term":[{"taxonomy":"category","embeddable":true,"href":"https:\/\/diariodominicano.com\/index.php?rest_route=%2Fwp%2Fv2%2Fcategories&post=171109"},{"taxonomy":"post_tag","embeddable":true,"href":"https:\/\/diariodominicano.com\/index.php?rest_route=%2Fwp%2Fv2%2Ftags&post=171109"}],"curies":[{"name":"wp","href":"https:\/\/api.w.org\/{rel}","templated":true}]}}