{"id":171108,"date":"2018-03-09T13:02:26","date_gmt":"2018-03-09T13:02:26","guid":{"rendered":"http:\/\/diariodominicano.ddns.net\/?p=171108"},"modified":"2018-03-09T13:02:26","modified_gmt":"2018-03-09T13:02:26","slug":"margarito-de-leon-recibe-fuerte-apoyo-para-ser-presidente-internacional-del-prm","status":"publish","type":"post","link":"https:\/\/diariodominicano.com\/?p=171108","title":{"rendered":"Margarito De Le\u00f3n recibe fuerte apoyo para ser presidente Internacional del PRM"},"content":{"rendered":"<p><body><\/p>\n<p><img decoding=\"async\" src=\"img3\/marg1.jpg\" \/>  <\/p>\n<p>NUEVA YORK.-  El dirigente pol\u00edtico Margarito Carlos De Le\u00f3n ha recibido un fuerte apoyo de la base del Partido Revolucionario Moderno (PRM), como aspirante a la presidencia del Comit\u00e9 Internacional de ese partido en la en la Convenci\u00f3n del 18 de marzo para elegir a las autoridades internas.<\/p>\n<\/p>\n<p>De Le\u00f3n, que ocupa actualmente la Secretar\u00eda General del Comit\u00e9 Internacional del PRM y es miembro de su Direcci\u00f3n Ejecutiva Nacional, ha encabezado todas las actividades institucionales que ese partido ha realizado a nivel internacional y estuvo al frente de la candidatura presidencial del Lic. Luis Abinader en las pasadas elecciones dominicanas.<\/p>\n<\/p>\n<p>\u00abMargarito es un l\u00edder disciplinado, legal y sincero en su compromiso pol\u00edtico. Con \u00e9l tendremos un partido conectado a la sociedad y con una visi\u00f3n de hacer pol\u00edtica diferente para poder ganar en los a\u00f1os venideros\u00bb, declar\u00f3 Alfredo Arias Collado, aspirante a la Secretar\u00eda General de Ultramar.<\/p>\n<\/p>\n<p>Rafaela G\u00f3mez, que ha encabezado el liderazgo de las mujeres del PRM en Estados Unidos, elogi\u00f3 la bondad, humildad y gran capacidad de liderazgo que tiene Margarito, lo que seg\u00fan ella le permite resolver siempre cualquier problema interno para mantener unido a los miembros del partido.<\/p>\n<\/p>\n<p>\u00abMargarito ha sido siempre el factor n\u00famero uno de unidad y es la fuerza motora que va a lograr que obtengamos la victoria en Ultramar, para sacar la plaga morada del PLD que tanto da\u00f1o le ha hecho al pueblo dominicano\u00bb, dijo por su parte Dolores Moquete, dirigente en Washington del proyecto Luis Abinader Presidente 2020.<\/p>\n<\/p>\n<p>Wilfredo Lewis, quien fue el primer coordinador del proyecto Luis Abinader en Miami, Florida y es hijo de una prominente familia pe\u00f1agomista de la provincia Mar\u00eda Trinidad S\u00e1nchez, declar\u00f3:<\/p>\n<\/p>\n<p>\u00abMargarito es un ejemplo a seguir, hombre de posici\u00f3n estoica, fundamentada en la coherencia de su capacidad cognitiva, la cual le ha permitido salir inc\u00f3lume en todos los momentos dif\u00edciles que haya enfrentado en la vida. Por eso lo apoyo para la Presidencia del Comit\u00e9 Internacional del PRM\u00bb.<\/p>\n<\/p>\n<p>Por su parte, Margarito Carlos De Le\u00f3n sostuvo: \u00abEl PRM est\u00e1 compelido a elegir sus mejores cuadros para conducir y obtener la victoria en la pr\u00f3xima batalla electoral del 2020. Necesita dirigentes experimentados, firmes defensores y respetuosos de la institucionalidad como garantes de la integraci\u00f3n y unidad de todos los perreme\u00edstas, independientemente de que militen en un sector determinado a lo interno del partido\u00bb.<\/p>\n<\/p>\n<p>Y agreg\u00f3: \u00abEl fortalecimiento estructural e institucional del PRM es una tarea impostergable y hay que tomarlo en serio.  Es mi responsabilidad, y la raz\u00f3n por la que, atendiendo al llamado y hasta exigencia de muchos valiosos y meritorios compa\u00f1eros, asumo el compromiso de seguir cumpliendo con el deber de mantener presente y en alto la raz\u00f3n redentora del PRM\u00bb.<\/p>\n<\/p>\n<p>Entre las labores pol\u00edticas de Margarito figuran que fue secretario general del municipio Santo Domingo Norte, miembro del Comit\u00e9 Ejecutivo Nacional del Partido Revolucionario Dominicano (PRD); sub-secretario electoral nacional y miembro de la Comisi\u00f3n Nacional Organizadora de la Convenci\u00f3n, en el 2011.<\/p>\n<\/p>\n<h6> 2018-03-09 13:02:26 <\/h6>\n<p><!--\n<link rel=\"stylesheet\" href=\"css\/bootstrap.min.css\">\n\n\n<ul class=\"pagination\">\n\t    \n\t\n\n<li >\n\t<a href='?page_no=6446'>Previous<\/a>\n\t<\/li>\n\n\n       \n    \n\n<li><a href='?page_no=1'>1<\/a><\/li>\n\n\n\n<li><a href='?page_no=2'>2<\/a><\/li>\n\n\n\n<li><a>...<\/a><\/li>\n\n\n\n<li><a href='?page_no=6445'>6445<\/a><\/li>\n\n\n\n<li><a href='?page_no=6446'>6446<\/a><\/li>\n\n\n\n<li class='active'><a>6447<\/a><\/li>\n\n\n\n<li><a href='?page_no=6448'>6448<\/a><\/li>\n\n\n\n<li><a href='?page_no=6449'>6449<\/a><\/li>\n\n\n\n<li><a>...<\/a><\/li>\n\n\n\n<li><a href='?page_no=36999'>36999<\/a><\/li>\n\n\n\n<li><a href='?page_no=37000'>37000<\/a><\/li>\n\n    \n\t\n\n<li >\n\t<a href='?page_no=6448'>Next<\/a>\n\t<\/li>\n\n\n    \n\n<li><a href='?page_no=37000'>Last &rsaquo;&rsaquo;<\/a><\/li>\n\n<\/ul>\n\n\n--><br \/>\n<\/body><\/p>\n","protected":false},"excerpt":{"rendered":"<p>NUEVA YORK.- El dirigente pol\u00edtico Margarito Carlos De Le\u00f3n ha recibido un fuerte apoyo de la base del Partido Revolucionario Moderno (PRM), como aspirante a la presidencia del Comit\u00e9 Internacional de ese partido en la en la Convenci\u00f3n del 18 de marzo para elegir a las autoridades internas. De Le\u00f3n, que ocupa actualmente la Secretar\u00eda [&hellip;]<\/p>\n","protected":false},"author":3,"featured_media":0,"comment_status":"open","ping_status":"open","sticky":false,"template":"","format":"standard","meta":{"footnotes":""},"categories":[22],"tags":[],"class_list":["post-171108","post","type-post","status-publish","format-standard","hentry","category-politica"],"_links":{"self":[{"href":"https:\/\/diariodominicano.com\/index.php?rest_route=\/wp\/v2\/posts\/171108","targetHints":{"allow":["GET"]}}],"collection":[{"href":"https:\/\/diariodominicano.com\/index.php?rest_route=\/wp\/v2\/posts"}],"about":[{"href":"https:\/\/diariodominicano.com\/index.php?rest_route=\/wp\/v2\/types\/post"}],"author":[{"embeddable":true,"href":"https:\/\/diariodominicano.com\/index.php?rest_route=\/wp\/v2\/users\/3"}],"replies":[{"embeddable":true,"href":"https:\/\/diariodominicano.com\/index.php?rest_route=%2Fwp%2Fv2%2Fcomments&post=171108"}],"version-history":[{"count":0,"href":"https:\/\/diariodominicano.com\/index.php?rest_route=\/wp\/v2\/posts\/171108\/revisions"}],"wp:attachment":[{"href":"https:\/\/diariodominicano.com\/index.php?rest_route=%2Fwp%2Fv2%2Fmedia&parent=171108"}],"wp:term":[{"taxonomy":"category","embeddable":true,"href":"https:\/\/diariodominicano.com\/index.php?rest_route=%2Fwp%2Fv2%2Fcategories&post=171108"},{"taxonomy":"post_tag","embeddable":true,"href":"https:\/\/diariodominicano.com\/index.php?rest_route=%2Fwp%2Fv2%2Ftags&post=171108"}],"curies":[{"name":"wp","href":"https:\/\/api.w.org\/{rel}","templated":true}]}}