{"id":171106,"date":"2018-03-10T06:05:46","date_gmt":"2018-03-10T06:05:46","guid":{"rendered":"http:\/\/diariodominicano.ddns.net\/?p=171106"},"modified":"2018-03-10T06:05:46","modified_gmt":"2018-03-10T06:05:46","slug":"secretario-general-onu-tiene-facultad-para-envio-de-observadores-electorales-maduro","status":"publish","type":"post","link":"https:\/\/diariodominicano.com\/?p=171106","title":{"rendered":"Secretario general ONU tiene facultad para env\u00edo de observadores electorales: Maduro"},"content":{"rendered":"<p><body><\/p>\n<p><img decoding=\"async\" src=\"img3\/137028360_1520644065186_title0h.jpg\" \/><br \/><img decoding=\"async\" src=\"img3\/137028360_15206440158171n.jpg\" \/>  <\/p>\n<p><strong>El presidente de Venezuela, Nicol\u00e1s Maduro (c), pronuncia un discurso durante una jornada de carnetizacion del Partido Socialista Unido de Venezuela (PSUV), en la Plaza Bol\u00edvar, en Caracas, Venezuela, el 9 de marzo de 2018. El presidente de Venezuela, Nicol\u00e1s Maduro, dijo el viernes que el secretario general de la Organizaci\u00f3n de las Naciones Unidas (ONU), Ant\u00f3nio Guterres, no requiere de alg\u00fan \u00abpaso burocr\u00e1tico\u00bb para el env\u00edo de una misi\u00f3n de acompa\u00f1amiento en los pr\u00f3ximos comicios presidenciales. \u00abLos reglamentos de las Naciones Unidas le facultan al secretario general para designar comisi\u00f3n de observaci\u00f3n electoral en cualquier proceso, sin necesidad de pasar por alg\u00fan paso burocr\u00e1tico: Asamblea General, Consejo de Seguridad\u00bb, explic\u00f3 Maduro en Caracas. El presidente venezolano ratific\u00f3 su solicitud al secretario general de la ONU para que designe una misi\u00f3n de acompa\u00f1amiento en los comicios presidenciales programados para el pr\u00f3ximo 20 de mayo. (Xinhua\/Str)<\/strong><\/p>\n<\/p>\n<p><strong>CARACAS, 9 mar (Xinhua) &#8212;<\/strong> El presidente de Venezuela, Nicol\u00e1s Maduro, dijo hoy que el secretario general de la ONU, Antonio Guterres, no requiere de alg\u00fan \u00abpaso burocr\u00e1tico\u00bb para el env\u00edo de una misi\u00f3n de acompa\u00f1amiento en los pr\u00f3ximos comicios presidenciales.<\/p>\n<\/p>\n<p>\u00abLos reglamentos de las Naciones Unidas le facultan al secretario general para designar comisi\u00f3n de observaci\u00f3n electoral en cualquier proceso, sin necesidad de pasar por alg\u00fan paso burocr\u00e1tico: Asamblea General, Consejo de Seguridad\u00bb, explic\u00f3 Maduro en Caracas.<\/p>\n<\/p>\n<p>El presidente venezolano ratific\u00f3 su solicitud al secretario general de la Organizaci\u00f3n de las Naciones Unidas (ONU) para que designe una misi\u00f3n de acompa\u00f1amiento en los comicios presidenciales programados para el pr\u00f3ximo 20 de mayo.<\/p>\n<\/p>\n<p>No obstante, el mandatario asegur\u00f3 tener \u00abmuy buena informaci\u00f3n de que por debajo, en los \u00f3rganos burocr\u00e1ticos de la Secretar\u00eda General de Naciones Unidas, hay una operaci\u00f3n dirigida por el Departamento de Estado (de Estados Unidos) para que no se env\u00ede una delegaci\u00f3n de observaci\u00f3n a Venezuela\u00bb.<\/p>\n<\/p>\n<p>De igual forma critic\u00f3 a la oposici\u00f3n local, aglutinada en la alianza Mesa de la Unidad Democr\u00e1tica (MUD), por solicitar este viernes \u00abal secretario general (Guterres) que no env\u00ede observadores electorales\u00bb a Venezuela.<\/p>\n<\/p>\n<p>\u00ab\u00bfQuieren garant\u00edas electorales y piden que no vengan observadores? \u00bfC\u00f3mo es esto? \u00bfPor qu\u00e9 tanta contradicci\u00f3n, tanta locura?\u00bb, se pregunt\u00f3 Maduro al reiterar que desea que la ONU env\u00ede una \u00abpoderosa comisi\u00f3n de observaci\u00f3n\u00bb.<\/p>\n<\/p>\n<p>El portavoz de Guterres, St\u00e9phane Dujarric, declar\u00f3 el jueves que para enviar una misi\u00f3n de observaci\u00f3n de la ONU a los comicios de Venezuela es necesaria la aprobaci\u00f3n por parte de la Asamblea General o del Consejo de Seguridad de ese organismo multilateral.<\/p>\n<\/p>\n<p>\u00abEl secretario general no puede enviar personal de Naciones Unidas a observar unas elecciones sin un mandato espec\u00edfico de la Asamblea General o del Consejo de Seguridad\u00bb, explic\u00f3 Dujarric.<\/p>\n<\/p>\n<p>El pr\u00f3ximo 20 de mayo los venezolanos est\u00e1n convocados a un proceso electoral presidencial que renovar\u00e1 el cargo para el periodo 2019-2025.<\/p>\n<\/p>\n<\/p>\n<h6> 2018-03-10 06:05:46 <\/h6>\n<p><!--\n<link rel=\"stylesheet\" href=\"css\/bootstrap.min.css\">\n\n\n<ul class=\"pagination\">\n\t    \n\t\n\n<li >\n\t<a href='?page_no=6444'>Previous<\/a>\n\t<\/li>\n\n\n       \n    \n\n<li><a href='?page_no=1'>1<\/a><\/li>\n\n\n\n<li><a href='?page_no=2'>2<\/a><\/li>\n\n\n\n<li><a>...<\/a><\/li>\n\n\n\n<li><a href='?page_no=6443'>6443<\/a><\/li>\n\n\n\n<li><a href='?page_no=6444'>6444<\/a><\/li>\n\n\n\n<li class='active'><a>6445<\/a><\/li>\n\n\n\n<li><a href='?page_no=6446'>6446<\/a><\/li>\n\n\n\n<li><a href='?page_no=6447'>6447<\/a><\/li>\n\n\n\n<li><a>...<\/a><\/li>\n\n\n\n<li><a href='?page_no=36999'>36999<\/a><\/li>\n\n\n\n<li><a href='?page_no=37000'>37000<\/a><\/li>\n\n    \n\t\n\n<li >\n\t<a href='?page_no=6446'>Next<\/a>\n\t<\/li>\n\n\n    \n\n<li><a href='?page_no=37000'>Last &rsaquo;&rsaquo;<\/a><\/li>\n\n<\/ul>\n\n\n--><br \/>\n<\/body><\/p>\n","protected":false},"excerpt":{"rendered":"<p>El presidente de Venezuela, Nicol\u00e1s Maduro (c), pronuncia un discurso durante una jornada de carnetizacion del Partido Socialista Unido de Venezuela (PSUV), en la Plaza Bol\u00edvar, en Caracas, Venezuela, el 9 de marzo de 2018. El presidente de Venezuela, Nicol\u00e1s Maduro, dijo el viernes que el secretario general de la Organizaci\u00f3n de las Naciones Unidas [&hellip;]<\/p>\n","protected":false},"author":3,"featured_media":0,"comment_status":"open","ping_status":"open","sticky":false,"template":"","format":"standard","meta":{"footnotes":""},"categories":[22],"tags":[],"class_list":["post-171106","post","type-post","status-publish","format-standard","hentry","category-politica"],"_links":{"self":[{"href":"https:\/\/diariodominicano.com\/index.php?rest_route=\/wp\/v2\/posts\/171106","targetHints":{"allow":["GET"]}}],"collection":[{"href":"https:\/\/diariodominicano.com\/index.php?rest_route=\/wp\/v2\/posts"}],"about":[{"href":"https:\/\/diariodominicano.com\/index.php?rest_route=\/wp\/v2\/types\/post"}],"author":[{"embeddable":true,"href":"https:\/\/diariodominicano.com\/index.php?rest_route=\/wp\/v2\/users\/3"}],"replies":[{"embeddable":true,"href":"https:\/\/diariodominicano.com\/index.php?rest_route=%2Fwp%2Fv2%2Fcomments&post=171106"}],"version-history":[{"count":0,"href":"https:\/\/diariodominicano.com\/index.php?rest_route=\/wp\/v2\/posts\/171106\/revisions"}],"wp:attachment":[{"href":"https:\/\/diariodominicano.com\/index.php?rest_route=%2Fwp%2Fv2%2Fmedia&parent=171106"}],"wp:term":[{"taxonomy":"category","embeddable":true,"href":"https:\/\/diariodominicano.com\/index.php?rest_route=%2Fwp%2Fv2%2Fcategories&post=171106"},{"taxonomy":"post_tag","embeddable":true,"href":"https:\/\/diariodominicano.com\/index.php?rest_route=%2Fwp%2Fv2%2Ftags&post=171106"}],"curies":[{"name":"wp","href":"https:\/\/api.w.org\/{rel}","templated":true}]}}