{"id":171105,"date":"2018-03-10T07:16:18","date_gmt":"2018-03-10T07:16:18","guid":{"rendered":"http:\/\/diariodominicano.ddns.net\/?p=171105"},"modified":"2018-03-10T07:16:18","modified_gmt":"2018-03-10T07:16:18","slug":"los-moderados-son-los-grandes-derrotados-en-cataluna-dice-exministro-de-puigdemont","status":"publish","type":"post","link":"https:\/\/diariodominicano.com\/?p=171105","title":{"rendered":"Los moderados son los \u00abgrandes derrotados\u00bb en Catalu\u00f1a, dice exministro de Puigdemont"},"content":{"rendered":"<p><body><\/p>\n<p><img decoding=\"async\" src=\"img3\/06fca66116b99bfdb00f69ff85b489d610ccadfc.jpg\" \/><br \/><img decoding=\"async\" src=\"img3\/596ed94c61946f876c9ace3247a54c34a68e20ca.jpg\" \/>  <\/p>\n<\/p>\n<p>AFP \/ Pau Barrena<\/p>\n<p>\u00abLos grandes derrotados somos los moderados\u00bb asegura Santi Vila, que fue miembro del gobierno catal\u00e1n de Puigdemont hasta la v\u00edspera de la declaraci\u00f3n de independencia y ahora es tildado de \u00abtraidor\u00bb por sus posiciones contrarias al choque con Madrid<\/p>\n<p>\u00abLos grandes derrotados somos los moderados\u00bb, asegura Santi Vila, que fue miembro del gobierno independentista catal\u00e1n de Carles Puigdemont hasta la v\u00edspera de la declaraci\u00f3n de independencia y ahora es tildado de \u00abtraidor\u00bb por sus posiciones contrarias al choque frontal con Madrid.<\/p>\n<\/p>\n<p>Durante meses, este pol\u00edtico e historiador de 44 a\u00f1os, amigo personal de Puigdemont, medi\u00f3 con el gobierno espa\u00f1ol para buscar una soluci\u00f3n. Hasta el \u00faltimo d\u00eda trat\u00f3 de evitar una declaraci\u00f3n unilateral de independencia y la consecuente intervenci\u00f3n por Madrid del autogobierno regional el 27 de octubre.<\/p>\n<\/p>\n<p>Ahora recoge en el libro \u00abDe h\u00e9roes y traidores\u00bb sus recuerdos sobre esas semanas cr\u00edticas de octubre, que hicieron temblar Espa\u00f1a y llevaron a Catalu\u00f1a a la escena internacional, acusando a sus excompa\u00f1eros de perseguir un sue\u00f1o imposible fuera de la ley y anteponer la emoci\u00f3n a la raz\u00f3n.<\/p>\n<\/p>\n<p>\u00abHa faltado pragmatismo. En pol\u00edtica el sue\u00f1o es muy importante pero tambi\u00e9n el sentido de la realidad\u00bb, afirma en la cafeter\u00eda de un lujoso hotel del centro de Barcelona este hombre alto y elegante, con una fina barba gris\u00e1cea perfectamente definida.<\/p>\n<\/p>\n<p>\u00abHay que tener un ideario pero con los pies en el suelo. Cuando hay un desfase excesivo, todo se colapsa\u00bb, a\u00f1ade.<\/p>\n<\/p>\n<p>&#8211; &#8216;Hemos involucionado&#8217; &#8211;<\/p>\n<\/p>\n<p>El sue\u00f1o independentista colaps\u00f3: el gobierno catal\u00e1n fue destituido, algunos l\u00edderes como Puigdemont se marcharon a B\u00e9lgica, otros fueron encarcelados preventivamente y la administraci\u00f3n regional est\u00e1 ahora controlada desde Madrid por primera vez en cuarenta a\u00f1os.<\/p>\n<\/p>\n<p>\u00abEstamos mucho peor de lo que est\u00e1bamos\u00bb, lamenta Vila. \u00abVolvemos a estar en la preautonom\u00eda. Ahora, la reivindicaci\u00f3n del catalanismo pasa por recuperar el autogobierno y la amnist\u00eda para los presos\u00bb como tras la muerte del dictador Francisco Franco en 1975.<\/p>\n<\/p>\n<p>AFP \/ Pau Barrena<\/p>\n<p>\u00abEstamos mucho peor de lo que est\u00e1bamos\u00bb, lamenta Vila. \u00abVolvemos a estar en la preautonom\u00eda. Ahora, la reivindicaci\u00f3n del catalanismo pasa por recuperar el autogobierno y la amnist\u00eda para los presos\u00bb como tras la muerte del dictador Francisco Franco<\/p>\n<p>\u00abA corto plazo, hemos involucionado\u00bb, aseguro.<\/p>\n<\/p>\n<p>Pero sus llamados a la moderaci\u00f3n no parecen surtir efecto: poco despu\u00e9s de la entrevista, los independentistas anunciaban un programa de gobierno para intentar seducir a su facci\u00f3n m\u00e1s radical.<\/p>\n<\/p>\n<p>En \u00e9l se comprometen a implementar la rep\u00fablica proclamada sin efecto en octubre y a preparar un boceto de la futura constituci\u00f3n catalana que sea aprobado en un refer\u00e9ndum de dif\u00edcil encaje legal en Espa\u00f1a, como ya ocurri\u00f3 con la votaci\u00f3n sobre la independencia del 1 de octubre.<\/p>\n<\/p>\n<p>\u00abEl proyecto independentista debe aprender que tiene que actuar siempre en el marco del ordenamiento legal\u00bb, advierte quien fuera responsable de Cultura y Empresa en el gobierno catal\u00e1n.<\/p>\n<\/p>\n<p>Y sobre todo tener m\u00e1s apoyos, dice recordando que en los \u00faltimos dos comicios (2015, 2017) no superaron el 50% de los votos a pesar de obtener mayor\u00eda en esca\u00f1os por la sobrerrepresentaci\u00f3n de las zonas rurales m\u00e1s nacionalistas.<\/p>\n<\/p>\n<p>\u00abHay muchos errores de an\u00e1lisis en el independentismo. Uno de estos es sobrevalorar sus apoyos cuando se ha ido demostrando que hab\u00eda una situaci\u00f3n de empate t\u00e9cnico\u00bb, afirma.<\/p>\n<\/p>\n<p>\u00abLa mitad de la poblaci\u00f3n est\u00e1 por la independencia pero la otra mitad est\u00e1 c\u00f3moda con el ordenamiento constitucional. Un proyecto de esta magnitud necesita de m\u00e1s mayor\u00eda\u00bb.<\/p>\n<\/p>\n<p>&#8211; La rep\u00fablica no estaba preparada &#8211;<\/p>\n<\/p>\n<p>El libro y las cr\u00edticas de Vila indignaron en las filas separatistas: \u00abun libro trufado de falsedades\u00bb para recrearse en su ego, \u00abuna bajeza moral indescriptible\u00bb, han dicho dos de sus excompa\u00f1eros de gobierno.<\/p>\n<\/p>\n<p>\u00abEs un ejercicio de honestidad que la ciudadan\u00eda se merece\u00bb, responde \u00e9l que desmiente en casi 200 p\u00e1ginas muchos mensajes lanzados desde la formaci\u00f3n del gobierno de Puigdemont, cuando prometi\u00f3 la independencia en 18 meses.<\/p>\n<\/p>\n<p>\u00abEn el gobierno no trabajamos en la preparaci\u00f3n de una nueva rep\u00fablica para el d\u00eda despu\u00e9s de la declaraci\u00f3n de independencia\u00bb, asegura en su publicaci\u00f3n a pesar de que durante meses afirmaron tener lista una agencia tributaria propia, l\u00edneas de financiaci\u00f3n e incluso reconocimientos internacionales.<\/p>\n<\/p>\n<p>\u00bfFue todo un farol? \u00abHasta el \u00faltimo momento, el presidente confi\u00f3 en que en el mejor de los casos podr\u00edamos pactar un refer\u00e9ndum\u00bb con Madrid, \u00abque si \u00edbamos ganando fuerza pol\u00edtica conseguir\u00edamos torcer el brazo del gobierno espa\u00f1ol y conseguir un refer\u00e9ndum\u00bb.<\/p>\n<\/p>\n<p>Enfrentado con su partido, Vila se ha apartado temporalmente de la pol\u00edtica, dedicado a dar clases en la universidad y a la empresa privada mientras aguarda que \u00abla moderaci\u00f3n vuelva a estar de moda en Catalu\u00f1a\u00bb.<\/p>\n<\/p>\n<p>\u00abAhora es un acto de valent\u00eda ser moderado en Catalu\u00f1a. Ser revolucionario es muy f\u00e1cil\u00bb, dice como despedida.<\/p>\n<h6> 2018-03-10 07:16:18 <\/h6>\n<p><!--\n<link rel=\"stylesheet\" href=\"css\/bootstrap.min.css\">\n\n\n<ul class=\"pagination\">\n\t    \n\t\n\n<li >\n\t<a href='?page_no=6443'>Previous<\/a>\n\t<\/li>\n\n\n       \n    \n\n<li><a href='?page_no=1'>1<\/a><\/li>\n\n\n\n<li><a href='?page_no=2'>2<\/a><\/li>\n\n\n\n<li><a>...<\/a><\/li>\n\n\n\n<li><a href='?page_no=6442'>6442<\/a><\/li>\n\n\n\n<li><a href='?page_no=6443'>6443<\/a><\/li>\n\n\n\n<li class='active'><a>6444<\/a><\/li>\n\n\n\n<li><a href='?page_no=6445'>6445<\/a><\/li>\n\n\n\n<li><a href='?page_no=6446'>6446<\/a><\/li>\n\n\n\n<li><a>...<\/a><\/li>\n\n\n\n<li><a href='?page_no=36999'>36999<\/a><\/li>\n\n\n\n<li><a href='?page_no=37000'>37000<\/a><\/li>\n\n    \n\t\n\n<li >\n\t<a href='?page_no=6445'>Next<\/a>\n\t<\/li>\n\n\n    \n\n<li><a href='?page_no=37000'>Last &rsaquo;&rsaquo;<\/a><\/li>\n\n<\/ul>\n\n\n--><br \/>\n<\/body><\/p>\n","protected":false},"excerpt":{"rendered":"<p>AFP \/ Pau Barrena \u00abLos grandes derrotados somos los moderados\u00bb asegura Santi Vila, que fue miembro del gobierno catal\u00e1n de Puigdemont hasta la v\u00edspera de la declaraci\u00f3n de independencia y ahora es tildado de \u00abtraidor\u00bb por sus posiciones contrarias al choque con Madrid \u00abLos grandes derrotados somos los moderados\u00bb, asegura Santi Vila, que fue miembro [&hellip;]<\/p>\n","protected":false},"author":3,"featured_media":0,"comment_status":"open","ping_status":"open","sticky":false,"template":"","format":"standard","meta":{"footnotes":""},"categories":[22],"tags":[],"class_list":["post-171105","post","type-post","status-publish","format-standard","hentry","category-politica"],"_links":{"self":[{"href":"https:\/\/diariodominicano.com\/index.php?rest_route=\/wp\/v2\/posts\/171105","targetHints":{"allow":["GET"]}}],"collection":[{"href":"https:\/\/diariodominicano.com\/index.php?rest_route=\/wp\/v2\/posts"}],"about":[{"href":"https:\/\/diariodominicano.com\/index.php?rest_route=\/wp\/v2\/types\/post"}],"author":[{"embeddable":true,"href":"https:\/\/diariodominicano.com\/index.php?rest_route=\/wp\/v2\/users\/3"}],"replies":[{"embeddable":true,"href":"https:\/\/diariodominicano.com\/index.php?rest_route=%2Fwp%2Fv2%2Fcomments&post=171105"}],"version-history":[{"count":0,"href":"https:\/\/diariodominicano.com\/index.php?rest_route=\/wp\/v2\/posts\/171105\/revisions"}],"wp:attachment":[{"href":"https:\/\/diariodominicano.com\/index.php?rest_route=%2Fwp%2Fv2%2Fmedia&parent=171105"}],"wp:term":[{"taxonomy":"category","embeddable":true,"href":"https:\/\/diariodominicano.com\/index.php?rest_route=%2Fwp%2Fv2%2Fcategories&post=171105"},{"taxonomy":"post_tag","embeddable":true,"href":"https:\/\/diariodominicano.com\/index.php?rest_route=%2Fwp%2Fv2%2Ftags&post=171105"}],"curies":[{"name":"wp","href":"https:\/\/api.w.org\/{rel}","templated":true}]}}