{"id":171104,"date":"2018-03-10T08:03:06","date_gmt":"2018-03-10T08:03:06","guid":{"rendered":"http:\/\/diariodominicano.ddns.net\/?p=171104"},"modified":"2018-03-10T08:03:06","modified_gmt":"2018-03-10T08:03:06","slug":"ultraderecha-francesa-realiza-congreso-para-promover-su-refundacion","status":"publish","type":"post","link":"https:\/\/diariodominicano.com\/?p=171104","title":{"rendered":"Ultraderecha francesa realiza Congreso para promover su refundaci\u00f3n"},"content":{"rendered":"<p><body><\/p>\n<p><img decoding=\"async\" src=\"img3\/Marine-Le-Pen.jpg\" \/>  <\/p>\n<p><strong> Par\u00eds, 10 mar (PL)<\/strong> El ultraderechista Frente Nacional (FN) comienza hoy su Congreso general en la ciudad de Lille, ubicada en el norte de Francia, un evento dirigido a refundar el partido, seg\u00fan anunci\u00f3 su presidenta, Marine Le Pen.<\/p>\n<\/p>\n<p>La cita se realiza al finalizar una gira nacional de la l\u00edder pol\u00edtica con el fin de impulsar los cambios, los cuales calific\u00f3 de &#8216;revoluci\u00f3n cultural&#8217;.<\/p>\n<\/p>\n<p>&#8216;Es una revoluci\u00f3n cultural extremadamente profunda que va a influenciar la forma en que todos vamos a trabajar&#8217;, con el fin de pasar &#8216;de una cultura de oposici\u00f3n a una cultura de gobierno&#8217;, sostuvo.<\/p>\n<\/p>\n<p>Con este prop\u00f3sito, durante el Congreso se deber\u00e1n aprobar nuevos estatutos para lograr un funcionamiento m\u00e1s democr\u00e1tico, as\u00ed como trazar una nueva estrategia.<\/p>\n<\/p>\n<p>Entre los cambios previstos se incluye adem\u00e1s cambiar el nombre de la formaci\u00f3n, lo cual Le Pen pretende someter a consulta de los militantes, luego del Congreso.<\/p>\n<\/p>\n<p>Esta semana la ex candidata presidencial anunci\u00f3 que una mayor\u00eda de integrantes del FN aprob\u00f3 en principio esa propuesta de modificaci\u00f3n, mientras que la nueva denominaci\u00f3n ser\u00e1 sometida a escrutinio en las pr\u00f3ximas semanas.<\/p>\n<\/p>\n<p>En los comicios presidenciales de 2017, la l\u00edder ultraderechista fue la segunda candidata m\u00e1s votada y logr\u00f3 el mayor apoyo en la historia del FN, fundado en 1972 por su padre, Jean-Marie Le Pen.<\/p>\n<\/p>\n<p>Desde que Le Pen hija asumi\u00f3 las riendas de la formaci\u00f3n en 2011, se ha distanciado de la l\u00ednea pol\u00edtica radical desarrollada por su predecesor, lo que se considera una de las claves del avance conseguido.<\/p>\n<\/p>\n<p>agp\/lmg\/cvl<\/p>\n<p>Temas Relacionados:<\/p>\n<h6> 2018-03-10 08:03:06 <\/h6>\n<p><!--\n<link rel=\"stylesheet\" href=\"css\/bootstrap.min.css\">\n\n\n<ul class=\"pagination\">\n\t    \n\t\n\n<li >\n\t<a href='?page_no=6442'>Previous<\/a>\n\t<\/li>\n\n\n       \n    \n\n<li><a href='?page_no=1'>1<\/a><\/li>\n\n\n\n<li><a href='?page_no=2'>2<\/a><\/li>\n\n\n\n<li><a>...<\/a><\/li>\n\n\n\n<li><a href='?page_no=6441'>6441<\/a><\/li>\n\n\n\n<li><a href='?page_no=6442'>6442<\/a><\/li>\n\n\n\n<li class='active'><a>6443<\/a><\/li>\n\n\n\n<li><a href='?page_no=6444'>6444<\/a><\/li>\n\n\n\n<li><a href='?page_no=6445'>6445<\/a><\/li>\n\n\n\n<li><a>...<\/a><\/li>\n\n\n\n<li><a href='?page_no=36999'>36999<\/a><\/li>\n\n\n\n<li><a href='?page_no=37000'>37000<\/a><\/li>\n\n    \n\t\n\n<li >\n\t<a href='?page_no=6444'>Next<\/a>\n\t<\/li>\n\n\n    \n\n<li><a href='?page_no=37000'>Last &rsaquo;&rsaquo;<\/a><\/li>\n\n<\/ul>\n\n\n--><br \/>\n<\/body><\/p>\n","protected":false},"excerpt":{"rendered":"<p>Par\u00eds, 10 mar (PL) El ultraderechista Frente Nacional (FN) comienza hoy su Congreso general en la ciudad de Lille, ubicada en el norte de Francia, un evento dirigido a refundar el partido, seg\u00fan anunci\u00f3 su presidenta, Marine Le Pen. La cita se realiza al finalizar una gira nacional de la l\u00edder pol\u00edtica con el fin [&hellip;]<\/p>\n","protected":false},"author":3,"featured_media":0,"comment_status":"open","ping_status":"open","sticky":false,"template":"","format":"standard","meta":{"footnotes":""},"categories":[22],"tags":[],"class_list":["post-171104","post","type-post","status-publish","format-standard","hentry","category-politica"],"_links":{"self":[{"href":"https:\/\/diariodominicano.com\/index.php?rest_route=\/wp\/v2\/posts\/171104","targetHints":{"allow":["GET"]}}],"collection":[{"href":"https:\/\/diariodominicano.com\/index.php?rest_route=\/wp\/v2\/posts"}],"about":[{"href":"https:\/\/diariodominicano.com\/index.php?rest_route=\/wp\/v2\/types\/post"}],"author":[{"embeddable":true,"href":"https:\/\/diariodominicano.com\/index.php?rest_route=\/wp\/v2\/users\/3"}],"replies":[{"embeddable":true,"href":"https:\/\/diariodominicano.com\/index.php?rest_route=%2Fwp%2Fv2%2Fcomments&post=171104"}],"version-history":[{"count":0,"href":"https:\/\/diariodominicano.com\/index.php?rest_route=\/wp\/v2\/posts\/171104\/revisions"}],"wp:attachment":[{"href":"https:\/\/diariodominicano.com\/index.php?rest_route=%2Fwp%2Fv2%2Fmedia&parent=171104"}],"wp:term":[{"taxonomy":"category","embeddable":true,"href":"https:\/\/diariodominicano.com\/index.php?rest_route=%2Fwp%2Fv2%2Fcategories&post=171104"},{"taxonomy":"post_tag","embeddable":true,"href":"https:\/\/diariodominicano.com\/index.php?rest_route=%2Fwp%2Fv2%2Ftags&post=171104"}],"curies":[{"name":"wp","href":"https:\/\/api.w.org\/{rel}","templated":true}]}}