{"id":171103,"date":"2018-03-10T16:15:35","date_gmt":"2018-03-10T16:15:35","guid":{"rendered":"http:\/\/diariodominicano.ddns.net\/?p=171103"},"modified":"2018-03-10T16:15:35","modified_gmt":"2018-03-10T16:15:35","slug":"bachelet-y-pinera-visperas-de-cambio-de-mando-en-chile","status":"publish","type":"post","link":"https:\/\/diariodominicano.com\/?p=171103","title":{"rendered":"Bachelet y Pi\u00f1era v\u00edsperas de cambio de mando en Chile"},"content":{"rendered":"<p><body><\/p>\n<p><img decoding=\"async\" src=\"img3\/bachelet.jpg\" \/>  <\/p>\n<p><span class=\"text1noticias\">Santiago de Chile, 10 mar (PL) La presidenta de Chile, Michelle Bachelet, y el mandatario electo, Sebasti\u00e1n Pi\u00f1era, desarrollan hoy una intensa agenda de trabajo enfocada en entrevistas con jefes de estado o gobierno de distintos pa\u00edses<\/span><\/p>\n<\/p>\n<p><span class=\"text1noticias\">A menos de 24 horas de la investidura de Pi\u00f1era en el Congreso Nacional en Valpara\u00edso, el pol\u00edtico conservador inici\u00f3 sus encuentros en la sede de la Academia Diplom\u00e1tica al recibir al rey em\u00e9rito de Espa\u00f1a, Juan Carlos de Borb\u00f3n.<\/span><\/p>\n<\/p>\n<p><span class=\"text1noticias\">Pi\u00f1era, acompa\u00f1ado por el canciller designado, Roberto Ampuero, recibi\u00f3 acto seguido al presidente de Honduras, Juan Orlando Hern\u00e1ndez, a parlamentarios de Corea del Sur, y a la Vicepresidenta de Ir\u00e1n, Laaya Joneidi.<\/span><\/p>\n<\/p>\n<p><span class=\"text1noticias\">Igualmente, con el vicepresidente de la Asamblea Popular China, Ma Peihua, y m\u00e1s tarde lo har\u00e1 con los mandatarios de Per\u00fa, Pedro Pablo Kuczynski y de Bolivia, Evo Morales.<\/span><\/p>\n<\/p>\n<p><span class=\"text1noticias\">La cita con Evo Morales es la que mayor expectaci\u00f3n ha generado, a 11 d\u00edas de la vista oral en la Corte Internacional de Justicia de La Haya, donde Bolivia demanda a Chile por una salida soberana al mar.<\/span><\/p>\n<\/p>\n<p><span class=\"text1noticias\">Pese a los colores pol\u00edticos diametralmente opuestos, Morales, de izquierda, manifest\u00f3 su deseo de entablar una relaci\u00f3n constructiva con Pi\u00f1era, derecha, y valor\u00f3 los comentarios al respecto del ministro Ampuero.<\/span><\/p>\n<\/p>\n<p><span class=\"text1noticias\">Bachelet, por su lado, comenz\u00f3 sus actividades promulgando una ley para crear el Fondo de Infraestructura destinado a proyectos de desarrollo, en medio de expectativas por el eventual cierre de la prisi\u00f3n de Punta Peuco.<\/span><\/p>\n<\/p>\n<p><span class=\"text1noticias\">Se trata de una c\u00e1rcel muy criticada por defensores de los derechos humanos, en raz\u00f3n de condiciones privilegiadas de vida de las que disfrutan autores de cr\u00edmenes, desapariciones y torturas durante la dictadura de Augusto Pinochet (1973-1990).<\/span><\/p>\n<\/p>\n<p><span class=\"text1noticias\">Las versiones circuladas por algunas figuras pol\u00edticas de izquierda y medios de prensa locales se\u00f1alan que ya fue firmado ayer el Decreto Supremo que en realidad, apunta a trasladar los reos de penitenciar\u00eda y reformar el sentido de Punta Peuco.<\/span><\/p>\n<\/p>\n<p><span class=\"text1noticias\">Dentro de las reuniones protocolares programadas, Bachelet convers\u00f3 con el secretario de Comercio de Estados Unidos, Wilbur Ross, el canciller de Palestina, Riad Al Malki, y la vicepresidenta de Ir\u00e1n.<\/span><\/p>\n<\/p>\n<p><span class=\"text1noticias\">Tambi\u00e9n, el jefe del grupo parlamentario Jap\u00f3n-Chile, Ryu Shionoya, el delegado de China, Ma Peihua, y el rey em\u00e9rito Juan Carlos, para luego ofrecer una cena a los participantes extranjeros en las ceremonias de transmisi\u00f3n de mando presidencial.<\/span><\/p>\n<\/p>\n<p><span class=\"text1noticias\">De forma paralela y a prop\u00f3sito de la visita del gobernante de Ecuador, Len\u00edn Moreno, la minera estatal chilena Codelco, mayor productora mundial de cobre, y la ecuatoriana Enami EP firmaron un acuerdo.<\/span><\/p>\n<\/p>\n<p><span class=\"text1noticias\">Se trata de un convenio para el desarrollo conjunto del proyecto cupr\u00edfero Llurimagua en tierras ecuatorianas.<\/span><\/p>\n<\/p>\n<p><span class=\"text1noticias\">La ministra de Miner\u00eda de Ecuador, Rebeca Illescas, declar\u00f3 que el proyecto terminar\u00e1 la exploraci\u00f3n avanzada este a\u00f1o y se iniciar\u00e1 la factibilidad en los siguientes.<\/span><\/p>\n<\/p>\n<p><span class=\"text1noticias\">&#8216;Ratificamos el compromiso de crear un veh\u00edculo legal que permita materializar estos acuerdos&#8217;, apunt\u00f3 Illescas.<\/span><\/p>\n<\/p>\n<p><span class=\"text1noticias\">Al respecto, el presidente Moreno coment\u00f3 que &#8216;este convenio en el sector minero nos permitir\u00e1 fortalecer conocimientos, intercambiar experiencias conjuntas y a futuro desarrollar un trabajo de beneficio mutuo&#8217;.<\/span><\/p>\n<\/p>\n<p><span class=\"text1noticias\">&#8216;Chile tiene inmensa experiencia en industria minera. Es el mayor productor mundial de cobre y los expertos aseguran que Ecuador tiene un gran potencial en la industria minera. Se ha calculado que entre el 12% y el 15% del cobre del mundo podr\u00eda estar en Ecuador&#8217;, se\u00f1al\u00f3 Moreno.<\/span><\/p>\n<\/p>\n<h6> 2018-03-10 16:15:35 <\/h6>\n<p><!--\n<link rel=\"stylesheet\" href=\"css\/bootstrap.min.css\">\n\n\n<ul class=\"pagination\">\n\t    \n\t\n\n<li >\n\t<a href='?page_no=6441'>Previous<\/a>\n\t<\/li>\n\n\n       \n    \n\n<li><a href='?page_no=1'>1<\/a><\/li>\n\n\n\n<li><a href='?page_no=2'>2<\/a><\/li>\n\n\n\n<li><a>...<\/a><\/li>\n\n\n\n<li><a href='?page_no=6440'>6440<\/a><\/li>\n\n\n\n<li><a href='?page_no=6441'>6441<\/a><\/li>\n\n\n\n<li class='active'><a>6442<\/a><\/li>\n\n\n\n<li><a href='?page_no=6443'>6443<\/a><\/li>\n\n\n\n<li><a href='?page_no=6444'>6444<\/a><\/li>\n\n\n\n<li><a>...<\/a><\/li>\n\n\n\n<li><a href='?page_no=36999'>36999<\/a><\/li>\n\n\n\n<li><a href='?page_no=37000'>37000<\/a><\/li>\n\n    \n\t\n\n<li >\n\t<a href='?page_no=6443'>Next<\/a>\n\t<\/li>\n\n\n    \n\n<li><a href='?page_no=37000'>Last &rsaquo;&rsaquo;<\/a><\/li>\n\n<\/ul>\n\n\n--><br \/>\n<\/body><\/p>\n","protected":false},"excerpt":{"rendered":"<p>Santiago de Chile, 10 mar (PL) La presidenta de Chile, Michelle Bachelet, y el mandatario electo, Sebasti\u00e1n Pi\u00f1era, desarrollan hoy una intensa agenda de trabajo enfocada en entrevistas con jefes de estado o gobierno de distintos pa\u00edses A menos de 24 horas de la investidura de Pi\u00f1era en el Congreso Nacional en Valpara\u00edso, el pol\u00edtico [&hellip;]<\/p>\n","protected":false},"author":3,"featured_media":0,"comment_status":"open","ping_status":"open","sticky":false,"template":"","format":"standard","meta":{"footnotes":""},"categories":[22],"tags":[],"class_list":["post-171103","post","type-post","status-publish","format-standard","hentry","category-politica"],"_links":{"self":[{"href":"https:\/\/diariodominicano.com\/index.php?rest_route=\/wp\/v2\/posts\/171103","targetHints":{"allow":["GET"]}}],"collection":[{"href":"https:\/\/diariodominicano.com\/index.php?rest_route=\/wp\/v2\/posts"}],"about":[{"href":"https:\/\/diariodominicano.com\/index.php?rest_route=\/wp\/v2\/types\/post"}],"author":[{"embeddable":true,"href":"https:\/\/diariodominicano.com\/index.php?rest_route=\/wp\/v2\/users\/3"}],"replies":[{"embeddable":true,"href":"https:\/\/diariodominicano.com\/index.php?rest_route=%2Fwp%2Fv2%2Fcomments&post=171103"}],"version-history":[{"count":0,"href":"https:\/\/diariodominicano.com\/index.php?rest_route=\/wp\/v2\/posts\/171103\/revisions"}],"wp:attachment":[{"href":"https:\/\/diariodominicano.com\/index.php?rest_route=%2Fwp%2Fv2%2Fmedia&parent=171103"}],"wp:term":[{"taxonomy":"category","embeddable":true,"href":"https:\/\/diariodominicano.com\/index.php?rest_route=%2Fwp%2Fv2%2Fcategories&post=171103"},{"taxonomy":"post_tag","embeddable":true,"href":"https:\/\/diariodominicano.com\/index.php?rest_route=%2Fwp%2Fv2%2Ftags&post=171103"}],"curies":[{"name":"wp","href":"https:\/\/api.w.org\/{rel}","templated":true}]}}