{"id":171101,"date":"2018-03-11T09:56:33","date_gmt":"2018-03-11T09:56:33","guid":{"rendered":"http:\/\/diariodominicano.ddns.net\/?p=171101"},"modified":"2018-03-11T09:56:33","modified_gmt":"2018-03-11T09:56:33","slug":"presidente-cubano-ejerce-su-derecho-al-voto-en-comicios-generales","status":"publish","type":"post","link":"https:\/\/diariodominicano.com\/?p=171101","title":{"rendered":"Presidente cubano ejerce su derecho al voto en comicios generales"},"content":{"rendered":"<p><body><\/p>\n<p><img decoding=\"async\" src=\"img3\/Raul-Castro-Ruz.jpg\" \/>  <\/p>\n<p><strong> Santiago de Cuba, 11 mar (PL)<\/strong> El presidente de Cuba, Ra\u00fal Castro, ejerci\u00f3 hoy aqu\u00ed su derecho al voto en los comicios generales para elegir a los diputados al Parlamento y delegados a las Asambleas Provinciales del pa\u00eds antillano.<\/p>\n<\/p>\n<p>En el Colegio Electoral n\u00famero 1 de la Circunscripci\u00f3n 11 -uno de los 24 mil 470 habilitados en la isla- , el mandatario dialog\u00f3 con la poblaci\u00f3n presente y los integrantes de la mesa electoral.<\/p>\n<\/p>\n<p>Ra\u00fal Castro fue propuesto como candidato a diputado de la Asamblea Nacional del Poder Popular (Parlamento) por el municipio de Segundo Frente, en esta provincia oriental.<\/p>\n<\/p>\n<p>El l\u00edder cubano es uno de los 605 candidatos a diputado registrados en las boletas de la cita en las urnas para la que est\u00e1n inscritos m\u00e1s de ocho millones de ciudadanos, quienes elegir\u00e1n adem\u00e1s a los mil 265 delgados a las Asambleas Provinciales.<\/p>\n<\/p>\n<p>Los comicios generales fueron convocados en junio del pasado a\u00f1o por el Consejo de Estado, conforme a lo establecido en la Constituci\u00f3n de la Rep\u00fablica y la Ley No. 72 del 29 de octubre de 1992, Ley Electoral.<\/p>\n<\/p>\n<p>mem\/wmr\/gdc<\/p>\n<h6> 2018-03-11 09:56:33 <\/h6>\n<p><!--\n<link rel=\"stylesheet\" href=\"css\/bootstrap.min.css\">\n\n\n<ul class=\"pagination\">\n\t    \n\t\n\n<li >\n\t<a href='?page_no=6439'>Previous<\/a>\n\t<\/li>\n\n\n       \n    \n\n<li><a href='?page_no=1'>1<\/a><\/li>\n\n\n\n<li><a href='?page_no=2'>2<\/a><\/li>\n\n\n\n<li><a>...<\/a><\/li>\n\n\n\n<li><a href='?page_no=6438'>6438<\/a><\/li>\n\n\n\n<li><a href='?page_no=6439'>6439<\/a><\/li>\n\n\n\n<li class='active'><a>6440<\/a><\/li>\n\n\n\n<li><a href='?page_no=6441'>6441<\/a><\/li>\n\n\n\n<li><a href='?page_no=6442'>6442<\/a><\/li>\n\n\n\n<li><a>...<\/a><\/li>\n\n\n\n<li><a href='?page_no=36999'>36999<\/a><\/li>\n\n\n\n<li><a href='?page_no=37000'>37000<\/a><\/li>\n\n    \n\t\n\n<li >\n\t<a href='?page_no=6441'>Next<\/a>\n\t<\/li>\n\n\n    \n\n<li><a href='?page_no=37000'>Last &rsaquo;&rsaquo;<\/a><\/li>\n\n<\/ul>\n\n\n--><br \/>\n<\/body><\/p>\n","protected":false},"excerpt":{"rendered":"<p>Santiago de Cuba, 11 mar (PL) El presidente de Cuba, Ra\u00fal Castro, ejerci\u00f3 hoy aqu\u00ed su derecho al voto en los comicios generales para elegir a los diputados al Parlamento y delegados a las Asambleas Provinciales del pa\u00eds antillano. En el Colegio Electoral n\u00famero 1 de la Circunscripci\u00f3n 11 -uno de los 24 mil 470 [&hellip;]<\/p>\n","protected":false},"author":3,"featured_media":0,"comment_status":"open","ping_status":"open","sticky":false,"template":"","format":"standard","meta":{"footnotes":""},"categories":[22],"tags":[],"class_list":["post-171101","post","type-post","status-publish","format-standard","hentry","category-politica"],"_links":{"self":[{"href":"https:\/\/diariodominicano.com\/index.php?rest_route=\/wp\/v2\/posts\/171101","targetHints":{"allow":["GET"]}}],"collection":[{"href":"https:\/\/diariodominicano.com\/index.php?rest_route=\/wp\/v2\/posts"}],"about":[{"href":"https:\/\/diariodominicano.com\/index.php?rest_route=\/wp\/v2\/types\/post"}],"author":[{"embeddable":true,"href":"https:\/\/diariodominicano.com\/index.php?rest_route=\/wp\/v2\/users\/3"}],"replies":[{"embeddable":true,"href":"https:\/\/diariodominicano.com\/index.php?rest_route=%2Fwp%2Fv2%2Fcomments&post=171101"}],"version-history":[{"count":0,"href":"https:\/\/diariodominicano.com\/index.php?rest_route=\/wp\/v2\/posts\/171101\/revisions"}],"wp:attachment":[{"href":"https:\/\/diariodominicano.com\/index.php?rest_route=%2Fwp%2Fv2%2Fmedia&parent=171101"}],"wp:term":[{"taxonomy":"category","embeddable":true,"href":"https:\/\/diariodominicano.com\/index.php?rest_route=%2Fwp%2Fv2%2Fcategories&post=171101"},{"taxonomy":"post_tag","embeddable":true,"href":"https:\/\/diariodominicano.com\/index.php?rest_route=%2Fwp%2Fv2%2Ftags&post=171101"}],"curies":[{"name":"wp","href":"https:\/\/api.w.org\/{rel}","templated":true}]}}