{"id":171099,"date":"2018-03-11T10:03:41","date_gmt":"2018-03-11T10:03:41","guid":{"rendered":"http:\/\/diariodominicano.ddns.net\/?p=171099"},"modified":"2018-03-11T10:03:41","modified_gmt":"2018-03-11T10:03:41","slug":"fidel-castro-la-mayor-fuente-de-inspiracion-de-los-cubanos","status":"publish","type":"post","link":"https:\/\/diariodominicano.com\/?p=171099","title":{"rendered":"Fidel Castro, la mayor fuente de inspiraci\u00f3n de los cubanos"},"content":{"rendered":"<p><body><\/p>\n<p><img decoding=\"async\" src=\"img3\/elecciones-1.jpg\" \/>  <\/p>\n<p><strong> La Habana, 11 mar (PL) <\/strong>El Comandante en Jefe, Fidel Castro sigue siendo hoy la mayor fuente de inspiraci\u00f3n de los cubanos, as\u00ed lo expresaron los electores del colegio donde \u00e9l ejerc\u00eda su derecho al voto.<\/p>\n<\/p>\n<p>Antes del amanecer ya llegaban con un notable entusiasmo los vecinos para materializar su derecho al sufragio y tambi\u00e9n, era visible la presencia de ni\u00f1os con sus uniformes escolares dispuestos a custodiar las urnas.<\/p>\n<\/p>\n<p>Mucho m\u00e1s all\u00e1 de lo que engloban los comicios en la isla caribe\u00f1a para estos actores, se respiraba un ambiente de lealtad y compromiso con el l\u00edder de la Revoluci\u00f3n cubana, quien votaba ese recinto ubicado en la esquina de 11 y 10 en la barriada del Vedado.<\/p>\n<\/p>\n<p>A la entrada del mismo hab\u00eda una muestra fotogr\u00e1fica que mostraba a un Fidel Castro de verde olivo en diferentes momentos conversando con los electores de la zona.<\/p>\n<\/p>\n<p>Algunos con los obligados cambios que impone el tiempo a los humanos en su aspecto f\u00edsico se miraban junto a \u00e9l y los invad\u00eda una nostalgia incurable.<\/p>\n<\/p>\n<p>Yaskenia Carmenati, mientras se se\u00f1alaba en una de las instant\u00e1neas comentaba Prensa Latina que la foto fue tomada durante los comicios de 2012.<\/p>\n<\/p>\n<p>&#8216;Ese d\u00eda nunca lo olvidar\u00e9, lo tuve muy cerca, demasiado cerca y los nervios me traicionaron, lo bes\u00e9 y lo volv\u00eda besar, hasta que fue requerida por uno de los miembros de su guardia personal, pero no pude evitarlo&#8217;, confes\u00f3 Carmenati quien estaba en pie desde las 05:00 (hora local).<\/p>\n<\/p>\n<p>Vengo a votar por \u00e9l y la Revoluci\u00f3n que construy\u00f3 para nosotros los cubanos, y esta obra tan humana debe seguir adelante, subray\u00f3 Carmenati.<\/p>\n<\/p>\n<p>Fidel continuar\u00e1 siendo la mayor fuente de inspiraci\u00f3n de los habitantes de la isla caribe\u00f1a, sentenci\u00f3.<\/p>\n<\/p>\n<p>All\u00ed estaba tambi\u00e9n lleno de orgullo, un jubilado del Ministerio del Interior, Ren\u00e9 Curiel, quien aparec\u00eda tambi\u00e9n cerca de Fidel Castro en una de las fotograf\u00edas.<\/p>\n<\/p>\n<p>Curiel no estaba solo en ese momento, llevaba sobre sus hombros a una de sus nietas, que hoy trabaja en la mesa electoral del colegio al que asist\u00eda Fidel, y eso, en su opini\u00f3n es una de las formas de rendir tributo al l\u00edder revolucionario.<\/p>\n<\/p>\n<p>En estos sufragios participan m\u00e1s de ocho millones de ciudadanos que elegir\u00e1n a los 605 diputados al Parlamento y los mil 265 delegados a las Asambleas Provinciales.<\/p>\n<\/p>\n<p>Asimismo, en la primera fase ejercieron su derecho al voto m\u00e1s de siete millones 500 mil cubanos, cifra que representa alrededor del 90 por ciento del padr\u00f3n electoral de la isla.<\/p>\n<\/p>\n<p>En la primera etapa efectuada el pasado a\u00f1o se realiz\u00f3 para seleccionar 12 mil 515 concejales de las 168 Asambleas Municipales del Poder Popular.<\/p>\n<\/p>\n<p>mem\/joe\/gdc<\/p>\n<h6> 2018-03-11 10:03:41 <\/h6>\n<p><!--\n<link rel=\"stylesheet\" href=\"css\/bootstrap.min.css\">\n\n\n<ul class=\"pagination\">\n\t    \n\t\n\n<li >\n\t<a href='?page_no=6438'>Previous<\/a>\n\t<\/li>\n\n\n       \n    \n\n<li><a href='?page_no=1'>1<\/a><\/li>\n\n\n\n<li><a href='?page_no=2'>2<\/a><\/li>\n\n\n\n<li><a>...<\/a><\/li>\n\n\n\n<li><a href='?page_no=6437'>6437<\/a><\/li>\n\n\n\n<li><a href='?page_no=6438'>6438<\/a><\/li>\n\n\n\n<li class='active'><a>6439<\/a><\/li>\n\n\n\n<li><a href='?page_no=6440'>6440<\/a><\/li>\n\n\n\n<li><a href='?page_no=6441'>6441<\/a><\/li>\n\n\n\n<li><a>...<\/a><\/li>\n\n\n\n<li><a href='?page_no=36999'>36999<\/a><\/li>\n\n\n\n<li><a href='?page_no=37000'>37000<\/a><\/li>\n\n    \n\t\n\n<li >\n\t<a href='?page_no=6440'>Next<\/a>\n\t<\/li>\n\n\n    \n\n<li><a href='?page_no=37000'>Last &rsaquo;&rsaquo;<\/a><\/li>\n\n<\/ul>\n\n\n--><br \/>\n<\/body><\/p>\n","protected":false},"excerpt":{"rendered":"<p>La Habana, 11 mar (PL) El Comandante en Jefe, Fidel Castro sigue siendo hoy la mayor fuente de inspiraci\u00f3n de los cubanos, as\u00ed lo expresaron los electores del colegio donde \u00e9l ejerc\u00eda su derecho al voto. Antes del amanecer ya llegaban con un notable entusiasmo los vecinos para materializar su derecho al sufragio y tambi\u00e9n, [&hellip;]<\/p>\n","protected":false},"author":3,"featured_media":0,"comment_status":"open","ping_status":"open","sticky":false,"template":"","format":"standard","meta":{"footnotes":""},"categories":[22],"tags":[],"class_list":["post-171099","post","type-post","status-publish","format-standard","hentry","category-politica"],"_links":{"self":[{"href":"https:\/\/diariodominicano.com\/index.php?rest_route=\/wp\/v2\/posts\/171099","targetHints":{"allow":["GET"]}}],"collection":[{"href":"https:\/\/diariodominicano.com\/index.php?rest_route=\/wp\/v2\/posts"}],"about":[{"href":"https:\/\/diariodominicano.com\/index.php?rest_route=\/wp\/v2\/types\/post"}],"author":[{"embeddable":true,"href":"https:\/\/diariodominicano.com\/index.php?rest_route=\/wp\/v2\/users\/3"}],"replies":[{"embeddable":true,"href":"https:\/\/diariodominicano.com\/index.php?rest_route=%2Fwp%2Fv2%2Fcomments&post=171099"}],"version-history":[{"count":0,"href":"https:\/\/diariodominicano.com\/index.php?rest_route=\/wp\/v2\/posts\/171099\/revisions"}],"wp:attachment":[{"href":"https:\/\/diariodominicano.com\/index.php?rest_route=%2Fwp%2Fv2%2Fmedia&parent=171099"}],"wp:term":[{"taxonomy":"category","embeddable":true,"href":"https:\/\/diariodominicano.com\/index.php?rest_route=%2Fwp%2Fv2%2Fcategories&post=171099"},{"taxonomy":"post_tag","embeddable":true,"href":"https:\/\/diariodominicano.com\/index.php?rest_route=%2Fwp%2Fv2%2Ftags&post=171099"}],"curies":[{"name":"wp","href":"https:\/\/api.w.org\/{rel}","templated":true}]}}