{"id":171098,"date":"2018-03-11T10:33:20","date_gmt":"2018-03-11T10:33:20","guid":{"rendered":"http:\/\/diariodominicano.ddns.net\/?p=171098"},"modified":"2018-03-11T10:33:20","modified_gmt":"2018-03-11T10:33:20","slug":"adios-a-bachelet-se-abren-incognitas-con-pinera-en-chile","status":"publish","type":"post","link":"https:\/\/diariodominicano.com\/?p=171098","title":{"rendered":"Adi\u00f3s a Bachelet, se abren inc\u00f3gnitas con Pi\u00f1era en Chile"},"content":{"rendered":"<p><body><\/p>\n<p><img decoding=\"async\" src=\"img3\/bachelett.jpg\" \/>  <\/p>\n<p><strong> Por Fausto Triana<\/strong><\/p>\n<p><strong>Santiago de Chile, 11 mar (PL<\/strong>) El tr\u00e1nsito a veces ag\u00f3nico de los traspasos de poderes transcurri\u00f3 en Chile \u00bbcon esp\u00edritu republicano\u00bb, pero falta saber qu\u00e9 suceder\u00e1 despu\u00e9s que Michelle Bachelet entregue la banda presidencial a Sebasti\u00e1n Pi\u00f1era.<\/p>\n<\/p>\n<p>Un cambio de color pol\u00edtico que se repite. Bachelet, socialista, termin\u00f3 su primer per\u00edodo en 2010 y dio paso a Pi\u00f1era, derecha, un paso que a la inversa se dio en 2014 y este domingo dar\u00e1 otro giro.<\/p>\n<\/p>\n<p>&#8216;Soy una convencida que hoy Chile es un mejor pa\u00eds&#8217;, remarc\u00f3 la dignataria en un \u00faltimo saludo en su cuenta de Facebook a los chilenos, a poco de entregar el comando del pa\u00eds austral a su archirrival.<\/p>\n<\/p>\n<p>&#8216;Estoy muy orgullosa de las transformaciones que impulsamos estos a\u00f1os&#8217;, destac\u00f3 Bachelet cuyo segundo per\u00edodo introdujo ambiciosas reformas aunque no fue contundente para algunos sectores de la izquierda.<\/p>\n<\/p>\n<p>A la hora de los balances, muchos le reconocen los cambios en la educaci\u00f3n, la implantaci\u00f3n de la ley de aborto en tres causales, transformaciones laborales y tributarias; un proyecto de nueva Constituci\u00f3n y otras audaces legislaciones.<\/p>\n<\/p>\n<p>Sin embargo, sus cr\u00edticos dentro de la propia izquierda consideran que se qued\u00f3 a mitad de camino y el irreverente sector estudiantil calific\u00f3 de insuficientes los pasos dados en el dominio.<\/p>\n<\/p>\n<p>El Partido Comunista, uno de sus aliados, le reconoci\u00f3 su valent\u00eda a la hora de establecer proyecciones de largo y profundo alcance, perfectibles pero con una visibilidad que no ten\u00edan antes.<\/p>\n<\/p>\n<p>La revista Punto Final, identificada con el Movimiento de Izquierda Revolucionario (MIR) de su asesinado l\u00edder Miguel Enr\u00edquez, no tuvo piedad en sus cr\u00edticas a la mandataria al afirmar que se aline\u00f3 con el mercado y le falt\u00f3 pulso.<\/p>\n<\/p>\n<p>Si bien las visiones est\u00e1n encontradas, porque para la derecha en general su estancia en La Moneda fue poco menos que desastrosa, Bachelet goza de un enorme prestigio internacional y tambi\u00e9n a nivel de pueblo en Chile.<\/p>\n<\/p>\n<p>&#8216;Quiero enviar un saludo a todos ustedes por Facebook, el honor que ustedes me han hecho por haber sido presidenta de nuestra patria por dos veces&#8217;, (2006-2010 y 2014-2018), apunt\u00f3.<\/p>\n<\/p>\n<p>La salida de Bachelet del Palacio de La Moneda marca el fin de la luna de miel de las mujeres en el poder en Am\u00e9rica Latina y el Caribe.<\/p>\n<\/p>\n<p>Su peor momento aconteci\u00f3 a fines de enero de 2016 por un esc\u00e1ndalo de corrupci\u00f3n que involucr\u00f3 a su hijo Sebasti\u00e1n D\u00e1valos, y su nuera Natalia Compagnon, investigados por la justicia por tr\u00e1fico de influencias y delitos tributarios.<\/p>\n<\/p>\n<p>&#8216;Han sido tiempos dif\u00edciles para m\u00ed y para mi familia, muy dolorosos, y que sin duda me ha afectado profundamente&#8217;, dijo la gobernante ese a\u00f1o sobre el asunto, que le cost\u00f3 una estrepitosa ca\u00edda de popularidad de la cual no se recuper\u00f3 nunca.<\/p>\n<\/p>\n<p>De momento, Sebasti\u00e1n Pi\u00f1era regresa al m\u00e1ximo cargo de Chile con el favor de una rotunda victoria en las elecciones de diciembre y un discurso atemperado, de corte republicano.<\/p>\n<\/p>\n<p>Alrededor de mil invitados participar\u00e1n este domingo en la investidura en el Congreso Nacional en la hermosa ciudad portuaria de Valpara\u00edso.<\/p>\n<\/p>\n<p>Entre las personalidades que asistentes sobresalen los presidentes de Bolivia, Evo Morales; Ecuador, Len\u00edn Moreno; Argentina, Mauricio Macri; Per\u00fa, Pedro Pablo Kuczynski; Brasil, Michel Temer; y Honduras, Juan Orlando Hern\u00e1ndez.<\/p>\n<\/p>\n<p>lma\/ft<\/p>\n<p>Temas Relacionados:<\/p>\n<h6> 2018-03-11 10:33:20 <\/h6>\n<p><!--\n<link rel=\"stylesheet\" href=\"css\/bootstrap.min.css\">\n\n\n<ul class=\"pagination\">\n\t    \n\t\n\n<li >\n\t<a href='?page_no=6437'>Previous<\/a>\n\t<\/li>\n\n\n       \n    \n\n<li><a href='?page_no=1'>1<\/a><\/li>\n\n\n\n<li><a href='?page_no=2'>2<\/a><\/li>\n\n\n\n<li><a>...<\/a><\/li>\n\n\n\n<li><a href='?page_no=6436'>6436<\/a><\/li>\n\n\n\n<li><a href='?page_no=6437'>6437<\/a><\/li>\n\n\n\n<li class='active'><a>6438<\/a><\/li>\n\n\n\n<li><a href='?page_no=6439'>6439<\/a><\/li>\n\n\n\n<li><a href='?page_no=6440'>6440<\/a><\/li>\n\n\n\n<li><a>...<\/a><\/li>\n\n\n\n<li><a href='?page_no=36999'>36999<\/a><\/li>\n\n\n\n<li><a href='?page_no=37000'>37000<\/a><\/li>\n\n    \n\t\n\n<li >\n\t<a href='?page_no=6439'>Next<\/a>\n\t<\/li>\n\n\n    \n\n<li><a href='?page_no=37000'>Last &rsaquo;&rsaquo;<\/a><\/li>\n\n<\/ul>\n\n\n--><br \/>\n<\/body><\/p>\n","protected":false},"excerpt":{"rendered":"<p>Por Fausto Triana Santiago de Chile, 11 mar (PL) El tr\u00e1nsito a veces ag\u00f3nico de los traspasos de poderes transcurri\u00f3 en Chile \u00bbcon esp\u00edritu republicano\u00bb, pero falta saber qu\u00e9 suceder\u00e1 despu\u00e9s que Michelle Bachelet entregue la banda presidencial a Sebasti\u00e1n Pi\u00f1era. Un cambio de color pol\u00edtico que se repite. Bachelet, socialista, termin\u00f3 su primer per\u00edodo [&hellip;]<\/p>\n","protected":false},"author":3,"featured_media":0,"comment_status":"open","ping_status":"open","sticky":false,"template":"","format":"standard","meta":{"footnotes":""},"categories":[22],"tags":[],"class_list":["post-171098","post","type-post","status-publish","format-standard","hentry","category-politica"],"_links":{"self":[{"href":"https:\/\/diariodominicano.com\/index.php?rest_route=\/wp\/v2\/posts\/171098","targetHints":{"allow":["GET"]}}],"collection":[{"href":"https:\/\/diariodominicano.com\/index.php?rest_route=\/wp\/v2\/posts"}],"about":[{"href":"https:\/\/diariodominicano.com\/index.php?rest_route=\/wp\/v2\/types\/post"}],"author":[{"embeddable":true,"href":"https:\/\/diariodominicano.com\/index.php?rest_route=\/wp\/v2\/users\/3"}],"replies":[{"embeddable":true,"href":"https:\/\/diariodominicano.com\/index.php?rest_route=%2Fwp%2Fv2%2Fcomments&post=171098"}],"version-history":[{"count":0,"href":"https:\/\/diariodominicano.com\/index.php?rest_route=\/wp\/v2\/posts\/171098\/revisions"}],"wp:attachment":[{"href":"https:\/\/diariodominicano.com\/index.php?rest_route=%2Fwp%2Fv2%2Fmedia&parent=171098"}],"wp:term":[{"taxonomy":"category","embeddable":true,"href":"https:\/\/diariodominicano.com\/index.php?rest_route=%2Fwp%2Fv2%2Fcategories&post=171098"},{"taxonomy":"post_tag","embeddable":true,"href":"https:\/\/diariodominicano.com\/index.php?rest_route=%2Fwp%2Fv2%2Ftags&post=171098"}],"curies":[{"name":"wp","href":"https:\/\/api.w.org\/{rel}","templated":true}]}}