{"id":171097,"date":"2018-03-11T20:51:38","date_gmt":"2018-03-11T20:51:38","guid":{"rendered":"http:\/\/diariodominicano.ddns.net\/?p=171097"},"modified":"2018-03-11T20:51:38","modified_gmt":"2018-03-11T20:51:38","slug":"gustavo-petro-gana-consulta-presidencial-de-la-izquierda-en-colombia","status":"publish","type":"post","link":"https:\/\/diariodominicano.com\/?p=171097","title":{"rendered":"Gustavo Petro gana consulta presidencial de la izquierda en Colombia"},"content":{"rendered":"<p><body><\/p>\n<p><img decoding=\"async\" src=\"img3\/0-colombiaelecc1.jpg\" \/>  <\/p>\n<p><strong> Bogot\u00e1, 11 mar (PL)<\/strong> El exalcalde de Bogot\u00e1 Gustavo Petro se impuso hoy en consulta interpartidista de un sector de la izquierda en Colombia para elegir candidato presidencial.<\/p>\n<\/p>\n<p>Escrutado el 70,23 por ciento del sufragio, el candidato del Movimiento Colombia Humana obtiene el 84,94 por ciento de los votos, ventaja inalcanzable para su contendor, el exalcalde de Santa Marta y exponente de Fuerza Ciudadana Carlos Caicedo que acumula 15,05 por ciento.<\/p>\n<\/p>\n<p>Los resultados ya irreversibles de la consulta interpartidista del denominado bloque Inclusi\u00f3n Social por la Paz y confirman el favoritismo de Petro con respecto a la primera vuelta de las elecciones presidenciales del 27 de mayo.<\/p>\n<\/p>\n<p>Entre los ocho aspirantes a la Casa de Nari\u00f1o (sede del gobierno), el representante de Colombia Humana aparece, seg\u00fan recientes encuestas, con el mayor porcentaje en cuanto a intenci\u00f3n de voto.<\/p>\n<\/p>\n<p>agp\/tpa<\/p>\n<h6> 2018-03-11 20:51:38 <\/h6>\n<p><!--\n<link rel=\"stylesheet\" href=\"css\/bootstrap.min.css\">\n\n\n<ul class=\"pagination\">\n\t    \n\t\n\n<li >\n\t<a href='?page_no=6436'>Previous<\/a>\n\t<\/li>\n\n\n       \n    \n\n<li><a href='?page_no=1'>1<\/a><\/li>\n\n\n\n<li><a href='?page_no=2'>2<\/a><\/li>\n\n\n\n<li><a>...<\/a><\/li>\n\n\n\n<li><a href='?page_no=6435'>6435<\/a><\/li>\n\n\n\n<li><a href='?page_no=6436'>6436<\/a><\/li>\n\n\n\n<li class='active'><a>6437<\/a><\/li>\n\n\n\n<li><a href='?page_no=6438'>6438<\/a><\/li>\n\n\n\n<li><a href='?page_no=6439'>6439<\/a><\/li>\n\n\n\n<li><a>...<\/a><\/li>\n\n\n\n<li><a href='?page_no=36999'>36999<\/a><\/li>\n\n\n\n<li><a href='?page_no=37000'>37000<\/a><\/li>\n\n    \n\t\n\n<li >\n\t<a href='?page_no=6438'>Next<\/a>\n\t<\/li>\n\n\n    \n\n<li><a href='?page_no=37000'>Last &rsaquo;&rsaquo;<\/a><\/li>\n\n<\/ul>\n\n\n--><br \/>\n<\/body><\/p>\n","protected":false},"excerpt":{"rendered":"<p>Bogot\u00e1, 11 mar (PL) El exalcalde de Bogot\u00e1 Gustavo Petro se impuso hoy en consulta interpartidista de un sector de la izquierda en Colombia para elegir candidato presidencial. Escrutado el 70,23 por ciento del sufragio, el candidato del Movimiento Colombia Humana obtiene el 84,94 por ciento de los votos, ventaja inalcanzable para su contendor, el [&hellip;]<\/p>\n","protected":false},"author":3,"featured_media":0,"comment_status":"open","ping_status":"open","sticky":false,"template":"","format":"standard","meta":{"footnotes":""},"categories":[22],"tags":[],"class_list":["post-171097","post","type-post","status-publish","format-standard","hentry","category-politica"],"_links":{"self":[{"href":"https:\/\/diariodominicano.com\/index.php?rest_route=\/wp\/v2\/posts\/171097","targetHints":{"allow":["GET"]}}],"collection":[{"href":"https:\/\/diariodominicano.com\/index.php?rest_route=\/wp\/v2\/posts"}],"about":[{"href":"https:\/\/diariodominicano.com\/index.php?rest_route=\/wp\/v2\/types\/post"}],"author":[{"embeddable":true,"href":"https:\/\/diariodominicano.com\/index.php?rest_route=\/wp\/v2\/users\/3"}],"replies":[{"embeddable":true,"href":"https:\/\/diariodominicano.com\/index.php?rest_route=%2Fwp%2Fv2%2Fcomments&post=171097"}],"version-history":[{"count":0,"href":"https:\/\/diariodominicano.com\/index.php?rest_route=\/wp\/v2\/posts\/171097\/revisions"}],"wp:attachment":[{"href":"https:\/\/diariodominicano.com\/index.php?rest_route=%2Fwp%2Fv2%2Fmedia&parent=171097"}],"wp:term":[{"taxonomy":"category","embeddable":true,"href":"https:\/\/diariodominicano.com\/index.php?rest_route=%2Fwp%2Fv2%2Fcategories&post=171097"},{"taxonomy":"post_tag","embeddable":true,"href":"https:\/\/diariodominicano.com\/index.php?rest_route=%2Fwp%2Fv2%2Ftags&post=171097"}],"curies":[{"name":"wp","href":"https:\/\/api.w.org\/{rel}","templated":true}]}}