{"id":171094,"date":"2018-03-12T12:35:06","date_gmt":"2018-03-12T12:35:06","guid":{"rendered":"http:\/\/diariodominicano.ddns.net\/?p=171094"},"modified":"2018-03-12T12:35:06","modified_gmt":"2018-03-12T12:35:06","slug":"dxc-pide-a-danilo-medina-cumplir-la-ley-con-ascensos-a-guardias-y-policias","status":"publish","type":"post","link":"https:\/\/diariodominicano.com\/?p=171094","title":{"rendered":"DXC pide a Danilo Medina cumplir la ley con ascensos a guardias y policias"},"content":{"rendered":"<p><body><\/p>\n<p><img decoding=\"async\" src=\"img3\/dxc.jpg\" \/>  <\/p>\n<p>El Consejo Ejecutivo Nacional del Partido Dominicanos por el Cambio (DxC), advirti\u00f3 que del presidente Danilo Medina no promulga los ascensos que tanto esperan los miembros de las Fuerzas Armadas y la Polic\u00eda Nacional, luego que sus superiores anunciar\u00e1n que hicieron las recomendaciones de lugar seg\u00fan establece la ley, los problemas migratorios y de seguridad ciudadana se podr\u00edan agravar por la falta de motivaci\u00f3n de esos agentes y soldados, quienes han visto tronchados sus sue\u00f1os.<\/p>\n<\/p>\n<p>La ley org\u00e1nica de las Fuerzas Armadas establece en su art\u00edculo 112  p\u00e1rrafo I, que la \u00fanica fecha para ascensos institucionales es la semana conmemorativa de la Independencia Nacional de cada a\u00f1o. \u00abYa han pasado casi dos semanas los guardias y polic\u00edas junto a la oficialidad sigue esperando que se reconozcan sus m\u00e9ritos y se cumpla sus sue\u00f1os ante la indiferencia del se\u00f1or presidente\u00bb.<\/p>\n<\/p>\n<p>Al ofrecer los detalles del encuentro, realizado en su sede principal donde particip\u00f3 su l\u00edder Eduardo Estrella junto a sus principales directivos, el presidente de la entidad Manuel Oviedo Estrada, afirm\u00f3 que de nada sirve sellar la frontera como miles de soldados y equipos de alta tecnolog\u00eda, si al final esos soldados no tienen una motivaci\u00f3n como son los ascensos que por dem\u00e1s son un mandato de la Ley<\/p>\n<p>Indic\u00f3 que  tanto el tema migratorio y de seguridad se han convertido en los de mayor preocupaci\u00f3n del pueblo dominicano, por lo que se hace necesario prestarle la atenci\u00f3n debida y darle el car\u00e1cter que amerita.<\/p>\n<\/p>\n<p>??La falta de motivaci\u00f3n es doble para los soldados, por un lado los bajos salarios y por el otro la no realizaci\u00f3n de los ascensos en la fecha esperada, por lo que consideramos que ambos factores pudieran agravar el terna migratorio y de seguridad ciudadana, por lo que demandamos de las autoridades prestarle la atenci\u00f3n debida??, asegur\u00f3 Oviedo.<\/p>\n<\/p>\n<p>Oviedo Estrada manifest\u00f3 que hoy la Rep\u00fablica Dominicana es centro de atenci\u00f3n por la incapacidad e irresponsabilidad del gobierno en parar el tr\u00e1fico de indocumentados, drogas, armas y mercanc\u00edas por la frontera, lo que mantiene preocupado tanto a los dominicanos residentes en el pa\u00eds y como en el extranjero, quienes tambi\u00e9n se han sumado a la lucha en procura de preservar nuestra nacionalidad.<\/p>\n<\/p>\n<p>Por igual no habr\u00e1 seguridad en las calles, con polic\u00edas desmotivados en espera de sus ascensos y de un real aumento salarial, porque sus hombros recae mayormente la  responsabilidad de velar por la seguridad ciudadana, y en definitiva el problema de la seguridad ciudadana no puede esperar m\u00e1s.<\/p>\n<\/p>\n<p>COLAPSO SECTOR SALUD<\/p>\n<\/p>\n<p>Por otra parte, el Consejo Ejecutivo Nacional de DxC deplor\u00f3 la situaci\u00f3n del sector salud donde se han registrado cientos de casos de brote y epidemia de la gripe H1 y N1 sin que hasta el momento se le haya prestado la atenci\u00f3n debida.<\/p>\n<\/p>\n<p>Oviedo Estrada revel\u00f3 que los informes dados a conocer por la comisi\u00f3n de salud del partido son preocupantes, porque a la situaci\u00f3n tambi\u00e9n se han sumado casos de bronconeumon\u00eda.<\/p>\n<\/p>\n<p>Adem\u00e1s del Presidente Manuel Oviedo Estrada form\u00f3 parte de la mesa directiva  Claudio Marte,  primer vicepresidente, Juan Carlos Garc\u00eda, secretario general; y H\u00e9ctor Javier Guzm\u00e1n, secretario nacional de organizaci\u00f3n.<\/p>\n<\/p>\n<p>Durante la sesi\u00f3n de trabajo el Consejo del partido tambi\u00e9n escogi\u00f3 los integrantes del Consejo Pol\u00edtico Nacional y las diferentes secretar\u00edas nacionales de esa organizaci\u00f3n pol\u00edtica. <\/p>\n<h6> 2018-03-12 12:35:06 <\/h6>\n<p><!--\n<link rel=\"stylesheet\" href=\"css\/bootstrap.min.css\">\n\n\n<ul class=\"pagination\">\n\t    \n\t\n\n<li >\n\t<a href='?page_no=6433'>Previous<\/a>\n\t<\/li>\n\n\n       \n    \n\n<li><a href='?page_no=1'>1<\/a><\/li>\n\n\n\n<li><a href='?page_no=2'>2<\/a><\/li>\n\n\n\n<li><a>...<\/a><\/li>\n\n\n\n<li><a href='?page_no=6432'>6432<\/a><\/li>\n\n\n\n<li><a href='?page_no=6433'>6433<\/a><\/li>\n\n\n\n<li class='active'><a>6434<\/a><\/li>\n\n\n\n<li><a href='?page_no=6435'>6435<\/a><\/li>\n\n\n\n<li><a href='?page_no=6436'>6436<\/a><\/li>\n\n\n\n<li><a>...<\/a><\/li>\n\n\n\n<li><a href='?page_no=36999'>36999<\/a><\/li>\n\n\n\n<li><a href='?page_no=37000'>37000<\/a><\/li>\n\n    \n\t\n\n<li >\n\t<a href='?page_no=6435'>Next<\/a>\n\t<\/li>\n\n\n    \n\n<li><a href='?page_no=37000'>Last &rsaquo;&rsaquo;<\/a><\/li>\n\n<\/ul>\n\n\n--><br \/>\n<\/body><\/p>\n","protected":false},"excerpt":{"rendered":"<p>El Consejo Ejecutivo Nacional del Partido Dominicanos por el Cambio (DxC), advirti\u00f3 que del presidente Danilo Medina no promulga los ascensos que tanto esperan los miembros de las Fuerzas Armadas y la Polic\u00eda Nacional, luego que sus superiores anunciar\u00e1n que hicieron las recomendaciones de lugar seg\u00fan establece la ley, los problemas migratorios y de seguridad [&hellip;]<\/p>\n","protected":false},"author":3,"featured_media":0,"comment_status":"open","ping_status":"open","sticky":false,"template":"","format":"standard","meta":{"footnotes":""},"categories":[22],"tags":[],"class_list":["post-171094","post","type-post","status-publish","format-standard","hentry","category-politica"],"_links":{"self":[{"href":"https:\/\/diariodominicano.com\/index.php?rest_route=\/wp\/v2\/posts\/171094","targetHints":{"allow":["GET"]}}],"collection":[{"href":"https:\/\/diariodominicano.com\/index.php?rest_route=\/wp\/v2\/posts"}],"about":[{"href":"https:\/\/diariodominicano.com\/index.php?rest_route=\/wp\/v2\/types\/post"}],"author":[{"embeddable":true,"href":"https:\/\/diariodominicano.com\/index.php?rest_route=\/wp\/v2\/users\/3"}],"replies":[{"embeddable":true,"href":"https:\/\/diariodominicano.com\/index.php?rest_route=%2Fwp%2Fv2%2Fcomments&post=171094"}],"version-history":[{"count":0,"href":"https:\/\/diariodominicano.com\/index.php?rest_route=\/wp\/v2\/posts\/171094\/revisions"}],"wp:attachment":[{"href":"https:\/\/diariodominicano.com\/index.php?rest_route=%2Fwp%2Fv2%2Fmedia&parent=171094"}],"wp:term":[{"taxonomy":"category","embeddable":true,"href":"https:\/\/diariodominicano.com\/index.php?rest_route=%2Fwp%2Fv2%2Fcategories&post=171094"},{"taxonomy":"post_tag","embeddable":true,"href":"https:\/\/diariodominicano.com\/index.php?rest_route=%2Fwp%2Fv2%2Ftags&post=171094"}],"curies":[{"name":"wp","href":"https:\/\/api.w.org\/{rel}","templated":true}]}}