{"id":171091,"date":"2018-03-12T13:38:29","date_gmt":"2018-03-12T13:38:29","guid":{"rendered":"http:\/\/diariodominicano.ddns.net\/?p=171091"},"modified":"2018-03-12T13:38:29","modified_gmt":"2018-03-12T13:38:29","slug":"fopppredom-anuncia-para-este-martes-acto-inaugural-del-instituto-de-formacion-politica-y-administracion-publica","status":"publish","type":"post","link":"https:\/\/diariodominicano.com\/?p=171091","title":{"rendered":"FOPPPREDOM anuncia para este martes acto inaugural del Instituto de Formaci\u00f3n Pol\u00edtica y Administraci\u00f3n P\u00fablica"},"content":{"rendered":"<p><body><\/p>\n<p><img decoding=\"async\" src=\"img3\/fopp.jpg\" \/>  <\/p>\n<p>SANTO DOMINGO.- El Foro Permanente de Partidos Pol\u00edticos de la Rep\u00fablica Dominicana (FOPPPREDOM) que preside el ingeniero Federico Ant\u00fan Batlle (Quique), dejar\u00e1 formalmente constituido este martes 13 de marzo el Instituto de Formaci\u00f3n Pol\u00edtica y Administraci\u00f3n P\u00fablica (INFOPAP).<\/p>\n<\/p>\n<p>El acto inaugural del INFOPAP se celebrar\u00e1 a las 6:30 de la tarde en el Auditorio Juan Bosch de la Biblioteca Nacional \u00abPedro Henr\u00edquez Ure\u00f1a\u00bb, del sector Gazcue, de Santo Domingo.<\/p>\n<\/p>\n<p>A la actividad est\u00e1n siendo invitados los dirigentes de m\u00e1s de una veintena de agrupaciones pol\u00edticas que forman parte del FOPPPREDOM, cuya presidencia asumi\u00f3 el pasado 27 de febrero el ingeniero Quique Ant\u00fan, en el marco de un concurrido acto celebrado en el Hotel Radisson, de la Capital, al que asistieron los principales l\u00edderes de esas organizaciones y el presidente de la Junta Central Electoral, doctor Julio C\u00e9sar Casta\u00f1os Guzm\u00e1n, y el tambi\u00e9n miembro titular de esa instituci\u00f3n, doctor Roberto Salad\u00edn, entre otras personalidades.<\/p>\n<h6> 2018-03-12 13:38:29 <\/h6>\n<p><!--\n<link rel=\"stylesheet\" href=\"css\/bootstrap.min.css\">\n\n\n<ul class=\"pagination\">\n\t    \n\t\n\n<li >\n\t<a href='?page_no=6430'>Previous<\/a>\n\t<\/li>\n\n\n       \n    \n\n<li><a href='?page_no=1'>1<\/a><\/li>\n\n\n\n<li><a href='?page_no=2'>2<\/a><\/li>\n\n\n\n<li><a>...<\/a><\/li>\n\n\n\n<li><a href='?page_no=6429'>6429<\/a><\/li>\n\n\n\n<li><a href='?page_no=6430'>6430<\/a><\/li>\n\n\n\n<li class='active'><a>6431<\/a><\/li>\n\n\n\n<li><a href='?page_no=6432'>6432<\/a><\/li>\n\n\n\n<li><a href='?page_no=6433'>6433<\/a><\/li>\n\n\n\n<li><a>...<\/a><\/li>\n\n\n\n<li><a href='?page_no=36999'>36999<\/a><\/li>\n\n\n\n<li><a href='?page_no=37000'>37000<\/a><\/li>\n\n    \n\t\n\n<li >\n\t<a href='?page_no=6432'>Next<\/a>\n\t<\/li>\n\n\n    \n\n<li><a href='?page_no=37000'>Last &rsaquo;&rsaquo;<\/a><\/li>\n\n<\/ul>\n\n\n--><br \/>\n<\/body><\/p>\n","protected":false},"excerpt":{"rendered":"<p>SANTO DOMINGO.- El Foro Permanente de Partidos Pol\u00edticos de la Rep\u00fablica Dominicana (FOPPPREDOM) que preside el ingeniero Federico Ant\u00fan Batlle (Quique), dejar\u00e1 formalmente constituido este martes 13 de marzo el Instituto de Formaci\u00f3n Pol\u00edtica y Administraci\u00f3n P\u00fablica (INFOPAP). El acto inaugural del INFOPAP se celebrar\u00e1 a las 6:30 de la tarde en el Auditorio Juan [&hellip;]<\/p>\n","protected":false},"author":3,"featured_media":0,"comment_status":"open","ping_status":"open","sticky":false,"template":"","format":"standard","meta":{"footnotes":""},"categories":[22],"tags":[],"class_list":["post-171091","post","type-post","status-publish","format-standard","hentry","category-politica"],"_links":{"self":[{"href":"https:\/\/diariodominicano.com\/index.php?rest_route=\/wp\/v2\/posts\/171091","targetHints":{"allow":["GET"]}}],"collection":[{"href":"https:\/\/diariodominicano.com\/index.php?rest_route=\/wp\/v2\/posts"}],"about":[{"href":"https:\/\/diariodominicano.com\/index.php?rest_route=\/wp\/v2\/types\/post"}],"author":[{"embeddable":true,"href":"https:\/\/diariodominicano.com\/index.php?rest_route=\/wp\/v2\/users\/3"}],"replies":[{"embeddable":true,"href":"https:\/\/diariodominicano.com\/index.php?rest_route=%2Fwp%2Fv2%2Fcomments&post=171091"}],"version-history":[{"count":0,"href":"https:\/\/diariodominicano.com\/index.php?rest_route=\/wp\/v2\/posts\/171091\/revisions"}],"wp:attachment":[{"href":"https:\/\/diariodominicano.com\/index.php?rest_route=%2Fwp%2Fv2%2Fmedia&parent=171091"}],"wp:term":[{"taxonomy":"category","embeddable":true,"href":"https:\/\/diariodominicano.com\/index.php?rest_route=%2Fwp%2Fv2%2Fcategories&post=171091"},{"taxonomy":"post_tag","embeddable":true,"href":"https:\/\/diariodominicano.com\/index.php?rest_route=%2Fwp%2Fv2%2Ftags&post=171091"}],"curies":[{"name":"wp","href":"https:\/\/api.w.org\/{rel}","templated":true}]}}