{"id":171090,"date":"2018-03-12T13:50:05","date_gmt":"2018-03-12T13:50:05","guid":{"rendered":"http:\/\/diariodominicano.ddns.net\/?p=171090"},"modified":"2018-03-12T13:50:05","modified_gmt":"2018-03-12T13:50:05","slug":"leonel-fernandez-afirma-que-la-post-verdad-arrastra-a-sectores-de-la-poblacion-en-forma-irreflexiva-hacia-determinadas-acciones-de-dominacion-politica","status":"publish","type":"post","link":"https:\/\/diariodominicano.com\/?p=171090","title":{"rendered":"Leonel Fernandez afirma que la post verdad  arrastra a sectores de la poblaci\u00f3n, en forma irreflexiva, hacia  determinadas acciones de dominaci\u00f3n  pol\u00edtica"},"content":{"rendered":"<p><body><\/p>\n<p><img decoding=\"async\" src=\"img3\/lf11.jpg\" \/>  <\/p>\n<p>El presidente del Partido de la Liberaci\u00f3n Dominicana, Leonel Fern\u00e1ndez, afirma que el concepto de la post-verdad  constituye uno de los mayores peligros con los que se enfrenta la democracia moderna, tal y como se ha demostrado en los casos del Brexit en Gran Breta\u00f1a  y de las pasadas elecciones presidenciales norteamericanas.<\/p>\n<\/p>\n<p>El expresidente de la Rep\u00fablica hace la afirmaci\u00f3n este d\u00eda en un  art\u00edculo titulado \u00abLa pol\u00edtica en la era de la post-verdad\u00bb, publicado en  su  Observatorio Global en las p\u00e1ginas del  List\u00edn Diario y Vanguardia del Pueblo Digital, rese\u00f1ado por la Secretar\u00eda de Comunicaciones del PLD.<\/p>\n<\/p>\n<p>Leonel Fern\u00e1ndez subraya que en la era pol\u00edtica de la post-verdad, las personas son inducidas a creer en algo que no es real, a partir de la presentaci\u00f3n de lo que se ha denominado como \u00abdatos alternativos\u00bb, generando nuevos conceptos y valores que sirven de referencia para la creaci\u00f3n de percepciones, actitudes y comportamientos.<\/p>\n<\/p>\n<p>Refiere que en su cl\u00e1sica novela, 1984, el autor brit\u00e1nico, George Orwell, hizo referencia a un mundo de penumbra, de pesadilla, de absoluta dominaci\u00f3n pol\u00edtica, en el que las palabras, en un diccionario de neolengua, expresaban exactamente lo contrario de lo que se quer\u00eda decir.<\/p>\n<\/p>\n<p>\u00abDe esa manera, el amor equival\u00eda al odio; la paz era la guerra; la vida era la muerte; y la verdad, sin\u00f3nimo de mentira. Nunca pens\u00f3 Orwell que al llegar el siglo XXI, en sistemas democr\u00e1ticos avanzados se emplear\u00edan t\u00e9cnicas de subversi\u00f3n de la realidad tan peligrosas como las que \u00e9l, en su mundo imaginario y de ficci\u00f3n, hab\u00eda considerado que s\u00f3lo pod\u00edan existir en reg\u00edmenes totalitarios\u00bb, explica Leonel  Fern\u00e1ndez.<\/p>\n<\/p>\n<p>Al referirse al peligro de la post-verdad y tras hacer una s\u00edntesis filos\u00f3fica sobre la verdad y la objetividad el expresidente de la Rep\u00fablica explica que la diferencia entre los que no creen que la verdad absoluta o la objetividad plena existan, y los que hacen referencia al fen\u00f3meno de la post-verdad, radica en que para estos \u00faltimos de lo que se trata no es de si la verdad puede o no ser conocida, sino de c\u00f3mo poder subvertirla o modificarla, a los fines de ponerla al servicio de un proyecto de dominaci\u00f3n pol\u00edtica.<\/p>\n<\/p>\n<p>\u00abMientras la mentira enga\u00f1a; la propaganda manipula y distorsiona; el periodismo de opini\u00f3n orienta en una determinada direcci\u00f3n; la publicidad intenta convencer a los consumidores de la bondad de sus productos; la post-verdad, por su parte, altera la realidad, crea una realidad nueva, una \u00abrealidad no real\u00bb, inexistente, ficticia, con el objetivo de hacer predominar unos determinados valores o criterios, que permitan subordinar la \u00abrealidad real\u00bb a las emociones; y por v\u00eda de consecuencia, arrastrar a determinados sectores de la poblaci\u00f3n, en forma irreflexiva, hacia unas determinadas acciones pol\u00edticas\u00bb, destaca Fern\u00e1ndez.<\/p>\n<\/p>\n<p>Concluye subrayando que en la era pol\u00edtica de la post-verdad, todo es nada; y nada es todo. \u00abLa verdad no importa. Todo es posible. Solo basta la voluntad. Nada tiene l\u00edmites.<\/p>\n<h6> 2018-03-12 13:50:05 <\/h6>\n<p><!--\n<link rel=\"stylesheet\" href=\"css\/bootstrap.min.css\">\n\n\n<ul class=\"pagination\">\n\t    \n\t\n\n<li >\n\t<a href='?page_no=6429'>Previous<\/a>\n\t<\/li>\n\n\n       \n    \n\n<li><a href='?page_no=1'>1<\/a><\/li>\n\n\n\n<li><a href='?page_no=2'>2<\/a><\/li>\n\n\n\n<li><a>...<\/a><\/li>\n\n\n\n<li><a href='?page_no=6428'>6428<\/a><\/li>\n\n\n\n<li><a href='?page_no=6429'>6429<\/a><\/li>\n\n\n\n<li class='active'><a>6430<\/a><\/li>\n\n\n\n<li><a href='?page_no=6431'>6431<\/a><\/li>\n\n\n\n<li><a href='?page_no=6432'>6432<\/a><\/li>\n\n\n\n<li><a>...<\/a><\/li>\n\n\n\n<li><a href='?page_no=36999'>36999<\/a><\/li>\n\n\n\n<li><a href='?page_no=37000'>37000<\/a><\/li>\n\n    \n\t\n\n<li >\n\t<a href='?page_no=6431'>Next<\/a>\n\t<\/li>\n\n\n    \n\n<li><a href='?page_no=37000'>Last &rsaquo;&rsaquo;<\/a><\/li>\n\n<\/ul>\n\n\n--><br \/>\n<\/body><\/p>\n","protected":false},"excerpt":{"rendered":"<p>El presidente del Partido de la Liberaci\u00f3n Dominicana, Leonel Fern\u00e1ndez, afirma que el concepto de la post-verdad constituye uno de los mayores peligros con los que se enfrenta la democracia moderna, tal y como se ha demostrado en los casos del Brexit en Gran Breta\u00f1a y de las pasadas elecciones presidenciales norteamericanas. El expresidente de [&hellip;]<\/p>\n","protected":false},"author":3,"featured_media":0,"comment_status":"open","ping_status":"open","sticky":false,"template":"","format":"standard","meta":{"footnotes":""},"categories":[22],"tags":[],"class_list":["post-171090","post","type-post","status-publish","format-standard","hentry","category-politica"],"_links":{"self":[{"href":"https:\/\/diariodominicano.com\/index.php?rest_route=\/wp\/v2\/posts\/171090","targetHints":{"allow":["GET"]}}],"collection":[{"href":"https:\/\/diariodominicano.com\/index.php?rest_route=\/wp\/v2\/posts"}],"about":[{"href":"https:\/\/diariodominicano.com\/index.php?rest_route=\/wp\/v2\/types\/post"}],"author":[{"embeddable":true,"href":"https:\/\/diariodominicano.com\/index.php?rest_route=\/wp\/v2\/users\/3"}],"replies":[{"embeddable":true,"href":"https:\/\/diariodominicano.com\/index.php?rest_route=%2Fwp%2Fv2%2Fcomments&post=171090"}],"version-history":[{"count":0,"href":"https:\/\/diariodominicano.com\/index.php?rest_route=\/wp\/v2\/posts\/171090\/revisions"}],"wp:attachment":[{"href":"https:\/\/diariodominicano.com\/index.php?rest_route=%2Fwp%2Fv2%2Fmedia&parent=171090"}],"wp:term":[{"taxonomy":"category","embeddable":true,"href":"https:\/\/diariodominicano.com\/index.php?rest_route=%2Fwp%2Fv2%2Fcategories&post=171090"},{"taxonomy":"post_tag","embeddable":true,"href":"https:\/\/diariodominicano.com\/index.php?rest_route=%2Fwp%2Fv2%2Ftags&post=171090"}],"curies":[{"name":"wp","href":"https:\/\/api.w.org\/{rel}","templated":true}]}}