{"id":171087,"date":"2018-03-12T13:57:50","date_gmt":"2018-03-12T13:57:50","guid":{"rendered":"http:\/\/diariodominicano.ddns.net\/?p=171087"},"modified":"2018-03-12T13:57:50","modified_gmt":"2018-03-12T13:57:50","slug":"franklin-almeyda-hace-la-aclaracion-de-que-no-ha-cobrado-sin-trabajar-como-se-le-ha-querido-indilgar","status":"publish","type":"post","link":"https:\/\/diariodominicano.com\/?p=171087","title":{"rendered":"Franklin Almeyda hace la aclaraci\u00f3n de que no   ha cobrado sin trabajar, como se le ha querido indilgar"},"content":{"rendered":"<p><body><\/p>\n<p><img decoding=\"async\" src=\"img3\/fk.jpg\" \/>  <\/p>\n<p>Franklin Almeyda, miembro del Comit\u00e9 Pol\u00edtico del Partido de la Liberaci\u00f3n Dominicana (PLD),  explic\u00f3 este d\u00eda que s\u00ed cumple  sus funciones como Ministro sin Cartera  de la actual gesti\u00f3n de gobierno y como tal,   se le encomend\u00f3 tareas en torno a la Seguridad Ciudadana.<\/p>\n<\/p>\n<p>La Secretaria de Comunicaciones del PLD recibi\u00f3 copia de una misiva que Almeyda envi\u00f3 al periodista Huchi Lora a quien le aclara  que  NO ha cobrado sin trabajar\u00bb  porque ha  realizado las tareas encomendadas\u00bb.<\/p>\n<\/p>\n<p>Le hace saber al comunicador que respondiendo a las responsabilidades asignadas por decreto del Ejecutivo ha  presentado los informes y recomendaciones pertinentes, copias de las cuales conserva en sus  archivos.<\/p>\n<\/p>\n<p>\u00abHe reservado su publicaci\u00f3n porque, en todo caso, es competencia del Presidente, quien por su condici\u00f3n de Jefe del Estado es el depositario de las mismas. En consecuencia, no he cobrado sin trabajar porque he realizado las tareas encomendadas\u00bb, explic\u00f3.<\/p>\n<\/p>\n<p>Hace saber  que la posici\u00f3n p\u00fablica  que ocupa descansa en la Ley Org\u00e1nica, por mandato constitucional y que \u00abla ligereza y desconocimiento de otras personas han considerado el cargo fuera de la ley; como se ve, no es as\u00ed\u00bb.<\/p>\n<\/p>\n<p>Sobre un llamado a que renuncie a dicha posici\u00f3n Almeyda sostiene que eso es innecesario, \u00abporque as\u00ed como el Presidente me nombr\u00f3, puede destituirme, es su atribuci\u00f3n constitucional; agr\u00e9guele de que soy miembro dirigente del partido de gobierno, por lo que comparto responsabilidades de las debilidades y fortalezas de la gesti\u00f3n\u00bb, coment\u00f3.<\/p>\n<\/p>\n<p>Sostiene que las cr\u00edticas que pudiera hacer  las hace para fortalecer las gesti\u00f3n, \u00abm\u00e1s en un pa\u00eds sin oposici\u00f3n\u00bb.<\/p>\n<\/p>\n<p>\u00abPor dem\u00e1s, el profesor Juan Bosch educ\u00f3 a los miembros del PLD a respetar la solemnidad del Estado y que quien le renuncie a un Presidente, est\u00e1 rompiendo pol\u00edticamente con \u00e9l\u00bb explic\u00f3  Franklin Almeyda a Huchi Lora, respondiendo a una publicaci\u00f3n suya en la red social twitter, relacionado con el affair que Almeyda ha sostenido con el Vocero de la Presidencia.<\/p>\n<\/p>\n<h6> 2018-03-12 13:57:50 <\/h6>\n<p><!--\n<link rel=\"stylesheet\" href=\"css\/bootstrap.min.css\">\n\n\n<ul class=\"pagination\">\n\t    \n\t\n\n<li >\n\t<a href='?page_no=6427'>Previous<\/a>\n\t<\/li>\n\n\n       \n    \n\n<li><a href='?page_no=1'>1<\/a><\/li>\n\n\n\n<li><a href='?page_no=2'>2<\/a><\/li>\n\n\n\n<li><a>...<\/a><\/li>\n\n\n\n<li><a href='?page_no=6426'>6426<\/a><\/li>\n\n\n\n<li><a href='?page_no=6427'>6427<\/a><\/li>\n\n\n\n<li class='active'><a>6428<\/a><\/li>\n\n\n\n<li><a href='?page_no=6429'>6429<\/a><\/li>\n\n\n\n<li><a href='?page_no=6430'>6430<\/a><\/li>\n\n\n\n<li><a>...<\/a><\/li>\n\n\n\n<li><a href='?page_no=36999'>36999<\/a><\/li>\n\n\n\n<li><a href='?page_no=37000'>37000<\/a><\/li>\n\n    \n\t\n\n<li >\n\t<a href='?page_no=6429'>Next<\/a>\n\t<\/li>\n\n\n    \n\n<li><a href='?page_no=37000'>Last &rsaquo;&rsaquo;<\/a><\/li>\n\n<\/ul>\n\n\n--><br \/>\n<\/body><\/p>\n","protected":false},"excerpt":{"rendered":"<p>Franklin Almeyda, miembro del Comit\u00e9 Pol\u00edtico del Partido de la Liberaci\u00f3n Dominicana (PLD), explic\u00f3 este d\u00eda que s\u00ed cumple sus funciones como Ministro sin Cartera de la actual gesti\u00f3n de gobierno y como tal, se le encomend\u00f3 tareas en torno a la Seguridad Ciudadana. La Secretaria de Comunicaciones del PLD recibi\u00f3 copia de una misiva [&hellip;]<\/p>\n","protected":false},"author":3,"featured_media":0,"comment_status":"open","ping_status":"open","sticky":false,"template":"","format":"standard","meta":{"footnotes":""},"categories":[22],"tags":[],"class_list":["post-171087","post","type-post","status-publish","format-standard","hentry","category-politica"],"_links":{"self":[{"href":"https:\/\/diariodominicano.com\/index.php?rest_route=\/wp\/v2\/posts\/171087","targetHints":{"allow":["GET"]}}],"collection":[{"href":"https:\/\/diariodominicano.com\/index.php?rest_route=\/wp\/v2\/posts"}],"about":[{"href":"https:\/\/diariodominicano.com\/index.php?rest_route=\/wp\/v2\/types\/post"}],"author":[{"embeddable":true,"href":"https:\/\/diariodominicano.com\/index.php?rest_route=\/wp\/v2\/users\/3"}],"replies":[{"embeddable":true,"href":"https:\/\/diariodominicano.com\/index.php?rest_route=%2Fwp%2Fv2%2Fcomments&post=171087"}],"version-history":[{"count":0,"href":"https:\/\/diariodominicano.com\/index.php?rest_route=\/wp\/v2\/posts\/171087\/revisions"}],"wp:attachment":[{"href":"https:\/\/diariodominicano.com\/index.php?rest_route=%2Fwp%2Fv2%2Fmedia&parent=171087"}],"wp:term":[{"taxonomy":"category","embeddable":true,"href":"https:\/\/diariodominicano.com\/index.php?rest_route=%2Fwp%2Fv2%2Fcategories&post=171087"},{"taxonomy":"post_tag","embeddable":true,"href":"https:\/\/diariodominicano.com\/index.php?rest_route=%2Fwp%2Fv2%2Ftags&post=171087"}],"curies":[{"name":"wp","href":"https:\/\/api.w.org\/{rel}","templated":true}]}}