{"id":171086,"date":"2018-03-12T16:40:38","date_gmt":"2018-03-12T16:40:38","guid":{"rendered":"http:\/\/diariodominicano.ddns.net\/?p=171086"},"modified":"2018-03-12T16:40:38","modified_gmt":"2018-03-12T16:40:38","slug":"prm-entrega-a-jce-padron-de-su-convencion","status":"publish","type":"post","link":"https:\/\/diariodominicano.com\/?p=171086","title":{"rendered":"PRM entrega a JCE padr\u00f3n de su Convenci\u00f3n"},"content":{"rendered":"<p><body><\/p>\n<p><img decoding=\"async\" src=\"img3\/12-Mar-2018 036.jpg\" \/><br \/><img decoding=\"async\" src=\"img3\/12-Mar-2018 033.jpg\" \/>  <\/p>\n<p>Santo Domingo, RD, 12 de marzo, &#8211; El Presidente de la Junta Central Electoral (JCE), Magistrado Julio C\u00e9sar Casta\u00f1os Guzm\u00e1n, recibi\u00f3 en su despacho a una delegaci\u00f3n del Partido Revolucionario Moderno (PRM), la cual hizo entrega del padr\u00f3n electoral que ser\u00e1 utilizado por esa organizaci\u00f3n pol\u00edtica en la XVIII Convenci\u00f3n Nacional Ordinaria \u00abClaudio Caama\u00f1o Grull\u00f3n\u00bb el pr\u00f3ximo 18 de marzo.  <\/p>\n<p>La delegaci\u00f3n estuvo encabezada por el Presidente de la Comisi\u00f3n Nacional Organizadora (CNO), Tony Raful, as\u00ed como por el delegado pol\u00edtico del PRM ante la Junta Central Electoral (JCE), Orlando Jorge Mera.  Tambi\u00e9n estuvieron presentes en el encuentro los se\u00f1ores Salvador Ramos, Jos\u00e9 Delio Ares, Yadira Henr\u00edquez, Fernando Dur\u00e1n y Deligne Senci\u00f3n.  <\/p>\n<p>Los representantes del PRM hicieron entrega de la memoria contentiva del padr\u00f3n lineal y el padr\u00f3n fotogr\u00e1fico que ser\u00e1n utilizados en el proceso de Convenci\u00f3n, a la vez que compartieron los detalles de la cantidad de boletas, recintos, candidatos y posiciones a elegir.  Igualmente, analizaron con el Presidente y otros funcionarios de la JCE un ejemplo de los materiales que ser\u00e1n utilizados, as\u00ed como algunos detalles de la planificaci\u00f3n log\u00edstica del proceso de votaci\u00f3n y del escrutinio.  <\/p>\n<p>El Presidente de la JCE expres\u00f3 \u00abesta instituci\u00f3n est\u00e1 recibiendo de parte del Partido Revolucionario Moderno (PRM), en el d\u00eda de hoy, su Padr\u00f3n Lineal, Padr\u00f3n Fotogr\u00e1fico, que tienen que ver con los trabajos de la XVIII Convenci\u00f3n Nacional Ordinaria, Claudio Caama\u00f1o Grull\u00f3n, y en tal sentido, le est\u00e1 dando formal ingreso a trav\u00e9s del Secretario General de esta instituci\u00f3n, y les desea al PRM, que el d\u00eda 18, que es el pr\u00f3ximo domingo, esta Convenci\u00f3n y estos trabajos sean un \u00e9xito\u00bb.<\/p>\n<p>En el encuentro tambi\u00e9n participaron Ram\u00f3n Hilario Espi\u00f1eira Ceballos, Secretario General de la JCE, y Mario N\u00fa\u00f1ez, Director Nacional de Elecciones de la JCE. <\/p>\n<h6> 2018-03-12 16:40:38 <\/h6>\n<p><!--\n<link rel=\"stylesheet\" href=\"css\/bootstrap.min.css\">\n\n\n<ul class=\"pagination\">\n\t    \n\t\n\n<li >\n\t<a href='?page_no=6426'>Previous<\/a>\n\t<\/li>\n\n\n       \n    \n\n<li><a href='?page_no=1'>1<\/a><\/li>\n\n\n\n<li><a href='?page_no=2'>2<\/a><\/li>\n\n\n\n<li><a>...<\/a><\/li>\n\n\n\n<li><a href='?page_no=6425'>6425<\/a><\/li>\n\n\n\n<li><a href='?page_no=6426'>6426<\/a><\/li>\n\n\n\n<li class='active'><a>6427<\/a><\/li>\n\n\n\n<li><a href='?page_no=6428'>6428<\/a><\/li>\n\n\n\n<li><a href='?page_no=6429'>6429<\/a><\/li>\n\n\n\n<li><a>...<\/a><\/li>\n\n\n\n<li><a href='?page_no=36999'>36999<\/a><\/li>\n\n\n\n<li><a href='?page_no=37000'>37000<\/a><\/li>\n\n    \n\t\n\n<li >\n\t<a href='?page_no=6428'>Next<\/a>\n\t<\/li>\n\n\n    \n\n<li><a href='?page_no=37000'>Last &rsaquo;&rsaquo;<\/a><\/li>\n\n<\/ul>\n\n\n--><br \/>\n<\/body><\/p>\n","protected":false},"excerpt":{"rendered":"<p>Santo Domingo, RD, 12 de marzo, &#8211; El Presidente de la Junta Central Electoral (JCE), Magistrado Julio C\u00e9sar Casta\u00f1os Guzm\u00e1n, recibi\u00f3 en su despacho a una delegaci\u00f3n del Partido Revolucionario Moderno (PRM), la cual hizo entrega del padr\u00f3n electoral que ser\u00e1 utilizado por esa organizaci\u00f3n pol\u00edtica en la XVIII Convenci\u00f3n Nacional Ordinaria \u00abClaudio Caama\u00f1o Grull\u00f3n\u00bb [&hellip;]<\/p>\n","protected":false},"author":3,"featured_media":0,"comment_status":"open","ping_status":"open","sticky":false,"template":"","format":"standard","meta":{"footnotes":""},"categories":[22],"tags":[],"class_list":["post-171086","post","type-post","status-publish","format-standard","hentry","category-politica"],"_links":{"self":[{"href":"https:\/\/diariodominicano.com\/index.php?rest_route=\/wp\/v2\/posts\/171086","targetHints":{"allow":["GET"]}}],"collection":[{"href":"https:\/\/diariodominicano.com\/index.php?rest_route=\/wp\/v2\/posts"}],"about":[{"href":"https:\/\/diariodominicano.com\/index.php?rest_route=\/wp\/v2\/types\/post"}],"author":[{"embeddable":true,"href":"https:\/\/diariodominicano.com\/index.php?rest_route=\/wp\/v2\/users\/3"}],"replies":[{"embeddable":true,"href":"https:\/\/diariodominicano.com\/index.php?rest_route=%2Fwp%2Fv2%2Fcomments&post=171086"}],"version-history":[{"count":0,"href":"https:\/\/diariodominicano.com\/index.php?rest_route=\/wp\/v2\/posts\/171086\/revisions"}],"wp:attachment":[{"href":"https:\/\/diariodominicano.com\/index.php?rest_route=%2Fwp%2Fv2%2Fmedia&parent=171086"}],"wp:term":[{"taxonomy":"category","embeddable":true,"href":"https:\/\/diariodominicano.com\/index.php?rest_route=%2Fwp%2Fv2%2Fcategories&post=171086"},{"taxonomy":"post_tag","embeddable":true,"href":"https:\/\/diariodominicano.com\/index.php?rest_route=%2Fwp%2Fv2%2Ftags&post=171086"}],"curies":[{"name":"wp","href":"https:\/\/api.w.org\/{rel}","templated":true}]}}