{"id":171085,"date":"2018-03-13T00:04:06","date_gmt":"2018-03-13T00:04:06","guid":{"rendered":"http:\/\/diariodominicano.ddns.net\/?p=171085"},"modified":"2018-03-13T00:04:06","modified_gmt":"2018-03-13T00:04:06","slug":"america-latina-necesita-liderazgo-institucional-para-luchar-contra-corrupcion-afirma-experto-peruano","status":"publish","type":"post","link":"https:\/\/diariodominicano.com\/?p=171085","title":{"rendered":"Am\u00e9rica Latina necesita liderazgo institucional para luchar contra corrupci\u00f3n, afirma experto peruano"},"content":{"rendered":"<p><body><\/p>\n<\/p>\n<\/p>\n<p><strong>   Por Juan Limachi<\/strong><\/p>\n<\/p>\n<p><strong>   LIMA, 12 mar (Xinhua) &#8211;<\/strong>&#8211; Los pa\u00edses latinoamericanos necesitan fortalecer su liderazgo institucional para luchar contra la corrupci\u00f3n, afirm\u00f3 el soci\u00f3logo peruano Rub\u00e9n Ticona, profesor de la Facultad de Ciencias Sociales de la Universidad Nacional Mayor de San Marcos.<\/p>\n<\/p>\n<p>   \u00abPara luchar contra la corrupci\u00f3n en Am\u00e9rica Latina debe haber un liderazgo institucional\u00bb, dijo en entrevista con Xinhua el investigador del \u00e1rea de econom\u00eda pol\u00edtica internacional y pol\u00edticas sociales. <\/p>\n<\/p>\n<p>   Explic\u00f3 que la tradici\u00f3n pol\u00edtica en la regi\u00f3n es que los liderazgos latinoamericanos no han logrado establecerse a la altura de las circunstancias de la actual coyuntura pol\u00edtica.<\/p>\n<\/p>\n<p>   \u00abLamentablemente, la experiencia hist\u00f3rica y de los \u00faltimos tiempos, nos muestra una clase pol\u00edtica que no est\u00e1 a la altura de las circunstancias, de las demandas y de los retos que hoy demanda la sociedad\u00bb, anot\u00f3.<\/p>\n<\/p>\n<p>   Ticona tambi\u00e9n destac\u00f3 la creaci\u00f3n de las comisiones de supervisi\u00f3n en China, pues es una referencia para los pa\u00edses latinoamericanos.<\/p>\n<\/p>\n<p>   Seg\u00fan el investigador, tal como se hizo en China, en Am\u00e9rica Latina se debe refundar la pol\u00edtica, replanteando los aspectos de c\u00f3mo gestionar, c\u00f3mo administrar y c\u00f3mo hacer pol\u00edtica.<\/p>\n<\/p>\n<p>   Ticona precis\u00f3 que en Per\u00fa y el resto de los pa\u00edses latinomericanos no se ha logrado consolidar la figura de la institucionalidad y la informalidad le est\u00e1 ganando la partida a las instituciones.<\/p>\n<\/p>\n<p>   \u00abEste es un problema que es una cuesti\u00f3n sist\u00e9mica de nuestros pa\u00edses, est\u00e1 entronizada, est\u00e1 pr\u00e1cticamente integrada a su forma de gestionar la pol\u00edtica\u00bb, anot\u00f3.<\/p>\n<\/p>\n<p>   Con respecto al rol de las empresas privadas en los casos de corrupci\u00f3n, afirm\u00f3 que \u00e9stas corrompen a las empresas p\u00fablicas, no es sino una muestra de lo que evidentemente est\u00e1 presente en este sistema.<\/p>\n<\/p>\n<p>   \u00abEntonces s\u00ed encontramos que las empresas privadas han venido teniendo pr\u00e1cticas de esta naturaleza desde hace mucho tiempo atr\u00e1s\u00bb, subray\u00f3.<\/p>\n<\/p>\n<p>   Ticona tambi\u00e9n sostuvo que en la d\u00e9cada de los 90 del siglo pasado el caso m\u00e1s emblem\u00e1tico de corrupci\u00f3n en Per\u00fa estuvo relacionado con Vladimiro Montesinos, asesor del entonces presidente Alberto Fujimori (1990-2000), involucrado en casos de corrupci\u00f3n y compra de parlamentarios de oposici\u00f3n.<\/p>\n<\/p>\n<p>   Adem\u00e1s, el experto puntualiz\u00f3 que, durante ese periodo, se constituyeron en diversas partes de Am\u00e9rica Latina reg\u00edmenes pol\u00edticos corruptos.<\/p>\n<\/p>\n<p>   \u00abEntonces, la empresa privada, el Estado y la sociedad civil, son parte de este entramado de lo que significa la corrupci\u00f3n, pero no podemos identificar o asociar corrupci\u00f3n a empresa privada o a Estado, \u00fanica y exclusivamente\u00bb, expres\u00f3.<\/p>\n<\/p>\n<p>   Ticona asegur\u00f3 que la corrupci\u00f3n est\u00e1 insertada en el sistema social y, como tal, se deben reorientar las pol\u00edticas p\u00fablicas, pol\u00edticas, sociales y pol\u00edticas culturales inclusivas, para construir una sociedad m\u00e1s equitativa libre de corrupci\u00f3n.<\/p>\n<\/p>\n<p>   El profesor universitario expres\u00f3 que para luchar contra la corrupci\u00f3n, no existen f\u00f3rmulas o recetas milagrosas, ya que \u00e9ste es un problema sist\u00e9mico.<\/p>\n<\/p>\n<p>   \u00abDesborda la capacidad, inclusive estatal, porque est\u00e1 en el sistema social como tal, por eso no es una soluci\u00f3n cortoplasista, sino que tiene que ver con pol\u00edticas integrales que busquen sumar y articular esfuerzos desde la sociedad civil, pol\u00edtica y empresarial\u00bb, subray\u00f3.<\/p>\n<\/p>\n<p>   Asimismo, alert\u00f3 que la corrupci\u00f3n est\u00e1 afectando la gobernabilidad y la forma de convivencia de la sociedad, la cual se dirige hacia un nuevo desborde, donde reinar\u00e1 la corrupci\u00f3n, informalidad y el autoritarismo.<\/p>\n<\/p>\n<p>   \u00abLa corrupci\u00f3n genera una serie de p\u00e9rdidas de recursos que podr\u00edan ser direccionados a poblaciones, sumamente vulnerables dentro de pa\u00edses tan desiguales en Am\u00e9rica Latina\u00bb, afirm\u00f3.<\/p>\n<\/p>\n<p>   Ticona puntualiz\u00f3 que la corrupci\u00f3n afecta la capacidad del sistema pol\u00edtico y del sistema democr\u00e1tico.<\/p>\n<\/p>\n<p>   Entre otros aspectos de la corrupci\u00f3n en Latinoam\u00e9rica, Ticona precis\u00f3 que tambi\u00e9n afecta el campo de la salud y la educaci\u00f3n, dos \u00e1reas sensibles para la poblaci\u00f3n de bajos recursos.<\/p>\n<\/p>\n<p>   \u00abCada vez son m\u00e1s ineficientes los servicios p\u00fablicos y se menoscaba la capacidad de gesti\u00f3n de estas entidades estatales y dan posibilidad de acceso a las empresas privadas en temas tan sensibles como la salud y la educaci\u00f3n\u00bb, subray\u00f3.<\/p>\n<\/p>\n<p>   De acuerdo con la Corte Suprema de Justicia, en Per\u00fa la corrupci\u00f3n genera p\u00e9rdidas econ\u00f3micas por un aproximado de 3.700 millones de d\u00f3lares anuales.<\/p>\n<\/p>\n<p>   Seg\u00fan el m\u00e1ximo \u00f3rgano de la justicia peruana, hasta diciembre de 2017 la corrupci\u00f3n en Per\u00fa hab\u00eda ocasionado 27.020 denuncias contra funcionarios de diversos niveles. <\/p>\n<\/p>\n<p>   Uno de los casos de corrupci\u00f3n m\u00e1s extendidos en Latinoam\u00e9rica es el protagonizado por el consorcio brasile\u00f1o Odebrecht, que involucra a 27 pa\u00edses. Fin<\/p>\n<\/p>\n<h6> 2018-03-13 00:04:06 <\/h6>\n<p><!--\n<link rel=\"stylesheet\" href=\"css\/bootstrap.min.css\">\n\n\n<ul class=\"pagination\">\n\t    \n\t\n\n<li >\n\t<a href='?page_no=6425'>Previous<\/a>\n\t<\/li>\n\n\n       \n    \n\n<li><a href='?page_no=1'>1<\/a><\/li>\n\n\n\n<li><a href='?page_no=2'>2<\/a><\/li>\n\n\n\n<li><a>...<\/a><\/li>\n\n\n\n<li><a href='?page_no=6424'>6424<\/a><\/li>\n\n\n\n<li><a href='?page_no=6425'>6425<\/a><\/li>\n\n\n\n<li class='active'><a>6426<\/a><\/li>\n\n\n\n<li><a href='?page_no=6427'>6427<\/a><\/li>\n\n\n\n<li><a href='?page_no=6428'>6428<\/a><\/li>\n\n\n\n<li><a>...<\/a><\/li>\n\n\n\n<li><a href='?page_no=36999'>36999<\/a><\/li>\n\n\n\n<li><a href='?page_no=37000'>37000<\/a><\/li>\n\n    \n\t\n\n<li >\n\t<a href='?page_no=6427'>Next<\/a>\n\t<\/li>\n\n\n    \n\n<li><a href='?page_no=37000'>Last &rsaquo;&rsaquo;<\/a><\/li>\n\n<\/ul>\n\n\n--><br \/>\n<\/body><\/p>\n","protected":false},"excerpt":{"rendered":"<p>Por Juan Limachi LIMA, 12 mar (Xinhua) &#8211;&#8211; Los pa\u00edses latinoamericanos necesitan fortalecer su liderazgo institucional para luchar contra la corrupci\u00f3n, afirm\u00f3 el soci\u00f3logo peruano Rub\u00e9n Ticona, profesor de la Facultad de Ciencias Sociales de la Universidad Nacional Mayor de San Marcos. \u00abPara luchar contra la corrupci\u00f3n en Am\u00e9rica Latina debe haber un liderazgo institucional\u00bb, [&hellip;]<\/p>\n","protected":false},"author":3,"featured_media":0,"comment_status":"open","ping_status":"open","sticky":false,"template":"","format":"standard","meta":{"footnotes":""},"categories":[22],"tags":[],"class_list":["post-171085","post","type-post","status-publish","format-standard","hentry","category-politica"],"_links":{"self":[{"href":"https:\/\/diariodominicano.com\/index.php?rest_route=\/wp\/v2\/posts\/171085","targetHints":{"allow":["GET"]}}],"collection":[{"href":"https:\/\/diariodominicano.com\/index.php?rest_route=\/wp\/v2\/posts"}],"about":[{"href":"https:\/\/diariodominicano.com\/index.php?rest_route=\/wp\/v2\/types\/post"}],"author":[{"embeddable":true,"href":"https:\/\/diariodominicano.com\/index.php?rest_route=\/wp\/v2\/users\/3"}],"replies":[{"embeddable":true,"href":"https:\/\/diariodominicano.com\/index.php?rest_route=%2Fwp%2Fv2%2Fcomments&post=171085"}],"version-history":[{"count":0,"href":"https:\/\/diariodominicano.com\/index.php?rest_route=\/wp\/v2\/posts\/171085\/revisions"}],"wp:attachment":[{"href":"https:\/\/diariodominicano.com\/index.php?rest_route=%2Fwp%2Fv2%2Fmedia&parent=171085"}],"wp:term":[{"taxonomy":"category","embeddable":true,"href":"https:\/\/diariodominicano.com\/index.php?rest_route=%2Fwp%2Fv2%2Fcategories&post=171085"},{"taxonomy":"post_tag","embeddable":true,"href":"https:\/\/diariodominicano.com\/index.php?rest_route=%2Fwp%2Fv2%2Ftags&post=171085"}],"curies":[{"name":"wp","href":"https:\/\/api.w.org\/{rel}","templated":true}]}}