{"id":171079,"date":"2018-03-13T13:32:57","date_gmt":"2018-03-13T13:32:57","guid":{"rendered":"http:\/\/diariodominicano.ddns.net\/?p=171079"},"modified":"2018-03-13T13:32:57","modified_gmt":"2018-03-13T13:32:57","slug":"mpd-llama-al-pueblo-dominicano-a-no-dejarse-arrastrar-por-campana-de-odio-y-a-rechazar-la-violencia-contra-la-poblacion-migrante-haitiana","status":"publish","type":"post","link":"https:\/\/diariodominicano.com\/?p=171079","title":{"rendered":"MPD llama al pueblo dominicano a no dejarse arrastrar por campa\u00f1a de odio y a rechazar la violencia contra la poblaci\u00f3n migrante haitiana"},"content":{"rendered":"<p><body><\/p>\n<p><img decoding=\"async\" src=\"img3\/hait1.jpg\" \/>  <\/p>\n<p>SANTO DOMINGO. El Movimiento Popular Dominicano (MPD) hace llamado al pueblo a no dejarse arrastrar por el odio y la violencia y a evitar atropellos contra personas migrantes haitianas inocentes, que no son culpables de que otros compatriotas hayan cometido un delito.<\/p>\n<\/p>\n<p>La exhortaci\u00f3n de la organizaci\u00f3n de izquierda es a prop\u00f3sito de la situaci\u00f3n creada en Pedernales, tras la muerte de los esposos Julio Reyes P\u00e9rez y Oneida F\u00e9liz Urb\u00e1ez, cr\u00edmenes atribuido dos nacionales haitianos, y que ha provocado que grupos de civiles llamen a sacar de esta localidad a los y las migrantes de la vecina naci\u00f3n.<\/p>\n<\/p>\n<p>Para el MPD son lamentables los casos de violencia racial, \u00e9tnica y nacionalista que a trav\u00e9s de la historia ha sufrido la humanidad.<\/p>\n<\/p>\n<p>\u00abLa promoci\u00f3n del odio por diferencias de origen, la culpabililizaci\u00f3n de las personas migrantes sobre las deficiencias de los servicios p\u00fablicos, el racismo y el desprecio por las personas pobres de otros pa\u00edses, han sido mecanismos que sectores \u00e9lites han utilizado para desviar la atenci\u00f3n de las ra\u00edces de los problemas sociales, a trav\u00e9s de la historia\u00bb, puntualiza el MPD en una declaraci\u00f3n firmada por su vocero nacional, Pablo Ferreiras.<\/p>\n<\/p>\n<p>El portavoz del MPD entiende que, en estos casos, la Rep\u00fablica Dominicana no es la excepci\u00f3n, pues, desde hace muchos a\u00f1os se ha apelado al tema de la supuesta \u00abinvasi\u00f3n\u00bb haitiana cada vez que surgen procesos que buscan develar a los corruptos internos, a los que se reparten el pa\u00eds o cada vez que las \u00e9lites econ\u00f3micas quieren desviar la atenci\u00f3n para seguir disfrutando de los privilegios econ\u00f3micos que la clase pol\u00edtica le sirve en desmedro del bienestar colectivo.<\/p>\n<\/p>\n<p>\u00abLo hemos advertido en m\u00faltiples ocasiones, la promoci\u00f3n del odio contra los y las migrantes haitianos\/as no conduce a otra cosa m\u00e1s que a un derramamiento de sangre inocente. No podemos permitir que ese sentimiento de odio, producto de la manipulaci\u00f3n despiadada, contribuya a que hordas de personas airadas y manipuladas intenten tomar lo que entienden es la ley en sus manos\u00bb, precisa el MPD.<\/p>\n<\/p>\n<p>Ferreiras hizo un llamado al pueblo dominicano, reconocido por su solidaridad y capacidad de unirse en los momentos m\u00e1s cruciales de nuestra historia, a que no permita que nuestros corazones sigan siendo sembrados de odio y miedos infundados y podamos identificar claramente a qui\u00e9nes est\u00e1n detr\u00e1s de toda esta vil manipulaci\u00f3n, les denunciemos, y podamos unirnos como clase dominada y explotada a construir una sociedad de paz y justicia.<\/p>\n<\/p>\n<p>Demand\u00f3, adem\u00e1s, que la justicia asuma su responsabilidad y aplique la ley a qui\u00e9nes han cometido delitos y cr\u00edmenes, por entender que esas muertes no deben quedar impunes. Asimismo, imponer la ley a quienes incitan a la violencia contra la poblaci\u00f3n migrante haitiana indefensa.   <\/p>\n<\/p>\n<p>\u00abLas autoridades de ambos pa\u00edses deben pensar en sus pueblos y buscar soluciones a la situaci\u00f3n que ellos han creado por apetencias personales. Dejamos claro que los pueblos dominicano y haitiano nunca han sido enemigos, sin embargo, las \u00e9lites han usado ese recurso para sacar provecho y enriquecerse a costa de su sufrimiento y mantenernos divididos\u00bb, sostiene el MPD.<\/p>\n<\/p>\n<p>De igual manera, el Movimiento Popular Dominicano responsabiliz\u00f3 al gobierno dominicano y al presidente Danilo Medina de las consecuencias de esta campa\u00f1a xenof\u00f3bica y de odio, promovida desde tambi\u00e9n desde el Estado, para sacar beneficios pol\u00edticos y econ\u00f3micos, bajo el manto de un falso nacionalismo.<\/p>\n<h6> 2018-03-13 13:32:57 <\/h6>\n<p><!--\n<link rel=\"stylesheet\" href=\"css\/bootstrap.min.css\">\n\n\n<ul class=\"pagination\">\n\t    \n\t\n\n<li >\n\t<a href='?page_no=6419'>Previous<\/a>\n\t<\/li>\n\n\n       \n    \n\n<li><a href='?page_no=1'>1<\/a><\/li>\n\n\n\n<li><a href='?page_no=2'>2<\/a><\/li>\n\n\n\n<li><a>...<\/a><\/li>\n\n\n\n<li><a href='?page_no=6418'>6418<\/a><\/li>\n\n\n\n<li><a href='?page_no=6419'>6419<\/a><\/li>\n\n\n\n<li class='active'><a>6420<\/a><\/li>\n\n\n\n<li><a href='?page_no=6421'>6421<\/a><\/li>\n\n\n\n<li><a href='?page_no=6422'>6422<\/a><\/li>\n\n\n\n<li><a>...<\/a><\/li>\n\n\n\n<li><a href='?page_no=36999'>36999<\/a><\/li>\n\n\n\n<li><a href='?page_no=37000'>37000<\/a><\/li>\n\n    \n\t\n\n<li >\n\t<a href='?page_no=6421'>Next<\/a>\n\t<\/li>\n\n\n    \n\n<li><a href='?page_no=37000'>Last &rsaquo;&rsaquo;<\/a><\/li>\n\n<\/ul>\n\n\n--><br \/>\n<\/body><\/p>\n","protected":false},"excerpt":{"rendered":"<p>SANTO DOMINGO. El Movimiento Popular Dominicano (MPD) hace llamado al pueblo a no dejarse arrastrar por el odio y la violencia y a evitar atropellos contra personas migrantes haitianas inocentes, que no son culpables de que otros compatriotas hayan cometido un delito. La exhortaci\u00f3n de la organizaci\u00f3n de izquierda es a prop\u00f3sito de la situaci\u00f3n [&hellip;]<\/p>\n","protected":false},"author":3,"featured_media":0,"comment_status":"open","ping_status":"open","sticky":false,"template":"","format":"standard","meta":{"footnotes":""},"categories":[22],"tags":[],"class_list":["post-171079","post","type-post","status-publish","format-standard","hentry","category-politica"],"_links":{"self":[{"href":"https:\/\/diariodominicano.com\/index.php?rest_route=\/wp\/v2\/posts\/171079","targetHints":{"allow":["GET"]}}],"collection":[{"href":"https:\/\/diariodominicano.com\/index.php?rest_route=\/wp\/v2\/posts"}],"about":[{"href":"https:\/\/diariodominicano.com\/index.php?rest_route=\/wp\/v2\/types\/post"}],"author":[{"embeddable":true,"href":"https:\/\/diariodominicano.com\/index.php?rest_route=\/wp\/v2\/users\/3"}],"replies":[{"embeddable":true,"href":"https:\/\/diariodominicano.com\/index.php?rest_route=%2Fwp%2Fv2%2Fcomments&post=171079"}],"version-history":[{"count":0,"href":"https:\/\/diariodominicano.com\/index.php?rest_route=\/wp\/v2\/posts\/171079\/revisions"}],"wp:attachment":[{"href":"https:\/\/diariodominicano.com\/index.php?rest_route=%2Fwp%2Fv2%2Fmedia&parent=171079"}],"wp:term":[{"taxonomy":"category","embeddable":true,"href":"https:\/\/diariodominicano.com\/index.php?rest_route=%2Fwp%2Fv2%2Fcategories&post=171079"},{"taxonomy":"post_tag","embeddable":true,"href":"https:\/\/diariodominicano.com\/index.php?rest_route=%2Fwp%2Fv2%2Ftags&post=171079"}],"curies":[{"name":"wp","href":"https:\/\/api.w.org\/{rel}","templated":true}]}}