{"id":171077,"date":"2018-03-13T13:40:30","date_gmt":"2018-03-13T13:40:30","guid":{"rendered":"http:\/\/diariodominicano.ddns.net\/?p=171077"},"modified":"2018-03-13T13:40:30","modified_gmt":"2018-03-13T13:40:30","slug":"melanio-paredes-denuncia-comportamiento-de-algunos-dirigentes-desdice-mucho-del-perfil-de-las-y-los-peledeistas","status":"publish","type":"post","link":"https:\/\/diariodominicano.com\/?p=171077","title":{"rendered":"Melanio Paredes denuncia  comportamiento de algunos  dirigentes desdice mucho del perfil de las y los pelede\u00edstas"},"content":{"rendered":"<p><body><\/p>\n<p><img decoding=\"async\" src=\"img3\/mela111.jpg\" \/>  <\/p>\n<p>Para Melanio Paredes, miembro del Comit\u00e9 Central del Partido de la Liberaci\u00f3n Dominicana (PLD), debe esa organizaci\u00f3n conservar el esp\u00edritu de cuerpo que le ha  caracterizado y que en ese prop\u00f3sito deben jugar un rol fundamental  el presidente de la Republica,  Danilo Medina y presidente de la organizaci\u00f3n, Leonel Fern\u00e1ndez.<\/p>\n<\/p>\n<p>\u00abNo son aventureros, se trata de gente en la  que se ha fraguado  una condici\u00f3n de liderazgo natural que se ha fortalecido con su paso por el poder y eso tiene que reflejarse ahora\u00bb, subray\u00f3 Paredes entrevistado  en el programa al Punto TV y que rese\u00f1a el PLD en parte a trav\u00e9s de la Secretar\u00eda de Comunicaciones.<\/p>\n<\/p>\n<p>En ese orden,  ex ministro de educaci\u00f3n dijo que los presidentes de la Rep\u00fablica y del PLD, Danilo Medina y Leonel Fern\u00e1ndez, respectivamente, est\u00e1n llamados a preservar el legado sembrado en sus gestiones gubernamentales en beneficio del pa\u00eds.<\/p>\n<\/p>\n<p>\u00abEse legado de doce a\u00f1os de Leonel Fern\u00e1ndez  y los ocho a\u00f1os de Medina con un desempe\u00f1o econ\u00f3mico saludable, rodar\u00edan por el suelo si el Partido no se fundamenta en la necesaria  unidad que le ha proporcionado m\u00faltiples triunfos\u00bb, apunt\u00f3.<\/p>\n<\/p>\n<p>Melanio Paredes agrega que es de lamentar que obras de gobiernos tan positivos como las encabezadas por el PLD,  pueda ser sustituida por la aventura pol\u00edtica del pa\u00eds que es lo que a su juicio pasar\u00eda si no se pone un alto a los dirigentes que se identifican con un lado y con otro.<\/p>\n<\/p>\n<p>\u00abPor eso creo que ambos l\u00edderes deben  silenciar a sus  huestes. Deben llamar a la cordura porque ellos no se expresan. Tu nunca ha visto al presidente Danilo Medina ni a Leonel Fern\u00e1ndez con expresiones desaforadas\u00bb, puntualiz\u00f3<\/p>\n<\/p>\n<p>Entiende Paredes que no pueden, los dirigentes que les acompa\u00f1an,  estar  batiendo tambores de guerra cuando ellos no tienen ese tipo de actuaci\u00f3n.<\/p>\n<\/p>\n<p>Se\u00f1ala  que lo importante es agotar todas las posibilidades de mantener al Partido de la Liberaci\u00f3n Dominicana aun en medio de las  diferencias que pudieren existir: \u00abEsas diferencias tienen que dirimirse en base  a las normas, a nuestros estatutos, a la Constituci\u00f3n a esa Ley de partido y a esa Ley electoral que finalmente nos demos\u00bb, apunt\u00f3.<\/p>\n<\/p>\n<p>El  dirigente pelede\u00edsta  dijo que hay principio y valores que est\u00e1n llamados a permanecer en el tiempo a pesar de los cambios,  como la \u00e9tica como pr\u00e1ctica de vida que caracteriz\u00f3 al fundador del PLD, Profesor Juan Bosch.<\/p>\n<h6> 2018-03-13 13:40:30 <\/h6>\n<p><!--\n<link rel=\"stylesheet\" href=\"css\/bootstrap.min.css\">\n\n\n<ul class=\"pagination\">\n\t    \n\t\n\n<li >\n\t<a href='?page_no=6418'>Previous<\/a>\n\t<\/li>\n\n\n       \n    \n\n<li><a href='?page_no=1'>1<\/a><\/li>\n\n\n\n<li><a href='?page_no=2'>2<\/a><\/li>\n\n\n\n<li><a>...<\/a><\/li>\n\n\n\n<li><a href='?page_no=6417'>6417<\/a><\/li>\n\n\n\n<li><a href='?page_no=6418'>6418<\/a><\/li>\n\n\n\n<li class='active'><a>6419<\/a><\/li>\n\n\n\n<li><a href='?page_no=6420'>6420<\/a><\/li>\n\n\n\n<li><a href='?page_no=6421'>6421<\/a><\/li>\n\n\n\n<li><a>...<\/a><\/li>\n\n\n\n<li><a href='?page_no=36999'>36999<\/a><\/li>\n\n\n\n<li><a href='?page_no=37000'>37000<\/a><\/li>\n\n    \n\t\n\n<li >\n\t<a href='?page_no=6420'>Next<\/a>\n\t<\/li>\n\n\n    \n\n<li><a href='?page_no=37000'>Last &rsaquo;&rsaquo;<\/a><\/li>\n\n<\/ul>\n\n\n--><br \/>\n<\/body><\/p>\n","protected":false},"excerpt":{"rendered":"<p>Para Melanio Paredes, miembro del Comit\u00e9 Central del Partido de la Liberaci\u00f3n Dominicana (PLD), debe esa organizaci\u00f3n conservar el esp\u00edritu de cuerpo que le ha caracterizado y que en ese prop\u00f3sito deben jugar un rol fundamental el presidente de la Republica, Danilo Medina y presidente de la organizaci\u00f3n, Leonel Fern\u00e1ndez. \u00abNo son aventureros, se trata [&hellip;]<\/p>\n","protected":false},"author":3,"featured_media":0,"comment_status":"open","ping_status":"open","sticky":false,"template":"","format":"standard","meta":{"footnotes":""},"categories":[22],"tags":[],"class_list":["post-171077","post","type-post","status-publish","format-standard","hentry","category-politica"],"_links":{"self":[{"href":"https:\/\/diariodominicano.com\/index.php?rest_route=\/wp\/v2\/posts\/171077","targetHints":{"allow":["GET"]}}],"collection":[{"href":"https:\/\/diariodominicano.com\/index.php?rest_route=\/wp\/v2\/posts"}],"about":[{"href":"https:\/\/diariodominicano.com\/index.php?rest_route=\/wp\/v2\/types\/post"}],"author":[{"embeddable":true,"href":"https:\/\/diariodominicano.com\/index.php?rest_route=\/wp\/v2\/users\/3"}],"replies":[{"embeddable":true,"href":"https:\/\/diariodominicano.com\/index.php?rest_route=%2Fwp%2Fv2%2Fcomments&post=171077"}],"version-history":[{"count":0,"href":"https:\/\/diariodominicano.com\/index.php?rest_route=\/wp\/v2\/posts\/171077\/revisions"}],"wp:attachment":[{"href":"https:\/\/diariodominicano.com\/index.php?rest_route=%2Fwp%2Fv2%2Fmedia&parent=171077"}],"wp:term":[{"taxonomy":"category","embeddable":true,"href":"https:\/\/diariodominicano.com\/index.php?rest_route=%2Fwp%2Fv2%2Fcategories&post=171077"},{"taxonomy":"post_tag","embeddable":true,"href":"https:\/\/diariodominicano.com\/index.php?rest_route=%2Fwp%2Fv2%2Ftags&post=171077"}],"curies":[{"name":"wp","href":"https:\/\/api.w.org\/{rel}","templated":true}]}}