{"id":171076,"date":"2018-03-13T23:55:20","date_gmt":"2018-03-13T23:55:20","guid":{"rendered":"http:\/\/diariodominicano.ddns.net\/?p=171076"},"modified":"2018-03-13T23:55:20","modified_gmt":"2018-03-13T23:55:20","slug":"retiran-del-tc-accion-que-buscaba-anular-vigesima-disposicion-transitoria-que-impide-reeleccion-danilo-medina","status":"publish","type":"post","link":"https:\/\/diariodominicano.com\/?p=171076","title":{"rendered":"Retiran del TC acci\u00f3n que buscaba anular vig\u00e9sima disposici\u00f3n transitoria que impide reelecci\u00f3n Danilo Medina"},"content":{"rendered":"<p><body><\/p>\n<p><strong> <\/strong><\/p>\n<p><strong>SANTO DOMINGO, RD, 13 de marzo de 2018.-<\/strong>  Fue retirada este martes  la acci\u00f3n  ante el Tribunal Constitucional que buscaba anular el art\u00edculo 20 transitorio, que impide la reelecci\u00f3n del presidente Danilo Medina en las elecciones presidenciales de 2020.<\/p>\n<\/p>\n<p>La Oficina Ferreras y Asociados, integrada por abogados consultores legales, ubicada en la calle Cruz Mar\u00eda Reyes, No. 24, Urbanizaci\u00f3n Luz de Luna,  en el municipio Santo Domingo Este, envi\u00f3 un documento al presidente del Tribunal Constitucional y dem\u00e1s jueces que integran esta alta corte,   para ser   desestimado, retirado y archivar definitivamente la solicitud  de instancia directa de inconstitucionalidad en contra de la vig\u00e9sima disposici\u00f3n transitoria   de la Constituci\u00f3n de la Rep\u00fablica reformada el 13 de junio del 2015.<\/p>\n<\/p>\n<p>En la solicitud, se explica que el recurso de amparo se retira por ser contraria a varias disposiciones permanente de la misma Carta Magna, como los art\u00edculos 22, 39, 68, 69, 110, 124  y 6, contentiva en el expediente marcado con el No. TC -01-2018, 0003, depositada el 15 de febrero del a\u00f1o 2018.<\/p>\n<\/p>\n<p>Al final del documento especifica al recurrente y abogado del recurso, Fredermido Ferreras D\u00edaz.<\/p>\n<\/p>\n<p>Se recuerda que el  pueblo, partidos de la oposici\u00f3n y diversos sectores se opusieron a la reelecci\u00f3n del actual presidente Danilo Medina para los comicios del 2020.<\/p>\n<\/p>\n<\/p>\n<p>La Fundaci\u00f3n Institucionalidad y Justicia, (FINJUS), replic\u00f3 que la vig\u00e9sima disposici\u00f3n transitoria \u00abes sumamente clara, bajo ning\u00fan concepto esta podr\u00eda afectar los derechos de los gobernantes ni tampoco generar un marco desigual de posibilidades para el acceso al poder\u00bb.<\/p>\n<\/p>\n<p>El diputado de Ultramar-Europa Marcos Cross  manifest\u00f3 \u00abhablar de reelecci\u00f3n con la limitaci\u00f3n que establece el art\u00edculo 20 transitorio de la Constituci\u00f3n del 2015, es no pensar en la Patria\u00bb.<\/p>\n<\/p>\n<p>Asimismo, el  presidente de la C\u00e1mara de Diputados, Rub\u00e9n Maldonado, puntualiz\u00f3 que es el Congreso Nacional el \u00fanico poder del Estado con capacidad para modificar la Constituci\u00f3n en respuesta a la acci\u00f3n directa sometida ante el Tribunal Constitucional que permita la repostulaci\u00f3n del presidente Danilo Medina.<\/p>\n<\/p>\n<p>Expres\u00f3  Maldonado \u00abjam\u00e1s la Constituci\u00f3n misma le da facultades al Tribunal Constitucional para revisar la Constituci\u00f3n misma como tal. Solamente el Congreso Nacional tiene la facultad constitucional de revisar lo que dice la Constituci\u00f3n\u00bb.<\/p>\n<\/p>\n<p>El diputado del Partido Reformista Social Cristiano (PRSC), M\u00e1ximo Castro Silverio, consider\u00f3 este lunes que el recurso de amparo enviado al Tribunal Constitucional (TC) sobre la reelecci\u00f3n, es una forma de marear a la ciudadan\u00eda, es  un \u00abamarraco\u00bb  y a la vez tantear a la poblaci\u00f3n sobre referido tema.<\/p>\n<\/p>\n<p>El legislador reformista sostuvo que \u00abel transitorio\u00bb es prohibir una tercera reelecci\u00f3n, y el nunca jam\u00e1s,  son claros y no est\u00e1n sujetos a interpretaciones, por lo que el Tribunal Constitucional no podr\u00e1 actuar en contra de la propia Constituci\u00f3n. (Oficina Ferreras y Asociados)<\/p>\n<\/p>\n<\/p>\n<h6> 2018-03-13 23:55:20 <\/h6>\n<p><!--\n<link rel=\"stylesheet\" href=\"css\/bootstrap.min.css\">\n\n\n<ul class=\"pagination\">\n\t    \n\t\n\n<li >\n\t<a href='?page_no=6417'>Previous<\/a>\n\t<\/li>\n\n\n       \n    \n\n<li><a href='?page_no=1'>1<\/a><\/li>\n\n\n\n<li><a href='?page_no=2'>2<\/a><\/li>\n\n\n\n<li><a>...<\/a><\/li>\n\n\n\n<li><a href='?page_no=6416'>6416<\/a><\/li>\n\n\n\n<li><a href='?page_no=6417'>6417<\/a><\/li>\n\n\n\n<li class='active'><a>6418<\/a><\/li>\n\n\n\n<li><a href='?page_no=6419'>6419<\/a><\/li>\n\n\n\n<li><a href='?page_no=6420'>6420<\/a><\/li>\n\n\n\n<li><a>...<\/a><\/li>\n\n\n\n<li><a href='?page_no=36999'>36999<\/a><\/li>\n\n\n\n<li><a href='?page_no=37000'>37000<\/a><\/li>\n\n    \n\t\n\n<li >\n\t<a href='?page_no=6419'>Next<\/a>\n\t<\/li>\n\n\n    \n\n<li><a href='?page_no=37000'>Last &rsaquo;&rsaquo;<\/a><\/li>\n\n<\/ul>\n\n\n--><br \/>\n<\/body><\/p>\n","protected":false},"excerpt":{"rendered":"<p>SANTO DOMINGO, RD, 13 de marzo de 2018.- Fue retirada este martes la acci\u00f3n ante el Tribunal Constitucional que buscaba anular el art\u00edculo 20 transitorio, que impide la reelecci\u00f3n del presidente Danilo Medina en las elecciones presidenciales de 2020. La Oficina Ferreras y Asociados, integrada por abogados consultores legales, ubicada en la calle Cruz Mar\u00eda [&hellip;]<\/p>\n","protected":false},"author":3,"featured_media":0,"comment_status":"open","ping_status":"open","sticky":false,"template":"","format":"standard","meta":{"footnotes":""},"categories":[22],"tags":[],"class_list":["post-171076","post","type-post","status-publish","format-standard","hentry","category-politica"],"_links":{"self":[{"href":"https:\/\/diariodominicano.com\/index.php?rest_route=\/wp\/v2\/posts\/171076","targetHints":{"allow":["GET"]}}],"collection":[{"href":"https:\/\/diariodominicano.com\/index.php?rest_route=\/wp\/v2\/posts"}],"about":[{"href":"https:\/\/diariodominicano.com\/index.php?rest_route=\/wp\/v2\/types\/post"}],"author":[{"embeddable":true,"href":"https:\/\/diariodominicano.com\/index.php?rest_route=\/wp\/v2\/users\/3"}],"replies":[{"embeddable":true,"href":"https:\/\/diariodominicano.com\/index.php?rest_route=%2Fwp%2Fv2%2Fcomments&post=171076"}],"version-history":[{"count":0,"href":"https:\/\/diariodominicano.com\/index.php?rest_route=\/wp\/v2\/posts\/171076\/revisions"}],"wp:attachment":[{"href":"https:\/\/diariodominicano.com\/index.php?rest_route=%2Fwp%2Fv2%2Fmedia&parent=171076"}],"wp:term":[{"taxonomy":"category","embeddable":true,"href":"https:\/\/diariodominicano.com\/index.php?rest_route=%2Fwp%2Fv2%2Fcategories&post=171076"},{"taxonomy":"post_tag","embeddable":true,"href":"https:\/\/diariodominicano.com\/index.php?rest_route=%2Fwp%2Fv2%2Ftags&post=171076"}],"curies":[{"name":"wp","href":"https:\/\/api.w.org\/{rel}","templated":true}]}}