{"id":171075,"date":"2018-03-14T11:39:19","date_gmt":"2018-03-14T11:39:19","guid":{"rendered":"http:\/\/diariodominicano.ddns.net\/?p=171075"},"modified":"2018-03-14T11:39:19","modified_gmt":"2018-03-14T11:39:19","slug":"tony-raful-asegura-prm-saldra-airoso-y-fortalecido-de-su-convencion-el-domingo","status":"publish","type":"post","link":"https:\/\/diariodominicano.com\/?p=171075","title":{"rendered":"Tony Raful asegura PRM saldr\u00e1 airoso y fortalecido de su convenci\u00f3n el domingo"},"content":{"rendered":"<p><body><\/p>\n<p><img decoding=\"async\" src=\"img3\/raful11.jpg\" \/>  <\/p>\n<p>Santo Domingo, R.D.-El presidente de la Comisi\u00f3n Organizadora de la Convenci\u00f3n del Partido Revolucionario Moderno (PRM), Tony Raful asegur\u00f3 que esa organizaci\u00f3n pol\u00edtica saldr\u00e1 airosa y fortalecida de su proceso interno donde se escoger\u00e1n las nuevas autoridades partidarias.<\/p>\n<\/p>\n<p>Entrevistado por el periodista Vargavila River\u00f3n en el programa \u00abFr\u00edas y Calientes\u00bb que se transmite por el canal Hilando Fino TV, Raful dijo que est\u00e1n listos para celebrar el proceso el pr\u00f3ximo domingo 18 del presente mes.<\/p>\n<\/p>\n<p>\u00abEstamos preparados para enfrentar el reto y salir airosos, tengo plena confianza en que Hip\u00f3lito Mej\u00eda y Luis Abinader, l\u00edderes de las corrientes principales van a velar y van a garantizar la unidad del partido en esta convenci\u00f3n y hemos hecho \u00e9nfasis en garantizar el legado del doctor Jos\u00e9 Francisco Pe\u00f1a G\u00f3mez, el mejor homenaje que se le puede rendir es tener un partido fuerte, democr\u00e1tico y unido que nos permita llegar al poder, porque esta es la esperanza del pa\u00eds\u00bb, declar\u00f3.<\/p>\n<\/p>\n<p>Sostuvo que la convenci\u00f3n del PRM es un proceso absolutamente democr\u00e1tico donde resultar\u00e1n elegidos quienes obtengan mayor cantidad de votos entre los miles de candidatos inscritos.<\/p>\n<\/p>\n<p>Tony Raful advirti\u00f3 adem\u00e1s que los miembros y dirigentes de la organizaci\u00f3n pol\u00edtica que incurran en irrespeto o propicien el desorden en este certamen ser\u00e1n sancionados y en algunos casos expulsados del PRM.<\/p>\n<\/p>\n<p>Asimismo, reiter\u00f3 que la Comisi\u00f3n Organizadora de la Convenci\u00f3n nunca solicit\u00f3 a la Junta Central Electoral el uso de los esc\u00e1neres para las elecciones internas de ese partido, no obstante destac\u00f3 el apoyo del \u00f3rgano comicial la realizaci\u00f3n del proceso convencional pautado para el pr\u00f3ximo domingo 18 de marzo.<\/p>\n<\/p>\n<p>LINK ENTREVISTA: https:\/\/www.youtube.com\/watch?v=CBY1jxMnpXw&amp;t=294s<\/p>\n<h6> 2018-03-14 11:39:19 <\/h6>\n<p><!--\n<link rel=\"stylesheet\" href=\"css\/bootstrap.min.css\">\n\n\n<ul class=\"pagination\">\n\t    \n\t\n\n<li >\n\t<a href='?page_no=6416'>Previous<\/a>\n\t<\/li>\n\n\n       \n    \n\n<li><a href='?page_no=1'>1<\/a><\/li>\n\n\n\n<li><a href='?page_no=2'>2<\/a><\/li>\n\n\n\n<li><a>...<\/a><\/li>\n\n\n\n<li><a href='?page_no=6415'>6415<\/a><\/li>\n\n\n\n<li><a href='?page_no=6416'>6416<\/a><\/li>\n\n\n\n<li class='active'><a>6417<\/a><\/li>\n\n\n\n<li><a href='?page_no=6418'>6418<\/a><\/li>\n\n\n\n<li><a href='?page_no=6419'>6419<\/a><\/li>\n\n\n\n<li><a>...<\/a><\/li>\n\n\n\n<li><a href='?page_no=36999'>36999<\/a><\/li>\n\n\n\n<li><a href='?page_no=37000'>37000<\/a><\/li>\n\n    \n\t\n\n<li >\n\t<a href='?page_no=6418'>Next<\/a>\n\t<\/li>\n\n\n    \n\n<li><a href='?page_no=37000'>Last &rsaquo;&rsaquo;<\/a><\/li>\n\n<\/ul>\n\n\n--><br \/>\n<\/body><\/p>\n","protected":false},"excerpt":{"rendered":"<p>Santo Domingo, R.D.-El presidente de la Comisi\u00f3n Organizadora de la Convenci\u00f3n del Partido Revolucionario Moderno (PRM), Tony Raful asegur\u00f3 que esa organizaci\u00f3n pol\u00edtica saldr\u00e1 airosa y fortalecida de su proceso interno donde se escoger\u00e1n las nuevas autoridades partidarias. Entrevistado por el periodista Vargavila River\u00f3n en el programa \u00abFr\u00edas y Calientes\u00bb que se transmite por el [&hellip;]<\/p>\n","protected":false},"author":3,"featured_media":0,"comment_status":"open","ping_status":"open","sticky":false,"template":"","format":"standard","meta":{"footnotes":""},"categories":[22],"tags":[],"class_list":["post-171075","post","type-post","status-publish","format-standard","hentry","category-politica"],"_links":{"self":[{"href":"https:\/\/diariodominicano.com\/index.php?rest_route=\/wp\/v2\/posts\/171075","targetHints":{"allow":["GET"]}}],"collection":[{"href":"https:\/\/diariodominicano.com\/index.php?rest_route=\/wp\/v2\/posts"}],"about":[{"href":"https:\/\/diariodominicano.com\/index.php?rest_route=\/wp\/v2\/types\/post"}],"author":[{"embeddable":true,"href":"https:\/\/diariodominicano.com\/index.php?rest_route=\/wp\/v2\/users\/3"}],"replies":[{"embeddable":true,"href":"https:\/\/diariodominicano.com\/index.php?rest_route=%2Fwp%2Fv2%2Fcomments&post=171075"}],"version-history":[{"count":0,"href":"https:\/\/diariodominicano.com\/index.php?rest_route=\/wp\/v2\/posts\/171075\/revisions"}],"wp:attachment":[{"href":"https:\/\/diariodominicano.com\/index.php?rest_route=%2Fwp%2Fv2%2Fmedia&parent=171075"}],"wp:term":[{"taxonomy":"category","embeddable":true,"href":"https:\/\/diariodominicano.com\/index.php?rest_route=%2Fwp%2Fv2%2Fcategories&post=171075"},{"taxonomy":"post_tag","embeddable":true,"href":"https:\/\/diariodominicano.com\/index.php?rest_route=%2Fwp%2Fv2%2Ftags&post=171075"}],"curies":[{"name":"wp","href":"https:\/\/api.w.org\/{rel}","templated":true}]}}