{"id":171072,"date":"2018-03-14T12:44:37","date_gmt":"2018-03-14T12:44:37","guid":{"rendered":"http:\/\/diariodominicano.ddns.net\/?p=171072"},"modified":"2018-03-14T12:44:37","modified_gmt":"2018-03-14T12:44:37","slug":"diputados-aprueban-segundo-domingo-diciembre-como-dia-nacional-de-la-cocina-y-gastronomia-dominicana","status":"publish","type":"post","link":"https:\/\/diariodominicano.com\/?p=171072","title":{"rendered":"Diputados aprueban segundo domingo diciembre como D\u00eda Nacional de la Cocina y Gastronom\u00eda Dominicana"},"content":{"rendered":"<p><body><\/p>\n<p>SANTO DOMINGO, Rep\u00fablica Dominicana (14 Marzo 2018).- La C\u00e1mara de Diputados convirti\u00f3 en Ley el proyecto que declara el segundo domingo del mes de diciembre de cada a\u00f1o como D\u00eda Nacional de la Cocina y Gastronom\u00eda Dominicana y la reconoce como patrimonio inmaterial de la Rep\u00fablica Dominicana y por tanto de inter\u00e9s nacional su promoci\u00f3n y desarrollo.<\/p>\n<\/p>\n<p>La pieza es auditor\u00eda del Tommy Gal\u00e1n, senador de la Rep\u00fablica por la provincia de San Crist\u00f3bal.<\/p>\n<\/p>\n<p>Pasa ahora al Poder Ejecutivo para su promulgaci\u00f3n.<\/p>\n<\/p>\n<p>\u00abCon la conversi\u00f3n en ley de este proyecto ser\u00e1 rescatada la cocina propia del pa\u00eds\u00bb, afirm\u00f3 Gal\u00e1n.<\/p>\n<\/p>\n<p>El senador Tommy Gal\u00e1n, proponente de la pieza, considera que la cocina dominicana cuenta con los elementos para convertirse en un atractivo para los turistas que visitan el pa\u00eds y captar un importante grupo de ese sector amante de buena comida.<\/p>\n<\/p>\n<p>\u00abLo que queremos es empezar a sensibilizar, a construir las bases para hacer de nuestra cocina que es rica, un punto de referencia cultural en gastronom\u00eda\u00bb, destac\u00f3 el representante de San Crist\u00f3bal.<\/p>\n<\/p>\n<p>El proyecto de Gal\u00e1n ordena a las instituciones estatales a programar actividades en la que se promueva la cocina y la gastronom\u00eda dominicana, en adici\u00f3n a esto, se\u00f1ala a los ministerios de Cultura, Relaciones Exteriores y Turismo como los encargados de fomentar el patrimonio cultural inmaterial a ser creado.<\/p>\n<\/p>\n<p>El senador de San Crist\u00f3bal agradeci\u00f3 a todos los diputados, muy especialmente a los del PLD, al vocero de la bancada Gustavo S\u00e1nchez, as\u00ed como a la presidenta de la Comisi\u00f3n Permanente de Cultura, Luc\u00eda Alba, por hacer posible la aprobaci\u00f3n en segunda lectura en la C\u00e1mara Baja el Proyecto de ley.<\/p>\n<\/p>\n<p>La pieza hab\u00eda sido sometida en el 2016.<\/p>\n<h6> 2018-03-14 12:44:37 <\/h6>\n<p><!--\n<link rel=\"stylesheet\" href=\"css\/bootstrap.min.css\">\n\n\n<ul class=\"pagination\">\n\t    \n\t\n\n<li >\n\t<a href='?page_no=6413'>Previous<\/a>\n\t<\/li>\n\n\n       \n    \n\n<li><a href='?page_no=1'>1<\/a><\/li>\n\n\n\n<li><a href='?page_no=2'>2<\/a><\/li>\n\n\n\n<li><a>...<\/a><\/li>\n\n\n\n<li><a href='?page_no=6412'>6412<\/a><\/li>\n\n\n\n<li><a href='?page_no=6413'>6413<\/a><\/li>\n\n\n\n<li class='active'><a>6414<\/a><\/li>\n\n\n\n<li><a href='?page_no=6415'>6415<\/a><\/li>\n\n\n\n<li><a href='?page_no=6416'>6416<\/a><\/li>\n\n\n\n<li><a>...<\/a><\/li>\n\n\n\n<li><a href='?page_no=36999'>36999<\/a><\/li>\n\n\n\n<li><a href='?page_no=37000'>37000<\/a><\/li>\n\n    \n\t\n\n<li >\n\t<a href='?page_no=6415'>Next<\/a>\n\t<\/li>\n\n\n    \n\n<li><a href='?page_no=37000'>Last &rsaquo;&rsaquo;<\/a><\/li>\n\n<\/ul>\n\n\n--><br \/>\n<\/body><\/p>\n","protected":false},"excerpt":{"rendered":"<p>SANTO DOMINGO, Rep\u00fablica Dominicana (14 Marzo 2018).- La C\u00e1mara de Diputados convirti\u00f3 en Ley el proyecto que declara el segundo domingo del mes de diciembre de cada a\u00f1o como D\u00eda Nacional de la Cocina y Gastronom\u00eda Dominicana y la reconoce como patrimonio inmaterial de la Rep\u00fablica Dominicana y por tanto de inter\u00e9s nacional su promoci\u00f3n [&hellip;]<\/p>\n","protected":false},"author":3,"featured_media":0,"comment_status":"open","ping_status":"open","sticky":false,"template":"","format":"standard","meta":{"footnotes":""},"categories":[22],"tags":[],"class_list":["post-171072","post","type-post","status-publish","format-standard","hentry","category-politica"],"_links":{"self":[{"href":"https:\/\/diariodominicano.com\/index.php?rest_route=\/wp\/v2\/posts\/171072","targetHints":{"allow":["GET"]}}],"collection":[{"href":"https:\/\/diariodominicano.com\/index.php?rest_route=\/wp\/v2\/posts"}],"about":[{"href":"https:\/\/diariodominicano.com\/index.php?rest_route=\/wp\/v2\/types\/post"}],"author":[{"embeddable":true,"href":"https:\/\/diariodominicano.com\/index.php?rest_route=\/wp\/v2\/users\/3"}],"replies":[{"embeddable":true,"href":"https:\/\/diariodominicano.com\/index.php?rest_route=%2Fwp%2Fv2%2Fcomments&post=171072"}],"version-history":[{"count":0,"href":"https:\/\/diariodominicano.com\/index.php?rest_route=\/wp\/v2\/posts\/171072\/revisions"}],"wp:attachment":[{"href":"https:\/\/diariodominicano.com\/index.php?rest_route=%2Fwp%2Fv2%2Fmedia&parent=171072"}],"wp:term":[{"taxonomy":"category","embeddable":true,"href":"https:\/\/diariodominicano.com\/index.php?rest_route=%2Fwp%2Fv2%2Fcategories&post=171072"},{"taxonomy":"post_tag","embeddable":true,"href":"https:\/\/diariodominicano.com\/index.php?rest_route=%2Fwp%2Fv2%2Ftags&post=171072"}],"curies":[{"name":"wp","href":"https:\/\/api.w.org\/{rel}","templated":true}]}}