{"id":171071,"date":"2018-03-14T13:25:03","date_gmt":"2018-03-14T13:25:03","guid":{"rendered":"http:\/\/diariodominicano.ddns.net\/?p=171071"},"modified":"2018-03-14T13:25:03","modified_gmt":"2018-03-14T13:25:03","slug":"diputada-espana-dicta-conferencia-en-sd","status":"publish","type":"post","link":"https:\/\/diariodominicano.com\/?p=171071","title":{"rendered":"Diputada Espa\u00f1a dicta conferencia en SD"},"content":{"rendered":"<p><body><\/p>\n<p><img decoding=\"async\" src=\"img3\/esp1.jpg\" \/>  <\/p>\n<p>SANTO DOMINGO. Con el tema \u00abPresencia es sin\u00f3nimo de participaci\u00f3n pol\u00edtica\u00bb dict\u00f3 una conferencia en esta capital la segunda vicepresidente del Congreso de Diputados de Espa\u00f1a, Micaela Navarro Garz\u00f3n.<\/p>\n<\/p>\n<p>La charla, en medio de una cena en el hotel Sheraton con motivo del D\u00eda Internacional de la Mujer, fue auspiciada por la Federaci\u00f3n Dominicana de Mujeres Social Dem\u00f3cratas (Fedomusde), el Partido Revolucionario Dominicano (PRD) y el Centro de Pensamiento Dem\u00f3cratico.<\/p>\n<\/p>\n<p>Navarro Garz\u00f3n, dirigente del Partido Socialista Obrero Espa\u00f1ol (PSOE), destac\u00f3 la importancia de que las mujeres se incorporen a las actividades pol\u00edticas y participen en ellas activamente.<\/p>\n<\/p>\n<p>La actividad, con la asistencia de un centenar de damas,  fue encabezada por los se\u00f1ores Peggy Cabral y Julio Mar\u00ed\u00f1ez, dirigentes del PRD; Janet Camilo, titular del Ministerio de la Mujer, y Mary S\u00e1nchez, presidente de Fedomusde.<\/p>\n<h6> 2018-03-14 13:25:03 <\/h6>\n<p><!--\n<link rel=\"stylesheet\" href=\"css\/bootstrap.min.css\">\n\n\n<ul class=\"pagination\">\n\t    \n\t\n\n<li >\n\t<a href='?page_no=6412'>Previous<\/a>\n\t<\/li>\n\n\n       \n    \n\n<li><a href='?page_no=1'>1<\/a><\/li>\n\n\n\n<li><a href='?page_no=2'>2<\/a><\/li>\n\n\n\n<li><a>...<\/a><\/li>\n\n\n\n<li><a href='?page_no=6411'>6411<\/a><\/li>\n\n\n\n<li><a href='?page_no=6412'>6412<\/a><\/li>\n\n\n\n<li class='active'><a>6413<\/a><\/li>\n\n\n\n<li><a href='?page_no=6414'>6414<\/a><\/li>\n\n\n\n<li><a href='?page_no=6415'>6415<\/a><\/li>\n\n\n\n<li><a>...<\/a><\/li>\n\n\n\n<li><a href='?page_no=36999'>36999<\/a><\/li>\n\n\n\n<li><a href='?page_no=37000'>37000<\/a><\/li>\n\n    \n\t\n\n<li >\n\t<a href='?page_no=6414'>Next<\/a>\n\t<\/li>\n\n\n    \n\n<li><a href='?page_no=37000'>Last &rsaquo;&rsaquo;<\/a><\/li>\n\n<\/ul>\n\n\n--><br \/>\n<\/body><\/p>\n","protected":false},"excerpt":{"rendered":"<p>SANTO DOMINGO. Con el tema \u00abPresencia es sin\u00f3nimo de participaci\u00f3n pol\u00edtica\u00bb dict\u00f3 una conferencia en esta capital la segunda vicepresidente del Congreso de Diputados de Espa\u00f1a, Micaela Navarro Garz\u00f3n. La charla, en medio de una cena en el hotel Sheraton con motivo del D\u00eda Internacional de la Mujer, fue auspiciada por la Federaci\u00f3n Dominicana de [&hellip;]<\/p>\n","protected":false},"author":3,"featured_media":0,"comment_status":"open","ping_status":"open","sticky":false,"template":"","format":"standard","meta":{"footnotes":""},"categories":[22],"tags":[],"class_list":["post-171071","post","type-post","status-publish","format-standard","hentry","category-politica"],"_links":{"self":[{"href":"https:\/\/diariodominicano.com\/index.php?rest_route=\/wp\/v2\/posts\/171071","targetHints":{"allow":["GET"]}}],"collection":[{"href":"https:\/\/diariodominicano.com\/index.php?rest_route=\/wp\/v2\/posts"}],"about":[{"href":"https:\/\/diariodominicano.com\/index.php?rest_route=\/wp\/v2\/types\/post"}],"author":[{"embeddable":true,"href":"https:\/\/diariodominicano.com\/index.php?rest_route=\/wp\/v2\/users\/3"}],"replies":[{"embeddable":true,"href":"https:\/\/diariodominicano.com\/index.php?rest_route=%2Fwp%2Fv2%2Fcomments&post=171071"}],"version-history":[{"count":0,"href":"https:\/\/diariodominicano.com\/index.php?rest_route=\/wp\/v2\/posts\/171071\/revisions"}],"wp:attachment":[{"href":"https:\/\/diariodominicano.com\/index.php?rest_route=%2Fwp%2Fv2%2Fmedia&parent=171071"}],"wp:term":[{"taxonomy":"category","embeddable":true,"href":"https:\/\/diariodominicano.com\/index.php?rest_route=%2Fwp%2Fv2%2Fcategories&post=171071"},{"taxonomy":"post_tag","embeddable":true,"href":"https:\/\/diariodominicano.com\/index.php?rest_route=%2Fwp%2Fv2%2Ftags&post=171071"}],"curies":[{"name":"wp","href":"https:\/\/api.w.org\/{rel}","templated":true}]}}