{"id":171070,"date":"2018-03-14T23:03:15","date_gmt":"2018-03-14T23:03:15","guid":{"rendered":"http:\/\/diariodominicano.ddns.net\/?p=171070"},"modified":"2018-03-14T23:03:15","modified_gmt":"2018-03-14T23:03:15","slug":"relevo-generacional-de-direccion-politica-en-cuba-ya-inicio-afirma-experto","status":"publish","type":"post","link":"https:\/\/diariodominicano.com\/?p=171070","title":{"rendered":"Relevo generacional de direcci\u00f3n pol\u00edtica en Cuba ya inici\u00f3, afirma experto"},"content":{"rendered":"<p><body><\/p>\n<p><img decoding=\"async\" src=\"img3\/cuba1.jpg\" \/>  <\/p>\n<p> Otros datos muestran que el 53,22 por ciento de los integrantes del nuevo Congreso son mujeres; el 13,22 por ciento son j\u00f3venes menores de 35 a\u00f1os y el 40,50 por ciento son negros o mestizos.<\/p>\n<\/p>\n<p><strong> <\/strong><\/p>\n<p><strong>   Por Noem\u00ed Galb\u00e1n<\/strong><\/p>\n<\/p>\n<p><strong>   LA HABANA, 14 mar (Xinhua) &#8212; <\/strong>El relevo generacional en la direcci\u00f3n pol\u00edtica de Cuba inici\u00f3 hace cinco a\u00f1os con el ascenso a la Asamblea Nacional (Congreso) y al Consejo de Estado de dirigentes menores de 60 a\u00f1os que en el \u00faltimo lustro han demostrado su capacidad para gobernar, asegur\u00f3 el analista Rafael Hern\u00e1ndez.<\/p>\n<\/p>\n<p>   En entrevista con Xinhua, el polit\u00f3logo y director de la reconocida \u00abRevista Temas\u00bb (publicaci\u00f3n local dedicada a las ciencias sociales y human\u00edsticas, as\u00ed como teor\u00eda pol\u00edtica e ideolog\u00eda), consider\u00f3 que el equilibrio actual en la m\u00e1xima direcci\u00f3n del pa\u00eds en cuanto a grupos etarios revela una estrategia coherente con relaci\u00f3n a ese asunto.<\/p>\n<\/p>\n<p>   \u00abEsas nuevas generaciones est\u00e1n gobernando en Cuba desde hace varios a\u00f1os. El hecho de que tengamos pr\u00f3ximamente a un presidente que no se apellida Castro y que ese l\u00edder tenga 30 a\u00f1os menos que el actual jefe de Estado tiene un efecto simb\u00f3lico sobretodo\u00bb, indic\u00f3 Hern\u00e1ndez.<\/p>\n<\/p>\n<p>   Para el experto cubano esa renovaci\u00f3n pol\u00edtica ya se produjo cuando en 2013 la edad promedio de los 605 diputados electos para ocupar un puesto en el Congreso baj\u00f3 de 59 a 54 a\u00f1os, para descender a 49 a\u00f1os en los reci\u00e9n comicios generales del pasado 11 de marzo.<\/p>\n<\/p>\n<p>   \u00abSi se analiza tambi\u00e9n el actual Consejo de Ministros, la edad promedio es de 59 a\u00f1os, esa no es la edad de la generaci\u00f3n hist\u00f3rica que supera los 80 a\u00f1os\u00bb, a\u00f1adi\u00f3.<\/p>\n<\/p>\n<p>   Hern\u00e1ndez igualmente advirti\u00f3 que desde el punto de vista de la presencia de dirigentes j\u00f3venes en las 15 provincias (estados) que se divide territorialmente la mayor de las Antillas, la edad media entre los secretarios del Partido Comunista de Cuba (PCC) en esas regiones es de 52 a\u00f1os.<\/p>\n<\/p>\n<p>   \u00abIncluso, la edad promedio del Bur\u00f3 Pol\u00edtico electo en el VII Congreso del PCC en 2016 es de 63 a\u00f1os y muy probablemente siga bajando en los pr\u00f3ximos a\u00f1os\u00bb, se\u00f1al\u00f3.<\/p>\n<\/p>\n<p>   Una realidad que est\u00e1 en consonancia con la determinaci\u00f3n de Ra\u00fal Castro de dar paso a las nuevas generaciones y dejar en abril pr\u00f3ximo sus funciones como presidente de Cuba, tras 12 a\u00f1os en el poder.<\/p>\n<\/p>\n<p>   Ante la inesperada y compleja situaci\u00f3n de salud por la que atraves\u00f3 en 2006 el fallecido l\u00edder Fidel Castro (1926-2016), el actual mandatario ocup\u00f3 el puesto conservado por su hermano durante m\u00e1s de cuatro d\u00e9cadas y la transici\u00f3n fue un paso natural.<\/p>\n<\/p>\n<p>   Un cambio que permiti\u00f3 llegar a este momento, seg\u00fan Hern\u00e1ndez, pues el pueblo est\u00e1 consciente de la l\u00f3gica y necesaria asunci\u00f3n de j\u00f3venes dirigentes, encargados de conducir al pa\u00eds los pr\u00f3ximos a\u00f1os y profundizar el actual proceso de actualizaci\u00f3n del modelo socioecon\u00f3mico cubano.<\/p>\n<\/p>\n<p>   Con relaci\u00f3n a las elecciones del pasado domingo, donde ocho millones 926.575 ciudadanos estaban convocados a las urnas para seleccionar a los 605 diputados del Congreso y a los m\u00e1s de 1.265 delegados provinciales, el investigador manifest\u00f3 que la jornada funcion\u00f3 como estaba previsto.<\/p>\n<\/p>\n<p>   \u00abLo que ocurri\u00f3 en el momento del voto popular fue m\u00e1s una confirmaci\u00f3n de esa elecci\u00f3n previa, m\u00e1s bien una ratificaci\u00f3n de lo que las asambleas municipales (instancias de gobierno locales) eligieron\u00bb, apunt\u00f3.<\/p>\n<\/p>\n<p>   Los candidatos que integraron las boletas fueron resultado de m\u00e1s de 12.000 propuestas surgidas en reuniones de nominaci\u00f3n celebradas en septiembre de 2017 en 45.688 localidades de todo el pa\u00eds, cuando inici\u00f3 la primera etapa del proceso de elecciones generales.<\/p>\n<\/p>\n<p>   En esas asambleas, calificadas por las autoridades cubanas como \u00abmanifestaci\u00f3n genuina de participaci\u00f3n ciudadana\u00bb, los vecinos de cada \u00e1rea propusieron a los delegados a las asambleas municipales (concejales), encargados de representarlos a nivel local y velar por la soluci\u00f3n de los problemas m\u00e1s acuciantes del territorio.<\/p>\n<\/p>\n<p>   Dichos dirigentes de base fueron electos en noviembre de 2017 por el pueblo y entre ellos surgieron los candidatos que este 11 marzo resultaron seleccionados para conformar la Asamblea Nacional y las provinciales.<\/p>\n<\/p>\n<p>   \u00abHay una alta proporci\u00f3n de delegados y de personas que trabajan en el poder popular a nivel local en la composici\u00f3n del parlamento (Congreso) y eso es muy importante en t\u00e9rminos de la comunicaci\u00f3n con la ciudadan\u00eda\u00bb, subray\u00f3 el analista pol\u00edtico caribe\u00f1o.<\/p>\n<\/p>\n<p>   Hern\u00e1ndez se refiri\u00f3 al 82,9 por ciento de participaci\u00f3n que hubo en los comicios del pasado domingo, seg\u00fan cifras preliminares difundidas recientemente por autoridades de la Comisi\u00f3n Electoral Nacional.<\/p>\n<\/p>\n<p>   Para el experto, el hecho de que ese indicador fue menor esta vez que en a\u00f1os anteriores, no tiene una connotaci\u00f3n negativa.<\/p>\n<\/p>\n<p>   \u00abTenemos que acostumbrarnos cada vez m\u00e1s a la diversidad y a la pluralidad y entender que una pluralidad del 82,9 por ciento de participaci\u00f3n es extraordinariamente alta y revela el alto nivel de movilizaci\u00f3n que se mantiene en la sociedad cubana\u00bb, puntualiz\u00f3.<\/p>\n<\/p>\n<p>   Otros datos muestran que el 53,22 por ciento de los integrantes del nuevo Congreso son mujeres; el 13,22 por ciento son j\u00f3venes menores de 35 a\u00f1os y el 40,50 por ciento son negros o mestizos.<\/p>\n<\/p>\n<p>   En abril venidero, una vez constituida la Asamblea Nacional y recogidas las proposiciones de cada uno de los 605 diputados, la comisi\u00f3n de candidaturas elaborar\u00e1 una propuesta final y someter\u00e1 a votaci\u00f3n, el 19 del propio mes, para elegir finalmente a los 31 integrantes del Consejo de Estado, entre ellos el nuevo presidente de Cuba.<\/p>\n<\/p>\n<p>   Un acontecimiento que no constituir\u00e1 un trauma para los habitantes de Cuba, estim\u00f3 Hern\u00e1ndez, ni mucho menos una ruptura con lo realizado durante casi 60 a\u00f1os por los dirigentes hist\u00f3ricos de la Revoluci\u00f3n, principalmente Fidel y Ra\u00fal Castro. Fin<\/p>\n<h6> 2018-03-14 23:03:15 <\/h6>\n<p><!--\n<link rel=\"stylesheet\" href=\"css\/bootstrap.min.css\">\n\n\n<ul class=\"pagination\">\n\t    \n\t\n\n<li >\n\t<a href='?page_no=6411'>Previous<\/a>\n\t<\/li>\n\n\n       \n    \n\n<li><a href='?page_no=1'>1<\/a><\/li>\n\n\n\n<li><a href='?page_no=2'>2<\/a><\/li>\n\n\n\n<li><a>...<\/a><\/li>\n\n\n\n<li><a href='?page_no=6410'>6410<\/a><\/li>\n\n\n\n<li><a href='?page_no=6411'>6411<\/a><\/li>\n\n\n\n<li class='active'><a>6412<\/a><\/li>\n\n\n\n<li><a href='?page_no=6413'>6413<\/a><\/li>\n\n\n\n<li><a href='?page_no=6414'>6414<\/a><\/li>\n\n\n\n<li><a>...<\/a><\/li>\n\n\n\n<li><a href='?page_no=36999'>36999<\/a><\/li>\n\n\n\n<li><a href='?page_no=37000'>37000<\/a><\/li>\n\n    \n\t\n\n<li >\n\t<a href='?page_no=6413'>Next<\/a>\n\t<\/li>\n\n\n    \n\n<li><a href='?page_no=37000'>Last &rsaquo;&rsaquo;<\/a><\/li>\n\n<\/ul>\n\n\n--><br \/>\n<\/body><\/p>\n","protected":false},"excerpt":{"rendered":"<p>Otros datos muestran que el 53,22 por ciento de los integrantes del nuevo Congreso son mujeres; el 13,22 por ciento son j\u00f3venes menores de 35 a\u00f1os y el 40,50 por ciento son negros o mestizos. Por Noem\u00ed Galb\u00e1n LA HABANA, 14 mar (Xinhua) &#8212; El relevo generacional en la direcci\u00f3n pol\u00edtica de Cuba inici\u00f3 hace [&hellip;]<\/p>\n","protected":false},"author":3,"featured_media":0,"comment_status":"open","ping_status":"open","sticky":false,"template":"","format":"standard","meta":{"footnotes":""},"categories":[22],"tags":[],"class_list":["post-171070","post","type-post","status-publish","format-standard","hentry","category-politica"],"_links":{"self":[{"href":"https:\/\/diariodominicano.com\/index.php?rest_route=\/wp\/v2\/posts\/171070","targetHints":{"allow":["GET"]}}],"collection":[{"href":"https:\/\/diariodominicano.com\/index.php?rest_route=\/wp\/v2\/posts"}],"about":[{"href":"https:\/\/diariodominicano.com\/index.php?rest_route=\/wp\/v2\/types\/post"}],"author":[{"embeddable":true,"href":"https:\/\/diariodominicano.com\/index.php?rest_route=\/wp\/v2\/users\/3"}],"replies":[{"embeddable":true,"href":"https:\/\/diariodominicano.com\/index.php?rest_route=%2Fwp%2Fv2%2Fcomments&post=171070"}],"version-history":[{"count":0,"href":"https:\/\/diariodominicano.com\/index.php?rest_route=\/wp\/v2\/posts\/171070\/revisions"}],"wp:attachment":[{"href":"https:\/\/diariodominicano.com\/index.php?rest_route=%2Fwp%2Fv2%2Fmedia&parent=171070"}],"wp:term":[{"taxonomy":"category","embeddable":true,"href":"https:\/\/diariodominicano.com\/index.php?rest_route=%2Fwp%2Fv2%2Fcategories&post=171070"},{"taxonomy":"post_tag","embeddable":true,"href":"https:\/\/diariodominicano.com\/index.php?rest_route=%2Fwp%2Fv2%2Ftags&post=171070"}],"curies":[{"name":"wp","href":"https:\/\/api.w.org\/{rel}","templated":true}]}}