{"id":171068,"date":"2018-03-15T00:24:54","date_gmt":"2018-03-15T00:24:54","guid":{"rendered":"http:\/\/diariodominicano.ddns.net\/?p=171068"},"modified":"2018-03-15T00:24:54","modified_gmt":"2018-03-15T00:24:54","slug":"angela-merkel-reelegida-formalmente-como-canciller-alemana","status":"publish","type":"post","link":"https:\/\/diariodominicano.com\/?p=171068","title":{"rendered":"Angela Merkel reelegida formalmente como canciller alemana"},"content":{"rendered":"<p><body><\/p>\n<p><img decoding=\"async\" src=\"img3\/137038902_1521039971021_title0h.jpg\" \/><br \/><img decoding=\"async\" src=\"img3\/137038902_15210399838331n.jpg\" \/><br \/><img decoding=\"async\" src=\"img3\/137038902_15210399839261n.jpg\" \/>  <\/p>\n<p>(1)ALEMANIA-BERLIN-MERKEL-REELECCION<\/p>\n<\/p>\n<p><strong>BERLIN, marzo 14, 2018 (Xinhua) &#8212; El saliente ministro de Relaciones Exteriores aleman, Sigmar Gabriel (c), emite su voto durante una reuni\u00f3n llevada acabo en el Parlamento, en Berl\u00edn, Alemania, el 14 de marzo de 2018. Angela Merkel ha sido reelegida como canciller alemana el mi\u00e9rcoles por el Parlamento, dando comienzo a su cuarto mandato liderando la mayor econom\u00eda europea. (Xinhua\/Shan Yuqi)<\/strong><\/p>\n<\/p>\n<p><strong>BERLIN, 14 mar (Xinhua) &#8212; <\/strong>Angela Merkel ha sido reelegida como canciller alemana el mi\u00e9rcoles por el Parlamento, dando comienzo a su cuarto mandato liderando la mayor econom\u00eda europea.<\/p>\n<\/p>\n<p>Merkel obtuvo 364 votos de los 709 esca\u00f1os en el Bundestag, el parlamento federal alem\u00e1n, asegurando la mayor\u00eda absoluta, anunci\u00f3 el presidente del Bundestag, Wolfgang Schauble.<\/p>\n<\/p>\n<p>La votaci\u00f3n se produjo 171 d\u00edas despu\u00e9s de las elecciones federales, el tiempo m\u00e1s largo que ha tomado en la historia reciente de Alemania para formar el gobierno.<\/p>\n<\/p>\n<p>El partido liderado por Merkel, Uni\u00f3n Dem\u00f3crata Cristiana, y el Partido Social Democr\u00e1tico acordaron este lunes formar una coalici\u00f3n de gobierno, la cual es la tercera \u00abGran Coalici\u00f3n\u00bb y la segunda consecutiva entre los dos mayores partidos pol\u00edticos alemanes.<\/p>\n<\/p>\n<p>La \u00abGran Coalici\u00f3n\u00bb en el Bundestag tiene 399 esca\u00f1os, 35 m\u00e1s que los votos recibidos por Merkel para convertirse de nuevo en canciller alemana.<\/p>\n<\/p>\n<p>Despu\u00e9s de la elecci\u00f3n, Merkel se reuni\u00f3 con el presidente alem\u00e1n, Frank-Walter Steinmeier, y luego regres\u00f3 al Bundestag para juramentar su cargo. Los ministros de gobierno tambi\u00e9n prestar\u00e1n juramento a lo largo de este mi\u00e9rcoles.<\/p>\n<\/p>\n<p>(2)ALEMANIA-BERLIN-MERKEL-REELECCION<\/p>\n<\/p>\n<p><strong>BERLIN, marzo 14, 2018 (Xinhua) &#8212; Angela Merkel (c) asiste a una reuni\u00f3n llevada a cabo en el Parlamento, en Berl\u00edn, Alemania, el 14 de marzo de 2018. Angela Merkel ha sido reelegida como canciller alemana el mi\u00e9rcoles por el Parlamento, dando comienzo a su cuarto mandato liderando la mayor econom\u00eda europea. (Xinhua\/Shan Yuqi)<\/strong><\/p>\n<\/p>\n<p>(3)ALEMANIA-BERLIN-MERKEL-REELECCION<\/p>\n<\/p>\n<p><strong>BERLIN, marzo 14, 2018 (Xinhua) &#8212; Angela Merkel (c) emite su voto durante una reuni\u00f3n llevada a cabo en el Parlamento, en Berl\u00edn, Alemania, el 14 de marzo de 2018. Angela Merkel ha sido reelegida como canciller alemana el mi\u00e9rcoles por el Parlamento, dando comienzo a su cuarto mandato liderando la mayor econom\u00eda europea. (Xinhua\/Shan Yuqi)<\/strong><\/p>\n<\/p>\n<p>(4)ALEMANIA-BERLIN-MERKEL-REELECCION<\/p>\n<\/p>\n<p>B<strong>ERLIN, marzo 14, 2018 (Xinhua) &#8212; Angela Merkel (d-atr\u00e1s) es felicitada por Martin Schulz (i-atr\u00e1s), ex l\u00edder del Partido Socialdem\u00f3crata (SPD), despu\u00e9s de ser reelegida como canciller, en Berl\u00edn, Alemania, el 14 de marzo de 2018. Angela Merkel ha sido reelegida como canciller alemana el mi\u00e9rcoles por el Parlamento, dando comienzo a su cuarto mandato liderando la mayor econom\u00eda europea. (Xinhua\/Shan Yuqi)<\/strong><\/p>\n<\/p>\n<p>(5)ALEMANIA-BERLIN-MERKEL-REELECCION<\/p>\n<\/p>\n<p><strong>BERLIN, marzo 14, 2018 (Xinhua) &#8212; Angela Merkel (c) es felicitada por Andrea Nahles (i), del Partido Socialdem\u00f3crata (SPD), despu\u00e9s de ser reelegida como canciller, en Berl\u00edn, Alemania, el 14 de marzo de 2018. Angela Merkel ha sido reelegida como canciller alemana el mi\u00e9rcoles por el Parlamento, dando comienzo a su cuarto mandato liderando la mayor econom\u00eda europea. (Xinhua\/Shan Yuqi)<\/strong><\/p>\n<\/p>\n<p>(6)ALEMANIA-BERLIN-MERKEL-REELECCION<\/p>\n<\/p>\n<p><strong>BERLIN, marzo 14, 2018 (Xinhua) &#8212; Angela Merkel reacciona previo a la ceremonia de investidura llevada a cabo en el Parlamento, en Berl\u00edn, Alemania, el 14 de marzo de 2018. Angela Merkel ha sido reelegida como canciller alemana el mi\u00e9rcoles por el Parlamento, dando comienzo a su cuarto mandato liderando la mayor econom\u00eda europea. (Xinhua\/Shan Yuqi)<\/strong><\/p>\n<\/p>\n<p>(7)ALEMANIA-BERLIN-MERKEL-REELECCION<\/p>\n<\/p>\n<p>BERLIN, marzo 14, 2018 (Xinhua) &#8212; Angela Merkel (i) rinde juramento del cargo durante una reuni\u00f3n del Parlamento, en Berl\u00edn, Alemania, el 14 de marzo de 2018. Angela Merkel ha sido reelegida como canciller alemana el mi\u00e9rcoles por el Parlamento, dando comienzo a su cuarto mandato liderando la mayor econom\u00eda europea. (Xinhua\/Shan Yuqi)<\/p>\n<\/p>\n<h6> 2018-03-15 00:24:54 <\/h6>\n<p><!--\n<link rel=\"stylesheet\" href=\"css\/bootstrap.min.css\">\n\n\n<ul class=\"pagination\">\n\t    \n\t\n\n<li >\n\t<a href='?page_no=6409'>Previous<\/a>\n\t<\/li>\n\n\n       \n    \n\n<li><a href='?page_no=1'>1<\/a><\/li>\n\n\n\n<li><a href='?page_no=2'>2<\/a><\/li>\n\n\n\n<li><a>...<\/a><\/li>\n\n\n\n<li><a href='?page_no=6408'>6408<\/a><\/li>\n\n\n\n<li><a href='?page_no=6409'>6409<\/a><\/li>\n\n\n\n<li class='active'><a>6410<\/a><\/li>\n\n\n\n<li><a href='?page_no=6411'>6411<\/a><\/li>\n\n\n\n<li><a href='?page_no=6412'>6412<\/a><\/li>\n\n\n\n<li><a>...<\/a><\/li>\n\n\n\n<li><a href='?page_no=36999'>36999<\/a><\/li>\n\n\n\n<li><a href='?page_no=37000'>37000<\/a><\/li>\n\n    \n\t\n\n<li >\n\t<a href='?page_no=6411'>Next<\/a>\n\t<\/li>\n\n\n    \n\n<li><a href='?page_no=37000'>Last &rsaquo;&rsaquo;<\/a><\/li>\n\n<\/ul>\n\n\n--><br \/>\n<\/body><\/p>\n","protected":false},"excerpt":{"rendered":"<p>(1)ALEMANIA-BERLIN-MERKEL-REELECCION BERLIN, marzo 14, 2018 (Xinhua) &#8212; El saliente ministro de Relaciones Exteriores aleman, Sigmar Gabriel (c), emite su voto durante una reuni\u00f3n llevada acabo en el Parlamento, en Berl\u00edn, Alemania, el 14 de marzo de 2018. Angela Merkel ha sido reelegida como canciller alemana el mi\u00e9rcoles por el Parlamento, dando comienzo a su cuarto [&hellip;]<\/p>\n","protected":false},"author":3,"featured_media":0,"comment_status":"open","ping_status":"open","sticky":false,"template":"","format":"standard","meta":{"footnotes":""},"categories":[22],"tags":[],"class_list":["post-171068","post","type-post","status-publish","format-standard","hentry","category-politica"],"_links":{"self":[{"href":"https:\/\/diariodominicano.com\/index.php?rest_route=\/wp\/v2\/posts\/171068","targetHints":{"allow":["GET"]}}],"collection":[{"href":"https:\/\/diariodominicano.com\/index.php?rest_route=\/wp\/v2\/posts"}],"about":[{"href":"https:\/\/diariodominicano.com\/index.php?rest_route=\/wp\/v2\/types\/post"}],"author":[{"embeddable":true,"href":"https:\/\/diariodominicano.com\/index.php?rest_route=\/wp\/v2\/users\/3"}],"replies":[{"embeddable":true,"href":"https:\/\/diariodominicano.com\/index.php?rest_route=%2Fwp%2Fv2%2Fcomments&post=171068"}],"version-history":[{"count":0,"href":"https:\/\/diariodominicano.com\/index.php?rest_route=\/wp\/v2\/posts\/171068\/revisions"}],"wp:attachment":[{"href":"https:\/\/diariodominicano.com\/index.php?rest_route=%2Fwp%2Fv2%2Fmedia&parent=171068"}],"wp:term":[{"taxonomy":"category","embeddable":true,"href":"https:\/\/diariodominicano.com\/index.php?rest_route=%2Fwp%2Fv2%2Fcategories&post=171068"},{"taxonomy":"post_tag","embeddable":true,"href":"https:\/\/diariodominicano.com\/index.php?rest_route=%2Fwp%2Fv2%2Ftags&post=171068"}],"curies":[{"name":"wp","href":"https:\/\/api.w.org\/{rel}","templated":true}]}}