{"id":171066,"date":"2018-03-15T09:48:43","date_gmt":"2018-03-15T09:48:43","guid":{"rendered":"http:\/\/diariodominicano.ddns.net\/?p=171066"},"modified":"2018-03-15T09:48:43","modified_gmt":"2018-03-15T09:48:43","slug":"lula-da-silva-dice-que-la-democracia-fue-golpeada-por-crimen-de-concejala-en-rio-de-janeiro","status":"publish","type":"post","link":"https:\/\/diariodominicano.com\/?p=171066","title":{"rendered":"Lula da Silva dice que la democracia fue golpeada por crimen de concejala en R\u00edo de Janeiro"},"content":{"rendered":"<p><body><\/p>\n<p><img decoding=\"async\" src=\"img3\/lula-da-silva.jpg\" \/>  <\/p>\n<p><span class=\"text1noticias\">     BRASILIA, 15 mar (Xinhua) &#8212; El ex presidente brasile\u00f1o Luiz In\u00e1cio Lula da Silva dijo este jueves que el asesinato en la noche del mi\u00e9rcoles de la concejala de Rio de Janeiro Marielle Franco, del Partido (PSOL), que denunciaba la acci\u00f3n de polic\u00edas militares en las favelas cariocas, fue un golpe a la democracia en el pa\u00eds.<\/span><\/p>\n<p><span class=\"text1noticias\"> <\/span><\/p>\n<p><span class=\"text1noticias\">     En su cuenta de microblog, Lula da Silva lament\u00f3 el crimen y reivindic\u00f3 la actuaci\u00f3n de Franco en la lucha en defensa de los<\/span><\/p>\n<p><span class=\"text1noticias\"> <\/span><\/p>\n<p><span class=\"text1noticias\">     \u00abMis sentimientos y solidaridad a los familiares, amigos y compa\u00f1eros de Marielle Franco, valiente liderazgo pol\u00edtico, R\u00edo de Janeiro y la democracia brasile\u00f1a fueron golpeados por ese crimen pol\u00edtico b\u00e1rbaro\u00bb, dijo Lula<\/span><\/p>\n<p><span class=\"text1noticias\"> <\/span><\/p>\n<p><span class=\"text1noticias\">     En declaraciones a una radio de Salvador de Bah\u00eda, el ex mandatario volvi\u00f3 a comentar el asunto y calific\u00f3 el caso como resultado de la \u00abirresponsabilidad y ausencia del Estado\u00bb.<\/span><\/p>\n<p><span class=\"text1noticias\"> <\/span><\/p>\n<p><span class=\"text1noticias\">     \u00abQuiero decir para el pueblo de R\u00edo de Janeiro que es necesaria mucha solidaridad para acabar con esa violencia contra los inocentes. La violencia es la irresponsabilidad de la ausencia del Estado. Este pa\u00eds s\u00f3lo tiene una salida: volver a crecer, distribuir renta y dar oportunidad para el pueblo\u00bb, afirm\u00f3 el petista.<\/span><\/p>\n<p><span class=\"text1noticias\"> <\/span><\/p>\n<p><span class=\"text1noticias\">     Franco, de 39 a\u00f1os, fue muerta a tiros cuando viajaba en un autom\u00f3vil en el centro de R\u00edo, que recibi\u00f3 una decena de disparos desde otro autom\u00f3vil, resultando tambi\u00e9n en la muerte del conductor del veh\u00edculo.<\/span><\/p>\n<p><span class=\"text1noticias\"> <\/span><\/p>\n<p><span class=\"text1noticias\">     Una asesora de la concejala que la acompa\u00f1aba sobrevivi\u00f3 a los disparos y prest\u00f3 enseguida declaraci\u00f3n a la polic\u00eda carioca.<\/span><\/p>\n<p><span class=\"text1noticias\"> <\/span><\/p>\n<p><span class=\"text1noticias\">     Polic\u00edas de la divisi\u00f3n de homicidios dijeron a la prensa que el asesinato tiene todas las caracter\u00edsticas de \u00abuna ejecuci\u00f3n\u00bb.<\/span><\/p>\n<p><span class=\"text1noticias\"> <\/span><\/p>\n<p><span class=\"text1noticias\">     El crimen ocurri\u00f3 un mes despu\u00e9s de que el gobierno de Michel Temer decretara la intervenci\u00f3n federal en la seguridad p\u00fablica de R\u00edo de Janeiro, frente al aumento de la vio<\/span>lencia. <\/p>\n<h6> 2018-03-15 09:48:43 <\/h6>\n<p><!--\n<link rel=\"stylesheet\" href=\"css\/bootstrap.min.css\">\n\n\n<ul class=\"pagination\">\n\t    \n\t\n\n<li >\n\t<a href='?page_no=6408'>Previous<\/a>\n\t<\/li>\n\n\n       \n    \n\n<li><a href='?page_no=1'>1<\/a><\/li>\n\n\n\n<li><a href='?page_no=2'>2<\/a><\/li>\n\n\n\n<li><a>...<\/a><\/li>\n\n\n\n<li><a href='?page_no=6407'>6407<\/a><\/li>\n\n\n\n<li><a href='?page_no=6408'>6408<\/a><\/li>\n\n\n\n<li class='active'><a>6409<\/a><\/li>\n\n\n\n<li><a href='?page_no=6410'>6410<\/a><\/li>\n\n\n\n<li><a href='?page_no=6411'>6411<\/a><\/li>\n\n\n\n<li><a>...<\/a><\/li>\n\n\n\n<li><a href='?page_no=36999'>36999<\/a><\/li>\n\n\n\n<li><a href='?page_no=37000'>37000<\/a><\/li>\n\n    \n\t\n\n<li >\n\t<a href='?page_no=6410'>Next<\/a>\n\t<\/li>\n\n\n    \n\n<li><a href='?page_no=37000'>Last &rsaquo;&rsaquo;<\/a><\/li>\n\n<\/ul>\n\n\n--><br \/>\n<\/body><\/p>\n","protected":false},"excerpt":{"rendered":"<p>BRASILIA, 15 mar (Xinhua) &#8212; El ex presidente brasile\u00f1o Luiz In\u00e1cio Lula da Silva dijo este jueves que el asesinato en la noche del mi\u00e9rcoles de la concejala de Rio de Janeiro Marielle Franco, del Partido (PSOL), que denunciaba la acci\u00f3n de polic\u00edas militares en las favelas cariocas, fue un golpe a la democracia en [&hellip;]<\/p>\n","protected":false},"author":3,"featured_media":0,"comment_status":"open","ping_status":"open","sticky":false,"template":"","format":"standard","meta":{"footnotes":""},"categories":[22],"tags":[],"class_list":["post-171066","post","type-post","status-publish","format-standard","hentry","category-politica"],"_links":{"self":[{"href":"https:\/\/diariodominicano.com\/index.php?rest_route=\/wp\/v2\/posts\/171066","targetHints":{"allow":["GET"]}}],"collection":[{"href":"https:\/\/diariodominicano.com\/index.php?rest_route=\/wp\/v2\/posts"}],"about":[{"href":"https:\/\/diariodominicano.com\/index.php?rest_route=\/wp\/v2\/types\/post"}],"author":[{"embeddable":true,"href":"https:\/\/diariodominicano.com\/index.php?rest_route=\/wp\/v2\/users\/3"}],"replies":[{"embeddable":true,"href":"https:\/\/diariodominicano.com\/index.php?rest_route=%2Fwp%2Fv2%2Fcomments&post=171066"}],"version-history":[{"count":0,"href":"https:\/\/diariodominicano.com\/index.php?rest_route=\/wp\/v2\/posts\/171066\/revisions"}],"wp:attachment":[{"href":"https:\/\/diariodominicano.com\/index.php?rest_route=%2Fwp%2Fv2%2Fmedia&parent=171066"}],"wp:term":[{"taxonomy":"category","embeddable":true,"href":"https:\/\/diariodominicano.com\/index.php?rest_route=%2Fwp%2Fv2%2Fcategories&post=171066"},{"taxonomy":"post_tag","embeddable":true,"href":"https:\/\/diariodominicano.com\/index.php?rest_route=%2Fwp%2Fv2%2Ftags&post=171066"}],"curies":[{"name":"wp","href":"https:\/\/api.w.org\/{rel}","templated":true}]}}