{"id":171064,"date":"2018-03-15T13:31:48","date_gmt":"2018-03-15T13:31:48","guid":{"rendered":"http:\/\/diariodominicano.ddns.net\/?p=171064"},"modified":"2018-03-15T13:31:48","modified_gmt":"2018-03-15T13:31:48","slug":"embajador-victor-grimaldi-resalta-tradicion-peledeista-de-superar-situacion-de-dificultades","status":"publish","type":"post","link":"https:\/\/diariodominicano.com\/?p=171064","title":{"rendered":"Embajador V\u00edctor Grimaldi resalta tradici\u00f3n pelede\u00edsta de superar situaci\u00f3n de dificultades"},"content":{"rendered":"<p><body><\/p>\n<p><img decoding=\"async\" src=\"img3\/grim1.jpg\" \/>  <\/p>\n<p>El embajador de la Republica Dominicana ante la Santa Sede, V\u00edctor Grimaldi, comunicador y un tradicional dirigente del Partido de la Liberaci\u00f3n Dominicana,  se manifest\u00f3 confiado en  que esa organizaci\u00f3n, como ha sido la tradici\u00f3n, superar\u00e1 la diferencia de criterios que impacta en la misma.<\/p>\n<\/p>\n<p>Hizo referencia a una primera crisis vivida por esa organizaci\u00f3n en  el a\u00f1o 1978, luego de las elecciones de ese a\u00f1o, las primeras en las que particip\u00f3 el PLD, obteniendo a penas un uno por ciento de los votos emitidos, con la salida de miembros fundadores de la entidad partidaria.<\/p>\n<\/p>\n<p>\u00abFue una situaci\u00f3n de crisis muy grande y el PLD se recuper\u00f3\u00bb respondi\u00f3 Grimaldi a sus entrevistadores del programa Tele matutino Once, revelando tambi\u00e9n que eso afect\u00f3 al fundador del Partido, el Profesor Juan Bosch, quien se lo manifest\u00f3 como testimonio.<\/p>\n<\/p>\n<p>Record\u00f3 que los miembros fundadores posteriormente regresaron y aquellas dificultades se subsanaron.<\/p>\n<\/p>\n<p>Se manifest\u00f3 esperanzado de que el dialogo de la dirigencia pelede\u00edsta ofrecer\u00e1 buenos resultados como ha sido la costumbre en el partido morado.<\/p>\n<\/p>\n<p>\u00abEspero que los dirigentes del Partido, sobre todo los principales l\u00edderes se sienten, teniendo la cabeza fr\u00eda,  a pensar en el pa\u00eds  y en el Partido\u00bb apunt\u00f3 el Embajador V\u00edctor Grimaldi.<\/p>\n<\/p>\n<p>En ese sentido resalt\u00f3 los avances en el pa\u00eds en las gestiones de gobierno del Partido de la Liberaci\u00f3n y la identificaci\u00f3n del pueblo con el Partido, conceptos que deben prevalecer en la direcci\u00f3n partidaria.<\/p>\n<\/p>\n<p>Dijo que con algunos cambios el PLD es el mismo partido que fund\u00f3 el profesor Juan Bosch que ha hecho los reajustes que demandan los tiempos.<\/p>\n<h6> 2018-03-15 13:31:48 <\/h6>\n<p><!--\n<link rel=\"stylesheet\" href=\"css\/bootstrap.min.css\">\n\n\n<ul class=\"pagination\">\n\t    \n\t\n\n<li >\n\t<a href='?page_no=6406'>Previous<\/a>\n\t<\/li>\n\n\n       \n    \n\n<li><a href='?page_no=1'>1<\/a><\/li>\n\n\n\n<li><a href='?page_no=2'>2<\/a><\/li>\n\n\n\n<li><a>...<\/a><\/li>\n\n\n\n<li><a href='?page_no=6405'>6405<\/a><\/li>\n\n\n\n<li><a href='?page_no=6406'>6406<\/a><\/li>\n\n\n\n<li class='active'><a>6407<\/a><\/li>\n\n\n\n<li><a href='?page_no=6408'>6408<\/a><\/li>\n\n\n\n<li><a href='?page_no=6409'>6409<\/a><\/li>\n\n\n\n<li><a>...<\/a><\/li>\n\n\n\n<li><a href='?page_no=36999'>36999<\/a><\/li>\n\n\n\n<li><a href='?page_no=37000'>37000<\/a><\/li>\n\n    \n\t\n\n<li >\n\t<a href='?page_no=6408'>Next<\/a>\n\t<\/li>\n\n\n    \n\n<li><a href='?page_no=37000'>Last &rsaquo;&rsaquo;<\/a><\/li>\n\n<\/ul>\n\n\n--><br \/>\n<\/body><\/p>\n","protected":false},"excerpt":{"rendered":"<p>El embajador de la Republica Dominicana ante la Santa Sede, V\u00edctor Grimaldi, comunicador y un tradicional dirigente del Partido de la Liberaci\u00f3n Dominicana, se manifest\u00f3 confiado en que esa organizaci\u00f3n, como ha sido la tradici\u00f3n, superar\u00e1 la diferencia de criterios que impacta en la misma. Hizo referencia a una primera crisis vivida por esa organizaci\u00f3n [&hellip;]<\/p>\n","protected":false},"author":3,"featured_media":0,"comment_status":"open","ping_status":"open","sticky":false,"template":"","format":"standard","meta":{"footnotes":""},"categories":[22],"tags":[],"class_list":["post-171064","post","type-post","status-publish","format-standard","hentry","category-politica"],"_links":{"self":[{"href":"https:\/\/diariodominicano.com\/index.php?rest_route=\/wp\/v2\/posts\/171064","targetHints":{"allow":["GET"]}}],"collection":[{"href":"https:\/\/diariodominicano.com\/index.php?rest_route=\/wp\/v2\/posts"}],"about":[{"href":"https:\/\/diariodominicano.com\/index.php?rest_route=\/wp\/v2\/types\/post"}],"author":[{"embeddable":true,"href":"https:\/\/diariodominicano.com\/index.php?rest_route=\/wp\/v2\/users\/3"}],"replies":[{"embeddable":true,"href":"https:\/\/diariodominicano.com\/index.php?rest_route=%2Fwp%2Fv2%2Fcomments&post=171064"}],"version-history":[{"count":0,"href":"https:\/\/diariodominicano.com\/index.php?rest_route=\/wp\/v2\/posts\/171064\/revisions"}],"wp:attachment":[{"href":"https:\/\/diariodominicano.com\/index.php?rest_route=%2Fwp%2Fv2%2Fmedia&parent=171064"}],"wp:term":[{"taxonomy":"category","embeddable":true,"href":"https:\/\/diariodominicano.com\/index.php?rest_route=%2Fwp%2Fv2%2Fcategories&post=171064"},{"taxonomy":"post_tag","embeddable":true,"href":"https:\/\/diariodominicano.com\/index.php?rest_route=%2Fwp%2Fv2%2Ftags&post=171064"}],"curies":[{"name":"wp","href":"https:\/\/api.w.org\/{rel}","templated":true}]}}