{"id":171063,"date":"2018-03-15T14:02:43","date_gmt":"2018-03-15T14:02:43","guid":{"rendered":"http:\/\/diariodominicano.ddns.net\/?p=171063"},"modified":"2018-03-15T14:02:43","modified_gmt":"2018-03-15T14:02:43","slug":"quique-antun-abandono-del-campo-por-autoridades-afecta-produccion-y-exportacion-agropecuaria","status":"publish","type":"post","link":"https:\/\/diariodominicano.com\/?p=171063","title":{"rendered":"Quique Ant\u00fan: abandono del campo por autoridades afecta  producci\u00f3n y exportaci\u00f3n agropecuaria"},"content":{"rendered":"<p><body><\/p>\n<p><img decoding=\"async\" src=\"img3\/antun11.jpg\" \/>  <\/p>\n<p>NUEVA YORK.- El presidente del Partido Reformista Social Cristiano (PRSC) declar\u00f3 aqu\u00ed que la Rep\u00fablica Dominicana no lograr\u00e1 sus objetivos de incrementar la producci\u00f3n agropecuaria que permita un crecimiento de las exportaciones, mientras el campo se encuentre abandonado por las actuales autoridades.<\/p>\n<\/p>\n<p>El ingeniero Federico Ant\u00fan Batlle (Quique) puso como ejemplo el abandono de carreteras y caminos vecinales que dan acceso a zonas altamente productivas de las diferentes regiones del pa\u00eds<\/p>\n<\/p>\n<p>Cit\u00f3 la carretera que comunica al municipio de Ocoa con Rancho Arriba, donde los productores y la poblaci\u00f3n en sentido general \u00abse han cansado de solicitarle al gobierno la construcci\u00f3n de esta carretera la cual est\u00e1 intransitable y constituye no solo un peligro para sus transe\u00fantes, sino tambi\u00e9n generadora de grandes p\u00e9rdidas para los productores de la zona\u00bb.<\/p>\n<\/p>\n<p>\u00abEstamos hablando que San Jos\u00e9 de Ocoa produce m\u00e1s del 40% de los vegetales que se cosechan en todo el pa\u00eds y la mayor parte de esos productos son destinados a las exportaciones, los que generan un gran ingreso de divisas\u00bb, dijo.<\/p>\n<\/p>\n<p>El l\u00edder reformista resalt\u00f3 que en sus recorridos por diferentes provincias del pa\u00eds y en conversaciones con productores agropecuarios ha podido percatarse de las dificultades que enfrentan los hombres del campo para poner sus tierras a producir.<\/p>\n<\/p>\n<p>Quique Ant\u00fan dijo que los dos ejes transversales que fortalecen la econom\u00eda nacional son el turismo y la producci\u00f3n, sobre todo la productividad con miras hacia las exportaciones, por lo que  inst\u00f3 al gobierno a empe\u00f1ar m\u00e1s sus esfuerzos en estos renglones.<\/p>\n<\/p>\n<p>Sostuvo que de nada sirve la declaraci\u00f3n del 2018 como \u00abA\u00f1o de las exportaciones\u00bb, si no se atienden los reclamos de los productores del pa\u00eds.<\/p>\n<h6> 2018-03-15 14:02:43 <\/h6>\n<p><!--\n<link rel=\"stylesheet\" href=\"css\/bootstrap.min.css\">\n\n\n<ul class=\"pagination\">\n\t    \n\t\n\n<li >\n\t<a href='?page_no=6405'>Previous<\/a>\n\t<\/li>\n\n\n       \n    \n\n<li><a href='?page_no=1'>1<\/a><\/li>\n\n\n\n<li><a href='?page_no=2'>2<\/a><\/li>\n\n\n\n<li><a>...<\/a><\/li>\n\n\n\n<li><a href='?page_no=6404'>6404<\/a><\/li>\n\n\n\n<li><a href='?page_no=6405'>6405<\/a><\/li>\n\n\n\n<li class='active'><a>6406<\/a><\/li>\n\n\n\n<li><a href='?page_no=6407'>6407<\/a><\/li>\n\n\n\n<li><a href='?page_no=6408'>6408<\/a><\/li>\n\n\n\n<li><a>...<\/a><\/li>\n\n\n\n<li><a href='?page_no=36999'>36999<\/a><\/li>\n\n\n\n<li><a href='?page_no=37000'>37000<\/a><\/li>\n\n    \n\t\n\n<li >\n\t<a href='?page_no=6407'>Next<\/a>\n\t<\/li>\n\n\n    \n\n<li><a href='?page_no=37000'>Last &rsaquo;&rsaquo;<\/a><\/li>\n\n<\/ul>\n\n\n--><br \/>\n<\/body><\/p>\n","protected":false},"excerpt":{"rendered":"<p>NUEVA YORK.- El presidente del Partido Reformista Social Cristiano (PRSC) declar\u00f3 aqu\u00ed que la Rep\u00fablica Dominicana no lograr\u00e1 sus objetivos de incrementar la producci\u00f3n agropecuaria que permita un crecimiento de las exportaciones, mientras el campo se encuentre abandonado por las actuales autoridades. El ingeniero Federico Ant\u00fan Batlle (Quique) puso como ejemplo el abandono de carreteras [&hellip;]<\/p>\n","protected":false},"author":3,"featured_media":0,"comment_status":"open","ping_status":"open","sticky":false,"template":"","format":"standard","meta":{"footnotes":""},"categories":[22],"tags":[],"class_list":["post-171063","post","type-post","status-publish","format-standard","hentry","category-politica"],"_links":{"self":[{"href":"https:\/\/diariodominicano.com\/index.php?rest_route=\/wp\/v2\/posts\/171063","targetHints":{"allow":["GET"]}}],"collection":[{"href":"https:\/\/diariodominicano.com\/index.php?rest_route=\/wp\/v2\/posts"}],"about":[{"href":"https:\/\/diariodominicano.com\/index.php?rest_route=\/wp\/v2\/types\/post"}],"author":[{"embeddable":true,"href":"https:\/\/diariodominicano.com\/index.php?rest_route=\/wp\/v2\/users\/3"}],"replies":[{"embeddable":true,"href":"https:\/\/diariodominicano.com\/index.php?rest_route=%2Fwp%2Fv2%2Fcomments&post=171063"}],"version-history":[{"count":0,"href":"https:\/\/diariodominicano.com\/index.php?rest_route=\/wp\/v2\/posts\/171063\/revisions"}],"wp:attachment":[{"href":"https:\/\/diariodominicano.com\/index.php?rest_route=%2Fwp%2Fv2%2Fmedia&parent=171063"}],"wp:term":[{"taxonomy":"category","embeddable":true,"href":"https:\/\/diariodominicano.com\/index.php?rest_route=%2Fwp%2Fv2%2Fcategories&post=171063"},{"taxonomy":"post_tag","embeddable":true,"href":"https:\/\/diariodominicano.com\/index.php?rest_route=%2Fwp%2Fv2%2Ftags&post=171063"}],"curies":[{"name":"wp","href":"https:\/\/api.w.org\/{rel}","templated":true}]}}