{"id":171062,"date":"2018-03-15T14:06:50","date_gmt":"2018-03-15T14:06:50","guid":{"rendered":"http:\/\/diariodominicano.ddns.net\/?p=171062"},"modified":"2018-03-15T14:06:50","modified_gmt":"2018-03-15T14:06:50","slug":"elso-martinez-afirma-que-decision-de-reconocer-a-jerusalen-como-capital-de-israel-viola-pactos-y-resoluciones","status":"publish","type":"post","link":"https:\/\/diariodominicano.com\/?p=171062","title":{"rendered":"Elso Mart\u00ednez afirma que decisi\u00f3n de  reconocer a Jerusal\u00e9n como capital de Israel viola pactos y resoluciones"},"content":{"rendered":"<p><body><\/p>\n<p><img decoding=\"async\" src=\"img3\/pl2.jpg\" \/><br \/><img decoding=\"async\" src=\"img3\/pl3.jpg\" \/>  <\/p>\n<p>Elso Mart\u00ednez, miembro del Comit\u00e9 Central del Partido de la Liberaci\u00f3n Dominicana (PLD)  dijo que la decisi\u00f3n del Presidente de Estados Unidos, Donald Trump,  de  reconocer a Jerusal\u00e9n como capital unificada de Israel y trasladar all\u00ed su embajada  es ilegal desde el punto de vista de la diplomacia  internacional.<\/p>\n<\/p>\n<p>La consideraci\u00f3n fue hecha por Mart\u00ednez durante el conversatorio \u00abImpacto religioso, hist\u00f3rico y geopol\u00edtico de la designaci\u00f3n de Jerusal\u00e9n capital de Israel\u00bb, realizada en la Universidad Nacional Evang\u00e9lica y organizada por la Secretar\u00eda de Cultos del Partido de la Liberaci\u00f3n Dominicana.<\/p>\n<\/p>\n<p>El antrop\u00f3logo y exdiputado del PLD manifest\u00f3 que  con su decisi\u00f3n el presidente Trump viola todas las resoluciones y acuerdos internacionales y bilaterales, contradiciendo el consenso internacional expresado por posiciones de varios pa\u00edses del mundo.<\/p>\n<\/p>\n<p>En el panel participaron tambi\u00e9n Roberto Bueno, experto en teolog\u00eda quien afirm\u00f3 que la decisi\u00f3n del presidente norteamericano es pol\u00edtica y que carece de base legal; y Carlos Burgos, ingeniero, con diplomado en Pastoral Universitaria, quien trat\u00f3 el tema y realiz\u00f3 un esbozo  hist\u00f3rico y religioso de Jerusal\u00e9n, as\u00ed como su vinculaci\u00f3n con los jud\u00edos.<\/p>\n<\/p>\n<p>La presentaci\u00f3n de los panelistas estuvo a cargo de Francisco Cruz Pascual, titular de la Secretar\u00eda de Cultos del PLD y vicerrector de Postgrado e Investigaciones de la Universidad Cat\u00f3lica de Santo Domingo y coordinador de la actividad.<\/p>\n<\/p>\n<p>Cruz Pascual expres\u00f3 que el tema b\u00e1sico del encuentro est\u00e1 sustentado en compartir diferentes puntos acad\u00e9micos sobre la importancia y trascendencia de la designaci\u00f3n de Jerusal\u00e9n como capital de Israel.<\/p>\n<\/p>\n<p>\u00abEs un tema que va a ser discutido en deferentes direcciones destacando su importancia hist\u00f3rica, pol\u00edtica y religiosa, sin tener que llegar a conclusiones que nos lleven a enfrentamientos que no contribuir\u00edan con la paz social\u00bb, a\u00f1adi\u00f3 Pascual.<\/p>\n<\/p>\n<p>Las palabras de bienvenidas estuvieron a cargo de Juan Guerrero \u00c1vila, vicerrector de Asuntos Internacionales de la Universidad Nacional Evang\u00e9lica En tanto  Wilfredo Ma\u00f1\u00f3n Rossi, rector de la Universidad Nacional Evang\u00e9lica ponder\u00f3 la importancia del tema para los futuros acad\u00e9micos y profesionales.<\/p>\n<\/p>\n<p>La actividad cont\u00f3 con la presencia de autoridades universitarias, subsecretarios del PLD, pol\u00edticos y una gran cantidad de estudiantes quienes participaron al final de las ponencias mediante preguntas y comentarios.<\/p>\n<\/p>\n<p>Los expositores coinciden con el an\u00e1lisis   de los principales medios noticiosos del mundo quienes afirman que , adem\u00e1s de violar todos los acuerdos alcanzados entre palestinos e israel\u00edes para alcanzar la paz entre los dos pueblos,  la decisi\u00f3n adoptada por Estados Unidos,  no va a cambiar la jurisprudencia de Jerusal\u00e9n, que seguir\u00e1 siendo una ciudad cristiana, musulmana, \u00e1rabe y palestina.<\/p>\n<h6> 2018-03-15 14:06:50 <\/h6>\n<p><!--\n<link rel=\"stylesheet\" href=\"css\/bootstrap.min.css\">\n\n\n<ul class=\"pagination\">\n\t    \n\t\n\n<li >\n\t<a href='?page_no=6404'>Previous<\/a>\n\t<\/li>\n\n\n       \n    \n\n<li><a href='?page_no=1'>1<\/a><\/li>\n\n\n\n<li><a href='?page_no=2'>2<\/a><\/li>\n\n\n\n<li><a>...<\/a><\/li>\n\n\n\n<li><a href='?page_no=6403'>6403<\/a><\/li>\n\n\n\n<li><a href='?page_no=6404'>6404<\/a><\/li>\n\n\n\n<li class='active'><a>6405<\/a><\/li>\n\n\n\n<li><a href='?page_no=6406'>6406<\/a><\/li>\n\n\n\n<li><a href='?page_no=6407'>6407<\/a><\/li>\n\n\n\n<li><a>...<\/a><\/li>\n\n\n\n<li><a href='?page_no=36999'>36999<\/a><\/li>\n\n\n\n<li><a href='?page_no=37000'>37000<\/a><\/li>\n\n    \n\t\n\n<li >\n\t<a href='?page_no=6406'>Next<\/a>\n\t<\/li>\n\n\n    \n\n<li><a href='?page_no=37000'>Last &rsaquo;&rsaquo;<\/a><\/li>\n\n<\/ul>\n\n\n--><br \/>\n<\/body><\/p>\n","protected":false},"excerpt":{"rendered":"<p>Elso Mart\u00ednez, miembro del Comit\u00e9 Central del Partido de la Liberaci\u00f3n Dominicana (PLD) dijo que la decisi\u00f3n del Presidente de Estados Unidos, Donald Trump, de reconocer a Jerusal\u00e9n como capital unificada de Israel y trasladar all\u00ed su embajada es ilegal desde el punto de vista de la diplomacia internacional. La consideraci\u00f3n fue hecha por Mart\u00ednez [&hellip;]<\/p>\n","protected":false},"author":3,"featured_media":0,"comment_status":"open","ping_status":"open","sticky":false,"template":"","format":"standard","meta":{"footnotes":""},"categories":[22],"tags":[],"class_list":["post-171062","post","type-post","status-publish","format-standard","hentry","category-politica"],"_links":{"self":[{"href":"https:\/\/diariodominicano.com\/index.php?rest_route=\/wp\/v2\/posts\/171062","targetHints":{"allow":["GET"]}}],"collection":[{"href":"https:\/\/diariodominicano.com\/index.php?rest_route=\/wp\/v2\/posts"}],"about":[{"href":"https:\/\/diariodominicano.com\/index.php?rest_route=\/wp\/v2\/types\/post"}],"author":[{"embeddable":true,"href":"https:\/\/diariodominicano.com\/index.php?rest_route=\/wp\/v2\/users\/3"}],"replies":[{"embeddable":true,"href":"https:\/\/diariodominicano.com\/index.php?rest_route=%2Fwp%2Fv2%2Fcomments&post=171062"}],"version-history":[{"count":0,"href":"https:\/\/diariodominicano.com\/index.php?rest_route=\/wp\/v2\/posts\/171062\/revisions"}],"wp:attachment":[{"href":"https:\/\/diariodominicano.com\/index.php?rest_route=%2Fwp%2Fv2%2Fmedia&parent=171062"}],"wp:term":[{"taxonomy":"category","embeddable":true,"href":"https:\/\/diariodominicano.com\/index.php?rest_route=%2Fwp%2Fv2%2Fcategories&post=171062"},{"taxonomy":"post_tag","embeddable":true,"href":"https:\/\/diariodominicano.com\/index.php?rest_route=%2Fwp%2Fv2%2Ftags&post=171062"}],"curies":[{"name":"wp","href":"https:\/\/api.w.org\/{rel}","templated":true}]}}