{"id":171061,"date":"2018-03-16T02:28:33","date_gmt":"2018-03-16T02:28:33","guid":{"rendered":"http:\/\/diariodominicano.ddns.net\/?p=171061"},"modified":"2018-03-16T02:28:33","modified_gmt":"2018-03-16T02:28:33","slug":"universidad-de-argentina-inviste-a-leonel-fernandez-como-doctor-honoris-causa-por-su-trayectoria-politica-y-academica","status":"publish","type":"post","link":"https:\/\/diariodominicano.com\/?p=171061","title":{"rendered":"Universidad de Argentina inviste a Leonel Fern\u00e1ndez como Doctor Honoris Causa por su trayectoria pol\u00edtica y acad\u00e9mica"},"content":{"rendered":"<p><body><\/p>\n<p><img decoding=\"async\" src=\"img3\/leonel000..jpg\" \/><br \/><img decoding=\"async\" src=\"img3\/leonel02.jpg\" \/><br \/><img decoding=\"async\" src=\"img3\/leonel03..jpg\" \/>  <\/p>\n<p><strong><span class=\"text1noticias\">BUENOS AIRES, Argentina, 15 de marzo de 2018.<\/span><\/strong><span class=\"text1noticias\">&#8211; El expresidente de la Rep\u00fablica Dominicana, doctor Leonel Fern\u00e1ndez, fue investido como \u00abDoctor Honor y Causa\u00bb  por la Universidad Nacional General San Mart\u00edn (UNSAM), de Buenos Aires, capital de Argentina.<\/span><\/p>\n<\/p>\n<p><strong><span class=\"text1noticias\">La distinci\u00f3n le fue entregada al ex gobernante dominicano por su contribuci\u00f3n a los procesos de la comunicaci\u00f3n, los derechos de prensa y las relaciones internacionales. Es el m\u00e1ximo reconocimiento que otorga la UNSAM.<\/span><\/strong><\/p>\n<\/p>\n<p><span class=\"text1noticias\">Tras agradecer el reconocimiento, Fern\u00e1ndez destac\u00f3 el gran desaf\u00edo que tienen las universidades de cara al futuro y el compromiso que deben tener las instituciones de educaci\u00f3n superior con el desarrollo de los pa\u00edses.<\/span><\/p>\n<\/p>\n<p><span class=\"text1noticias\">\u00abNecesitamos universidades de las que surjan profesionales que tengan pensamiento cr\u00edtico; que puedan reflexionar sobre la sociedad. Fil\u00f3sofos que puedan formular propuestas de c\u00f3mo proseguir con los proyectos de transformaci\u00f3n social que necesitan nuestros pueblos\u00bb, indic\u00f3 el exmandatario, tras se\u00f1alar que la UNSAM es un ejemplo de lo que debe ser la universidad del siglo 21, porque abarca todas las \u00e1reas que necesitan los pa\u00edses para su desarrollo.<\/span><\/p>\n<\/p>\n<p><span class=\"text1noticias\">En sus palabras, el rector de la UNSAM, Carlos Greco, destac\u00f3 la trayectoria pol\u00edtica y acad\u00e9mica de Fern\u00e1ndez, e indic\u00f3 que el reconocimiento se le hace con el objetivo de que su ejemplo sirva de est\u00edmulo a los estudiantes latinoamericanos.<\/span><\/p>\n<\/p>\n<p><span class=\"text1noticias\">El acad\u00e9mico resalt\u00f3 que en el mundo hay pocos casos en que un pol\u00edtico destacado es al mismo tiempo un gran acad\u00e9mico, como ocurre con el ex jefe de Estado dominicano. \u00abLa educaci\u00f3n es el principal recurso con que cuentan los pa\u00edses para su desarrollo\u00bb, dijo Greco.<\/span><\/p>\n<\/p>\n<p><strong><span class=\"text1noticias\">La presentaci\u00f3n y reconocimiento a la trayectoria de Fern\u00e1ndez estuvo a cargo de Marcelo Cavarozzi, especialista en pol\u00edtica comparada de Am\u00e9rica Latina y en la relaci\u00f3n entre capitalismo y democracia. <\/span><\/strong><\/p>\n<p><strong><span class=\"text1noticias\">En su intervenci\u00f3n Cavarozzi,  destac\u00f3: <\/span><\/strong><\/p>\n<p><strong><span class=\"text1noticias\">\u00abEsperamos que, as\u00ed como Pedro Henr\u00edquez Ure\u00f1a habit\u00f3 muchos a\u00f1os ac\u00e1 en Argentina, queremos que Leonel Fern\u00e1ndez nos habite, que ese paso de Fern\u00e1ndez por la UNSAM y por Argentina no sea un paso m\u00e1s, sino que sea un nuevo episodio en una larga continuidad en la cual seguiremos compartiendo los valores\u00bb.<\/span><\/strong><\/p>\n<\/p>\n<p><span class=\"text1noticias\">La ceremonia de investidura se efectu\u00f3 en el Teatro Tornav\u00eda, del Campus Miguelete, y cont\u00f3 con la participaci\u00f3n de las principales autoridades de la UNSAM, el embajador dominicano en este pa\u00eds, Cesar Pina Toribio, el empresario dominicano Guillermo Senci\u00f3n, as\u00ed como estudiantes, acad\u00e9micos, intelectuales, diplom\u00e1ticos, funcionarios civiles y representantes de la comunidad dominicana radicada en Buenos.<\/span><\/p>\n<\/p>\n<p><strong><span class=\"text1noticias\">La ceremonia de investidura estuvo precedida por un encuentro de Fern\u00e1ndez con intelectuales y acad\u00e9micos, acto que fue  organizado por Marcelo Cavarozzi y que cont\u00f3 con la participaci\u00f3n del ex canciller de Argentina, Jorge Taiana, Presidente del Parlamento del Mercosur (Parlasur).<\/span><\/strong><\/p>\n<p><span class=\"text1noticias\">La Universidad Nacional de General San Mart\u00edn es una instituci\u00f3n p\u00fablica, cuya sede principal se ubica en la ciudad de San Mart\u00edn, en la zona norte del Gran Buenos Aires, inform\u00f3 Annia Valdez<\/span><\/p>\n<p><span class=\"text1noticias\">Encargada de prensa del doctor Leonel Fern\u00e1ndez<\/span><\/p>\n<p><span class=\"text1noticias\">Fundaci\u00f3n Global Democracia y Desarrollo (FUNGLODE)<\/span><\/p>\n<\/p>\n<\/p>\n<\/p>\n<\/p>\n<h6> 2018-03-16 02:28:33 <\/h6>\n<p><!--\n<link rel=\"stylesheet\" href=\"css\/bootstrap.min.css\">\n\n\n<ul class=\"pagination\">\n\t    \n\t\n\n<li >\n\t<a href='?page_no=6403'>Previous<\/a>\n\t<\/li>\n\n\n       \n    \n\n<li><a href='?page_no=1'>1<\/a><\/li>\n\n\n\n<li><a href='?page_no=2'>2<\/a><\/li>\n\n\n\n<li><a>...<\/a><\/li>\n\n\n\n<li><a href='?page_no=6402'>6402<\/a><\/li>\n\n\n\n<li><a href='?page_no=6403'>6403<\/a><\/li>\n\n\n\n<li class='active'><a>6404<\/a><\/li>\n\n\n\n<li><a href='?page_no=6405'>6405<\/a><\/li>\n\n\n\n<li><a href='?page_no=6406'>6406<\/a><\/li>\n\n\n\n<li><a>...<\/a><\/li>\n\n\n\n<li><a href='?page_no=36999'>36999<\/a><\/li>\n\n\n\n<li><a href='?page_no=37000'>37000<\/a><\/li>\n\n    \n\t\n\n<li >\n\t<a href='?page_no=6405'>Next<\/a>\n\t<\/li>\n\n\n    \n\n<li><a href='?page_no=37000'>Last &rsaquo;&rsaquo;<\/a><\/li>\n\n<\/ul>\n\n\n--><br \/>\n<\/body><\/p>\n","protected":false},"excerpt":{"rendered":"<p>BUENOS AIRES, Argentina, 15 de marzo de 2018.&#8211; El expresidente de la Rep\u00fablica Dominicana, doctor Leonel Fern\u00e1ndez, fue investido como \u00abDoctor Honor y Causa\u00bb por la Universidad Nacional General San Mart\u00edn (UNSAM), de Buenos Aires, capital de Argentina. La distinci\u00f3n le fue entregada al ex gobernante dominicano por su contribuci\u00f3n a los procesos de la [&hellip;]<\/p>\n","protected":false},"author":3,"featured_media":0,"comment_status":"open","ping_status":"open","sticky":false,"template":"","format":"standard","meta":{"footnotes":""},"categories":[22],"tags":[],"class_list":["post-171061","post","type-post","status-publish","format-standard","hentry","category-politica"],"_links":{"self":[{"href":"https:\/\/diariodominicano.com\/index.php?rest_route=\/wp\/v2\/posts\/171061","targetHints":{"allow":["GET"]}}],"collection":[{"href":"https:\/\/diariodominicano.com\/index.php?rest_route=\/wp\/v2\/posts"}],"about":[{"href":"https:\/\/diariodominicano.com\/index.php?rest_route=\/wp\/v2\/types\/post"}],"author":[{"embeddable":true,"href":"https:\/\/diariodominicano.com\/index.php?rest_route=\/wp\/v2\/users\/3"}],"replies":[{"embeddable":true,"href":"https:\/\/diariodominicano.com\/index.php?rest_route=%2Fwp%2Fv2%2Fcomments&post=171061"}],"version-history":[{"count":0,"href":"https:\/\/diariodominicano.com\/index.php?rest_route=\/wp\/v2\/posts\/171061\/revisions"}],"wp:attachment":[{"href":"https:\/\/diariodominicano.com\/index.php?rest_route=%2Fwp%2Fv2%2Fmedia&parent=171061"}],"wp:term":[{"taxonomy":"category","embeddable":true,"href":"https:\/\/diariodominicano.com\/index.php?rest_route=%2Fwp%2Fv2%2Fcategories&post=171061"},{"taxonomy":"post_tag","embeddable":true,"href":"https:\/\/diariodominicano.com\/index.php?rest_route=%2Fwp%2Fv2%2Ftags&post=171061"}],"curies":[{"name":"wp","href":"https:\/\/api.w.org\/{rel}","templated":true}]}}