{"id":171060,"date":"2018-03-16T10:42:04","date_gmt":"2018-03-16T10:42:04","guid":{"rendered":"http:\/\/diariodominicano.ddns.net\/?p=171060"},"modified":"2018-03-16T10:42:04","modified_gmt":"2018-03-16T10:42:04","slug":"quique-antun-demanda-del-gobierno-atenciones-a-familias-afectadas-por-inundaciones-en-puerto-plata","status":"publish","type":"post","link":"https:\/\/diariodominicano.com\/?p=171060","title":{"rendered":"Quique Ant\u00fan: Demanda del Gobierno atenciones a familias afectadas por inundaciones en Puerto Plata"},"content":{"rendered":"<p><body><\/p>\n<p><img decoding=\"async\" src=\"img3\/quique.jpg\" \/>  <\/p>\n<p>Santo Domingo, R. D., 16 de marzo, 2018.- El presidente del Partido Reformista Social Cristiano (PRSC), ingeniero Federico Ant\u00fan Batlle (Quique), pidi\u00f3 al gobierno que vaya en auxilio de decenas de familias de Puerto Plata que fueron afectadas por las inundaciones ocurridas en d\u00eda de ayer jueves como consecuencia de desbordamientos de r\u00edos, arroyos y ca\u00f1adas. <\/p>\n<\/p>\n<p>Quique Ant\u00fan dijo que diferentes barrios y comunidades de esa provincia fueron  inundados por los fuertes aguaceros ca\u00eddos en esa zona desde ayer tarde. <\/p>\n<\/p>\n<p>\u00abMuch\u00edsimas viviendas de familias pobres fueron inundadas por las aguas, destruyendo todos sus ajuares que hab\u00edan obtenidos con mucho sacrificio y han tenido que mudarse provisionalmente a casas de familiares y amigos\u00bb, agreg\u00f3. <\/p>\n<\/p>\n<p>El l\u00edder reformista explic\u00f3 que ha recibido una cantidad de llamadas telef\u00f3nicas desde diferentes puntos de Puerto Plata explic\u00e1ndole los grandes da\u00f1os provocados por los aguaceros de las ultimas horas. <\/p>\n<\/p>\n<p>Dijo que las comunidades m\u00e1s afectadas por las lluvias son Maranatha, La Boca de la Ca\u00f1ada y la parte baja de Sos\u00faa, donde se han desbordado r\u00edos, ca\u00f1adas y arroyos. <\/p>\n<\/p>\n<p>Ant\u00fan Batlle entiende que el gobierno debe ir a socorrer a esas familias a la mayor brevedad posible. <\/p>\n<\/p>\n<p>Tambi\u00e9n reclam\u00f3 que se levanten proyectos habitacionales en la provincia de Puerto Plata para trasladar a cientos de familiares pobres que viven en zonas vulnerables, al lado de r\u00edos y ca\u00f1adas por lo que \u00abcada vez que llueve estos se desbordan y provocan inundaciones que llegan hasta niveles medios de las casas\u00bb.<\/p>\n<\/p>\n<p>Fuente: SECRETARIA DE COMUNICACI\u00d3N PRSC<\/p>\n<h6> 2018-03-16 10:42:04 <\/h6>\n<p><!--\n<link rel=\"stylesheet\" href=\"css\/bootstrap.min.css\">\n\n\n<ul class=\"pagination\">\n\t    \n\t\n\n<li >\n\t<a href='?page_no=6402'>Previous<\/a>\n\t<\/li>\n\n\n       \n    \n\n<li><a href='?page_no=1'>1<\/a><\/li>\n\n\n\n<li><a href='?page_no=2'>2<\/a><\/li>\n\n\n\n<li><a>...<\/a><\/li>\n\n\n\n<li><a href='?page_no=6401'>6401<\/a><\/li>\n\n\n\n<li><a href='?page_no=6402'>6402<\/a><\/li>\n\n\n\n<li class='active'><a>6403<\/a><\/li>\n\n\n\n<li><a href='?page_no=6404'>6404<\/a><\/li>\n\n\n\n<li><a href='?page_no=6405'>6405<\/a><\/li>\n\n\n\n<li><a>...<\/a><\/li>\n\n\n\n<li><a href='?page_no=36999'>36999<\/a><\/li>\n\n\n\n<li><a href='?page_no=37000'>37000<\/a><\/li>\n\n    \n\t\n\n<li >\n\t<a href='?page_no=6404'>Next<\/a>\n\t<\/li>\n\n\n    \n\n<li><a href='?page_no=37000'>Last &rsaquo;&rsaquo;<\/a><\/li>\n\n<\/ul>\n\n\n--><br \/>\n<\/body><\/p>\n","protected":false},"excerpt":{"rendered":"<p>Santo Domingo, R. D., 16 de marzo, 2018.- El presidente del Partido Reformista Social Cristiano (PRSC), ingeniero Federico Ant\u00fan Batlle (Quique), pidi\u00f3 al gobierno que vaya en auxilio de decenas de familias de Puerto Plata que fueron afectadas por las inundaciones ocurridas en d\u00eda de ayer jueves como consecuencia de desbordamientos de r\u00edos, arroyos y [&hellip;]<\/p>\n","protected":false},"author":3,"featured_media":0,"comment_status":"open","ping_status":"open","sticky":false,"template":"","format":"standard","meta":{"footnotes":""},"categories":[22],"tags":[],"class_list":["post-171060","post","type-post","status-publish","format-standard","hentry","category-politica"],"_links":{"self":[{"href":"https:\/\/diariodominicano.com\/index.php?rest_route=\/wp\/v2\/posts\/171060","targetHints":{"allow":["GET"]}}],"collection":[{"href":"https:\/\/diariodominicano.com\/index.php?rest_route=\/wp\/v2\/posts"}],"about":[{"href":"https:\/\/diariodominicano.com\/index.php?rest_route=\/wp\/v2\/types\/post"}],"author":[{"embeddable":true,"href":"https:\/\/diariodominicano.com\/index.php?rest_route=\/wp\/v2\/users\/3"}],"replies":[{"embeddable":true,"href":"https:\/\/diariodominicano.com\/index.php?rest_route=%2Fwp%2Fv2%2Fcomments&post=171060"}],"version-history":[{"count":0,"href":"https:\/\/diariodominicano.com\/index.php?rest_route=\/wp\/v2\/posts\/171060\/revisions"}],"wp:attachment":[{"href":"https:\/\/diariodominicano.com\/index.php?rest_route=%2Fwp%2Fv2%2Fmedia&parent=171060"}],"wp:term":[{"taxonomy":"category","embeddable":true,"href":"https:\/\/diariodominicano.com\/index.php?rest_route=%2Fwp%2Fv2%2Fcategories&post=171060"},{"taxonomy":"post_tag","embeddable":true,"href":"https:\/\/diariodominicano.com\/index.php?rest_route=%2Fwp%2Fv2%2Ftags&post=171060"}],"curies":[{"name":"wp","href":"https:\/\/api.w.org\/{rel}","templated":true}]}}