{"id":171058,"date":"2018-03-16T13:26:20","date_gmt":"2018-03-16T13:26:20","guid":{"rendered":"http:\/\/diariodominicano.ddns.net\/?p=171058"},"modified":"2018-03-16T13:26:20","modified_gmt":"2018-03-16T13:26:20","slug":"jurista-radhames-jimenez-resalta-aportes-de-la-constitucion-promulgada-en-el-2010","status":"publish","type":"post","link":"https:\/\/diariodominicano.com\/?p=171058","title":{"rendered":"Jurista Radham\u00e9s Jim\u00e9nez resalta aportes de la Constituci\u00f3n promulgada en el 2010"},"content":{"rendered":"<p><body><\/p>\n<p><img decoding=\"async\" src=\"img3\/pld01.jpg\" \/>  <\/p>\n<p>Radham\u00e9s Jim\u00e9nez Pe\u00f1a, miembro del Comit\u00e9 Pol\u00edtico del Partido de la Liberaci\u00f3n Dominicana (PLD) y Secretario de Asuntos Jur\u00eddicos de esa organizaci\u00f3n,  resalt\u00f3 los aportes de la Constituci\u00f3n de la Republica promulgada en el a\u00f1o 2010, al impulso institucional del pa\u00eds y a su curso democr\u00e1tico.<\/p>\n<\/p>\n<p>Jim\u00e9nez tras anotar que en el trabajo de modificaci\u00f3n de la Carta Magna se emple\u00f3 m\u00e1s de dos a\u00f1os en consultas y  deliberaciones, destaca que ese instrumento legal se considera como una de las constituciones de mayor modernidad y garant\u00eda democr\u00e1tica de en Am\u00e9rica Latina.<\/p>\n<\/p>\n<p>\u00abRealizamos un proceso de reforma a la Constituci\u00f3n sin precedentes en el que se agot\u00f3 m\u00e1s de dos a\u00f1os para el resultado final. Primero un proceso de consultas populares, consultas a juristas. Fue tan original ese proceso que pudiera decirse que se trat\u00f3 de una Asamblea Constituyente con amplia participaci\u00f3n popular\u00bb   declar\u00f3.<\/p>\n<\/p>\n<p>El titular de los Asuntos Jur\u00eddicos del PLD respondi\u00f3 a los periodistas sobre declaraciones recientes que sugieren modificaci\u00f3n a la Constituci\u00f3n o lectura realizadas apartada del contenido de los textos.<\/p>\n<\/p>\n<p>\u00abPor ese largo proceso que concluy\u00f3 con la formalidad de la Asamblea Revisora y su proclamaci\u00f3n es que se puede decir que se trata de una de las constituciones m\u00e1s modernas y democr\u00e1tica de Am\u00e9rica Latina y el Caribe\u00bb dijo.<\/p>\n<\/p>\n<p>Radham\u00e9s Jim\u00e9nez explic\u00f3 que las opiniones vertidas sobre la Constituci\u00f3n y sus mandatos son opiniones interpretativas, que no son v\u00e1lidas,  porque la dominicana y cualquier otra Constituci\u00f3n,  son de interpretaci\u00f3n  restrictivas.<\/p>\n<\/p>\n<p>\u00abLo que la Constituci\u00f3n dice es eso y no est\u00e1 sujeto a especulaci\u00f3n o a la interpretaci\u00f3n\u00bb explic\u00f3 el jurista Radham\u00e9s Jim\u00e9nez Pe\u00f1a, que el PLD rese\u00f1\u00f3 en un despacho de su Secretar\u00eda de Comunicaciones.<\/p>\n<h6> 2018-03-16 13:26:20 <\/h6>\n<p><!--\n<link rel=\"stylesheet\" href=\"css\/bootstrap.min.css\">\n\n\n<ul class=\"pagination\">\n\t    \n\t\n\n<li >\n\t<a href='?page_no=6400'>Previous<\/a>\n\t<\/li>\n\n\n       \n    \n\n<li><a href='?page_no=1'>1<\/a><\/li>\n\n\n\n<li><a href='?page_no=2'>2<\/a><\/li>\n\n\n\n<li><a>...<\/a><\/li>\n\n\n\n<li><a href='?page_no=6399'>6399<\/a><\/li>\n\n\n\n<li><a href='?page_no=6400'>6400<\/a><\/li>\n\n\n\n<li class='active'><a>6401<\/a><\/li>\n\n\n\n<li><a href='?page_no=6402'>6402<\/a><\/li>\n\n\n\n<li><a href='?page_no=6403'>6403<\/a><\/li>\n\n\n\n<li><a>...<\/a><\/li>\n\n\n\n<li><a href='?page_no=36999'>36999<\/a><\/li>\n\n\n\n<li><a href='?page_no=37000'>37000<\/a><\/li>\n\n    \n\t\n\n<li >\n\t<a href='?page_no=6402'>Next<\/a>\n\t<\/li>\n\n\n    \n\n<li><a href='?page_no=37000'>Last &rsaquo;&rsaquo;<\/a><\/li>\n\n<\/ul>\n\n\n--><br \/>\n<\/body><\/p>\n","protected":false},"excerpt":{"rendered":"<p>Radham\u00e9s Jim\u00e9nez Pe\u00f1a, miembro del Comit\u00e9 Pol\u00edtico del Partido de la Liberaci\u00f3n Dominicana (PLD) y Secretario de Asuntos Jur\u00eddicos de esa organizaci\u00f3n, resalt\u00f3 los aportes de la Constituci\u00f3n de la Republica promulgada en el a\u00f1o 2010, al impulso institucional del pa\u00eds y a su curso democr\u00e1tico. Jim\u00e9nez tras anotar que en el trabajo de modificaci\u00f3n [&hellip;]<\/p>\n","protected":false},"author":3,"featured_media":0,"comment_status":"open","ping_status":"open","sticky":false,"template":"","format":"standard","meta":{"footnotes":""},"categories":[22],"tags":[],"class_list":["post-171058","post","type-post","status-publish","format-standard","hentry","category-politica"],"_links":{"self":[{"href":"https:\/\/diariodominicano.com\/index.php?rest_route=\/wp\/v2\/posts\/171058","targetHints":{"allow":["GET"]}}],"collection":[{"href":"https:\/\/diariodominicano.com\/index.php?rest_route=\/wp\/v2\/posts"}],"about":[{"href":"https:\/\/diariodominicano.com\/index.php?rest_route=\/wp\/v2\/types\/post"}],"author":[{"embeddable":true,"href":"https:\/\/diariodominicano.com\/index.php?rest_route=\/wp\/v2\/users\/3"}],"replies":[{"embeddable":true,"href":"https:\/\/diariodominicano.com\/index.php?rest_route=%2Fwp%2Fv2%2Fcomments&post=171058"}],"version-history":[{"count":0,"href":"https:\/\/diariodominicano.com\/index.php?rest_route=\/wp\/v2\/posts\/171058\/revisions"}],"wp:attachment":[{"href":"https:\/\/diariodominicano.com\/index.php?rest_route=%2Fwp%2Fv2%2Fmedia&parent=171058"}],"wp:term":[{"taxonomy":"category","embeddable":true,"href":"https:\/\/diariodominicano.com\/index.php?rest_route=%2Fwp%2Fv2%2Fcategories&post=171058"},{"taxonomy":"post_tag","embeddable":true,"href":"https:\/\/diariodominicano.com\/index.php?rest_route=%2Fwp%2Fv2%2Ftags&post=171058"}],"curies":[{"name":"wp","href":"https:\/\/api.w.org\/{rel}","templated":true}]}}