{"id":171057,"date":"2018-03-16T13:59:31","date_gmt":"2018-03-16T13:59:31","guid":{"rendered":"http:\/\/diariodominicano.ddns.net\/?p=171057"},"modified":"2018-03-16T13:59:31","modified_gmt":"2018-03-16T13:59:31","slug":"senador-dionis-sanchez-explica-que-frontera-pedernales-ansa-a-pitre-es-pacifica-y-en-colaboracion-entre-ciudadanos","status":"publish","type":"post","link":"https:\/\/diariodominicano.com\/?p=171057","title":{"rendered":"Senador Dionis S\u00e1nchez explica que frontera Pedernales- Ansa a Pitre es  pac\u00edfica y en colaboraci\u00f3n entre  ciudadanos"},"content":{"rendered":"<p><body><\/p>\n<p><img decoding=\"async\" src=\"img3\/peder.jpg\" \/>  <\/p>\n<p>Dionis S\u00e1nchez, senador del Partido de la Liberaci\u00f3n Dominicana (PLD)  por la provincia de Pedernales, dijo que la situaci\u00f3n que se ha dado entre dominicanos y haitianos en el municipio cabecera  no tiene nada que ver con xenofobia y racismo, algo no aplicable con nuestro pa\u00eds.<\/p>\n<\/p>\n<p>\u00abEsa es la campa\u00f1a montada  para desmeritar lo que ha sucedido\u00bb, asegur\u00f3 el legislador, entrevistado en el programa Hoy Mismo y que rese\u00f1a el PLD en un parte de prensa.<\/p>\n<\/p>\n<p>El dirigente del PLD se\u00f1al\u00f3 que si hay una frontera pac\u00edfica y de colaboraci\u00f3n permanente y de hermandad han sido Pedernales y Ansa a Pitre, dos comunidades bastantes cercanas una de la otra.<\/p>\n<\/p>\n<p>\u00abUsted no se da cuanta cuando est\u00e1 del lado haitiano o del lado dominicano. Es una frontera virtual\u00bb, aclar\u00f3 S\u00e1nchez al reiterar que lo que quiere Pedernales, como todo el pa\u00eds, es que a los implicados en hechos graves sean juzgados por la justicia y que se colabore para ello,  desde Hait\u00ed.<\/p>\n<\/p>\n<p>Expres\u00f3 que se han dado m\u00faltiples situaciones  sin r\u00e9gimen de consecuencia y eso ha creado  indignaci\u00f3n pues aparte del asesinato del dominicano  Reyes P\u00e9rez, hermano del ex senador \u00c1ngel Dignoclates P\u00e9rez y de su esposa Neida Urbaez,  tambi\u00e9n se produjo otra muerte en enero sin que pasara nada.<\/p>\n<\/p>\n<p>\u00abEste hecho fue premeditado porque esta persona sac\u00f3 su familia ante de cometer el hecho. Al parecer hab\u00eda tenido alg\u00fan problema con el dominicano, sac\u00f3 su familia, vino y cometi\u00f3 el hecho y emprendi\u00f3 la huida\u00bb, explic\u00f3 S\u00e1nchez refiri\u00e9ndose a  lo que pas\u00f3 en el primer mes del a\u00f1o por parte de otro haitiano sobre el que tampoco hubo ninguna consecuencia.<\/p>\n<\/p>\n<p>Dijo que esas acciones sin posibilidad de que sean juzgados es lo que ha dado paso a la indignaci\u00f3n de dominicanos en esa demarcaci\u00f3n.<\/p>\n<\/p>\n<p>El dirigente del PLD tambi\u00e9n inform\u00f3 de dos guardias fronterizos del pa\u00eds ,  tambi\u00e9n en hechos diferentes , se vieron envueltos en problemas con ciudadanos  haitianos, uno de ellos incluso dado por muerto cuando fue despojado de su f\u00fasil, apunt\u00f3. Agregando  que adem\u00e1s, el robo all\u00ed es permanente. \u00abY muchas veces cuando le roban el ganado a la gente, cuando le roban el motor el dominicano tiene que comprar el bien para que le sea devuelto\u00bb, refiri\u00f3<\/p>\n<\/p>\n<p>Sin embargo, Dionis S\u00e1nchez expresa que lo que pide Pedernales y es un pedido de todo el pa\u00eds, es que estos haitianos sean entregados y sean juzgados donde cometieron el hecho y eso independientemente de   un tratado de extradici\u00f3n o que se  apele a los convenios existentes.<\/p>\n<h6> 2018-03-16 13:59:31 <\/h6>\n<p><!--\n<link rel=\"stylesheet\" href=\"css\/bootstrap.min.css\">\n\n\n<ul class=\"pagination\">\n\t    \n\t\n\n<li >\n\t<a href='?page_no=6399'>Previous<\/a>\n\t<\/li>\n\n\n       \n    \n\n<li><a href='?page_no=1'>1<\/a><\/li>\n\n\n\n<li><a href='?page_no=2'>2<\/a><\/li>\n\n\n\n<li><a>...<\/a><\/li>\n\n\n\n<li><a href='?page_no=6398'>6398<\/a><\/li>\n\n\n\n<li><a href='?page_no=6399'>6399<\/a><\/li>\n\n\n\n<li class='active'><a>6400<\/a><\/li>\n\n\n\n<li><a href='?page_no=6401'>6401<\/a><\/li>\n\n\n\n<li><a href='?page_no=6402'>6402<\/a><\/li>\n\n\n\n<li><a>...<\/a><\/li>\n\n\n\n<li><a href='?page_no=36999'>36999<\/a><\/li>\n\n\n\n<li><a href='?page_no=37000'>37000<\/a><\/li>\n\n    \n\t\n\n<li >\n\t<a href='?page_no=6401'>Next<\/a>\n\t<\/li>\n\n\n    \n\n<li><a href='?page_no=37000'>Last &rsaquo;&rsaquo;<\/a><\/li>\n\n<\/ul>\n\n\n--><br \/>\n<\/body><\/p>\n","protected":false},"excerpt":{"rendered":"<p>Dionis S\u00e1nchez, senador del Partido de la Liberaci\u00f3n Dominicana (PLD) por la provincia de Pedernales, dijo que la situaci\u00f3n que se ha dado entre dominicanos y haitianos en el municipio cabecera no tiene nada que ver con xenofobia y racismo, algo no aplicable con nuestro pa\u00eds. \u00abEsa es la campa\u00f1a montada para desmeritar lo que [&hellip;]<\/p>\n","protected":false},"author":3,"featured_media":0,"comment_status":"open","ping_status":"open","sticky":false,"template":"","format":"standard","meta":{"footnotes":""},"categories":[22],"tags":[],"class_list":["post-171057","post","type-post","status-publish","format-standard","hentry","category-politica"],"_links":{"self":[{"href":"https:\/\/diariodominicano.com\/index.php?rest_route=\/wp\/v2\/posts\/171057","targetHints":{"allow":["GET"]}}],"collection":[{"href":"https:\/\/diariodominicano.com\/index.php?rest_route=\/wp\/v2\/posts"}],"about":[{"href":"https:\/\/diariodominicano.com\/index.php?rest_route=\/wp\/v2\/types\/post"}],"author":[{"embeddable":true,"href":"https:\/\/diariodominicano.com\/index.php?rest_route=\/wp\/v2\/users\/3"}],"replies":[{"embeddable":true,"href":"https:\/\/diariodominicano.com\/index.php?rest_route=%2Fwp%2Fv2%2Fcomments&post=171057"}],"version-history":[{"count":0,"href":"https:\/\/diariodominicano.com\/index.php?rest_route=\/wp\/v2\/posts\/171057\/revisions"}],"wp:attachment":[{"href":"https:\/\/diariodominicano.com\/index.php?rest_route=%2Fwp%2Fv2%2Fmedia&parent=171057"}],"wp:term":[{"taxonomy":"category","embeddable":true,"href":"https:\/\/diariodominicano.com\/index.php?rest_route=%2Fwp%2Fv2%2Fcategories&post=171057"},{"taxonomy":"post_tag","embeddable":true,"href":"https:\/\/diariodominicano.com\/index.php?rest_route=%2Fwp%2Fv2%2Ftags&post=171057"}],"curies":[{"name":"wp","href":"https:\/\/api.w.org\/{rel}","templated":true}]}}