{"id":171051,"date":"2018-03-17T13:47:22","date_gmt":"2018-03-17T13:47:22","guid":{"rendered":"http:\/\/diariodominicano.ddns.net\/?p=171051"},"modified":"2018-03-17T13:47:22","modified_gmt":"2018-03-17T13:47:22","slug":"hector-guzman-valora-resoluciones-del-prd","status":"publish","type":"post","link":"https:\/\/diariodominicano.com\/?p=171051","title":{"rendered":"H\u00e9ctor Guzm\u00e1n valora resoluciones del PRD"},"content":{"rendered":"<p><body><\/p>\n<p>SANTO DOMINGO.- Las decisiones tomadas por la Comisi\u00f3n Presidencial Ejecutiva del Partido Revolucionario Dominicano (PRD) en su sesi\u00f3n del pasado viernes forman parte de las l\u00edneas estrat\u00e9gicas aprobadas en la convenci\u00f3n nacional extraordinaria de delegados celebrada en diciembre \u00faltimo, explic\u00f3 el dirigente H\u00e9ctor Guzm\u00e1n.<\/p>\n<\/p>\n<p>Guzm\u00e1n, quien el viernes fue nombrado coordinador de voceros, valor\u00f3 que dentro de las quince resoluciones  se encuentre la designaci\u00f3n en nuevos cargos de m\u00e1s de 10 dirigentes de alto nivel como parte del proceso de dinamizaci\u00f3n de la organizaci\u00f3n pol\u00edtica.<\/p>\n<\/p>\n<p>Apunt\u00f3 que las designaciones fueron acogidas a unanimidad por todos los presentes con un esp\u00edritu de armon\u00eda, regocijo y unidad y que en ning\u00fan momento se contempl\u00f3 ni decidi\u00f3 amonestaci\u00f3n ni sanci\u00f3n para ninguno de los dirigentes.<\/p>\n<\/p>\n<p>Consider\u00f3 de alta importancia la declaraci\u00f3n  en sesi\u00f3n permanente de la Comisi\u00f3n Presidencial Ejecutiva, la cual se reunir\u00e1 todos los lunes a las cuatro de la tarde para dar seguimiento a los planes de trabajo y trazar las posiciones pol\u00edticas cotidianas del partido.<\/p>\n<\/p>\n<p>Guzm\u00e1n explic\u00f3 que los lineamientos dispuestos en la convenci\u00f3n de diciembre incluyen aplicar una pol\u00edtica de puertas abiertas a ex compa\u00f1eros que quieran retornar al partido, a otros que vengan de otros partidos y a ciudadanos y l\u00edderes de la sociedad civil que se interesan por trabajar pol\u00edtica, dijo Guzm\u00e1n.<\/p>\n<\/p>\n<p>Asimismo persiguen, resalt\u00f3, \u00abdedicar el presente a\u00f1o 2018 a perfilar nuestros candidatos a nivel local como forma de implementar nuestra l\u00ednea estrat\u00e9gica de concurrir a las pr\u00f3ximas elecciones con candidatos propios\u00bb.<\/p>\n<\/p>\n<p>Buscan tambi\u00e9n, destac\u00f3, \u00abadecuar las estructuras de nuestro partido en todo el territorio nacional y el exterior a las estructuras del sistema electoral en que se organizan nuestras elecciones, como son las juntas locales, circunscripciones, recintos electorales y colegios electorales\u00bb.<\/p>\n<\/p>\n<p>Entre los designados el viernes est\u00e1n Janet Camilo, Secretar\u00eda de Asuntos Electorales;  Juan Carlos Guerra, Secretario de Educaci\u00f3n; Juan Santos, Secretario Nacional de la Juventud; Joel D\u00edaz, Secretario Nacional de Asuntos Profesionales; Julissa Hern\u00e1ndez Secretar\u00eda Nacional de la Mujer; Alejandro Abreu, Secretario Nacional de Comunicaciones; H\u00e9ctor Guzm\u00e1n, Coordinador de Voceros, Antonio Alma, eEnlace entre la Direcci\u00f3n del Partido y el Sector Externo; Carlos Gabriel Garc\u00eda, presidente de las Secci\u00f3nales en el Exterior; Victor G\u00f3mez Casanova, Mary S\u00e1nchez, Mon Molina y Ana Obdalys Perez, vicepresidentes nacionales y miembros titulares de la Comisi\u00f3n Presidencial Ejecutiva .<\/p>\n<\/p>\n<p>Tambi\u00e9n, Ram\u00f3n Arnaldo Pimentel, Juan Ernesto Santiago y Edward Hidalgo, Subsecretarios Nacionales de la Juventud;  Amancia de la Cruz, Minerva Casalinovo, Betty Baez, Abril Pe\u00f1a y Virginia Ma\u00f1on, vicepresidentas nacionales adscritas la Secretar\u00eda de la Mujer; Yayo Mat\u00edas, presidente provincial Valverde. Rub\u00e9n Pe\u00f1al\u00f3, presidente del Comit\u00e9 Municipal de Mao;  Isidro Rosario, presidente de la provincia Hermanas Mirabal; Israel Rodr\u00edguez Mercado, presidente del comit\u00e9 municipal de Tenares; Mar\u00eda Ortiz, presidenta del comit\u00e9 municipal de Salcedo; Domingo D\u00edaz, presidente del comit\u00e9 municipal de Constanza<\/p>\n<h6> 2018-03-17 13:47:22 <\/h6>\n<p><!--\n<link rel=\"stylesheet\" href=\"css\/bootstrap.min.css\">\n\n\n<ul class=\"pagination\">\n\t    \n\t\n\n<li >\n\t<a href='?page_no=6395'>Previous<\/a>\n\t<\/li>\n\n\n       \n    \n\n<li><a href='?page_no=1'>1<\/a><\/li>\n\n\n\n<li><a href='?page_no=2'>2<\/a><\/li>\n\n\n\n<li><a>...<\/a><\/li>\n\n\n\n<li><a href='?page_no=6394'>6394<\/a><\/li>\n\n\n\n<li><a href='?page_no=6395'>6395<\/a><\/li>\n\n\n\n<li class='active'><a>6396<\/a><\/li>\n\n\n\n<li><a href='?page_no=6397'>6397<\/a><\/li>\n\n\n\n<li><a href='?page_no=6398'>6398<\/a><\/li>\n\n\n\n<li><a>...<\/a><\/li>\n\n\n\n<li><a href='?page_no=36999'>36999<\/a><\/li>\n\n\n\n<li><a href='?page_no=37000'>37000<\/a><\/li>\n\n    \n\t\n\n<li >\n\t<a href='?page_no=6397'>Next<\/a>\n\t<\/li>\n\n\n    \n\n<li><a href='?page_no=37000'>Last &rsaquo;&rsaquo;<\/a><\/li>\n\n<\/ul>\n\n\n--><br \/>\n<\/body><\/p>\n","protected":false},"excerpt":{"rendered":"<p>SANTO DOMINGO.- Las decisiones tomadas por la Comisi\u00f3n Presidencial Ejecutiva del Partido Revolucionario Dominicano (PRD) en su sesi\u00f3n del pasado viernes forman parte de las l\u00edneas estrat\u00e9gicas aprobadas en la convenci\u00f3n nacional extraordinaria de delegados celebrada en diciembre \u00faltimo, explic\u00f3 el dirigente H\u00e9ctor Guzm\u00e1n. Guzm\u00e1n, quien el viernes fue nombrado coordinador de voceros, valor\u00f3 que [&hellip;]<\/p>\n","protected":false},"author":3,"featured_media":0,"comment_status":"open","ping_status":"open","sticky":false,"template":"","format":"standard","meta":{"footnotes":""},"categories":[22],"tags":[],"class_list":["post-171051","post","type-post","status-publish","format-standard","hentry","category-politica"],"_links":{"self":[{"href":"https:\/\/diariodominicano.com\/index.php?rest_route=\/wp\/v2\/posts\/171051","targetHints":{"allow":["GET"]}}],"collection":[{"href":"https:\/\/diariodominicano.com\/index.php?rest_route=\/wp\/v2\/posts"}],"about":[{"href":"https:\/\/diariodominicano.com\/index.php?rest_route=\/wp\/v2\/types\/post"}],"author":[{"embeddable":true,"href":"https:\/\/diariodominicano.com\/index.php?rest_route=\/wp\/v2\/users\/3"}],"replies":[{"embeddable":true,"href":"https:\/\/diariodominicano.com\/index.php?rest_route=%2Fwp%2Fv2%2Fcomments&post=171051"}],"version-history":[{"count":0,"href":"https:\/\/diariodominicano.com\/index.php?rest_route=\/wp\/v2\/posts\/171051\/revisions"}],"wp:attachment":[{"href":"https:\/\/diariodominicano.com\/index.php?rest_route=%2Fwp%2Fv2%2Fmedia&parent=171051"}],"wp:term":[{"taxonomy":"category","embeddable":true,"href":"https:\/\/diariodominicano.com\/index.php?rest_route=%2Fwp%2Fv2%2Fcategories&post=171051"},{"taxonomy":"post_tag","embeddable":true,"href":"https:\/\/diariodominicano.com\/index.php?rest_route=%2Fwp%2Fv2%2Ftags&post=171051"}],"curies":[{"name":"wp","href":"https:\/\/api.w.org\/{rel}","templated":true}]}}