{"id":171048,"date":"2018-03-18T01:45:01","date_gmt":"2018-03-18T01:45:01","guid":{"rendered":"http:\/\/diariodominicano.ddns.net\/?p=171048"},"modified":"2018-03-18T01:45:01","modified_gmt":"2018-03-18T01:45:01","slug":"partido-de-accion-liberal-ratifica-a-maritza-lopez-de-ortiz-presidenta","status":"publish","type":"post","link":"https:\/\/diariodominicano.com\/?p=171048","title":{"rendered":"Partido de Acci\u00f3n Liberal ratifica a Maritza L\u00f3pez de Ortiz  presidenta"},"content":{"rendered":"<p><body><\/p>\n<p><img decoding=\"async\" src=\"img3\/FOTO SAMBLEA PAL 3.jpg\" \/><br \/><img decoding=\"async\" src=\"img3\/FOTO SAMBLEA PAL 2 (2).jpg\" \/><br \/><img decoding=\"async\" src=\"img3\/FOTO SAMBLEA PAL 2 (1) (1).jpg\" \/>  <\/p>\n<p><strong>SANTO DOMINGO, RD, 17 de marzo de 2018.-<\/strong> El Partido de Acci\u00f3n Liberal (PAL),  ratific\u00f3 a unanimidad a Maritza L\u00f3pez de Ortiz, como su presidenta en la Tercera Asamblea Ordinaria celebrada este s\u00e1bado donde participaron los delegados pol\u00edticos de la organizaci\u00f3n.<\/p>\n<\/p>\n<p> <strong>L\u00f3pez de Ortiz, ser\u00e1 la presidenta del PAL por los pr\u00f3ximos cuatro a\u00f1os, tambi\u00e9n  fueron ratificados la presidenta en funciones, Michelle Ortiz, el secretario general, Anatalio Aquino, Jorge B\u00e1ez, secretario de organizaci\u00f3n, Jorge Guerra, delegado pol\u00edtico ante la Junta Central Electoral, Bernarda G\u00f3mez, secretaria de finanzas y Domingo Ure\u00f1a, vicepresidente nacional y secretario de asuntos municipales. <\/strong><\/p>\n<\/p>\n<p>Adem\u00e1s  se escogi\u00f3 la comisi\u00f3n politica y  direcci\u00f3n nacional del PAL, se aprob\u00f3 la revisi\u00f3n, reforma y adecuaci\u00f3n de los estatutos de la organizaci\u00f3n politica.  <\/p>\n<\/p>\n<p>Al finalizar la asamblea, en su discurso la presidenta del PAL,  Maritza L\u00f3pez de Ortiz, exhort\u00f3 a todos los miembros de la entidad partidaria a seguir trabajando para garantizar la unidad partidaria y mantener los ideales. <\/p>\n<\/p>\n<p>Sostuvo que el gran reto que tienen como partido es garantizar que la democracia y sistema de partido en la Rep\u00fablica Dominicana siga garantiz\u00e1ndose.<\/p>\n<\/p>\n<p>Indic\u00f3 que, est\u00e1 comprometida a seguir trabajando arduamente con todos palistas en todas las provincias del pa\u00eds y en especial en los lugares m\u00e1s lejanos con el fin gestionar las buenas causas que beneficien a todos los dominicanos.<\/p>\n<\/p>\n<p>Los trabajos realizados en la Tercera Asamblea Ordinaria del PAL fueron supervisados por la Junta Central Electoral que cont\u00f3 con m\u00e1s del 77 por ciento del quorum requerido. Tambi\u00e9n en el acto participaron como invitados representantes de diferentes partidos pol\u00edticos.<\/p>\n<\/p>\n<h6> 2018-03-18 01:45:01 <\/h6>\n<p><!--\n<link rel=\"stylesheet\" href=\"css\/bootstrap.min.css\">\n\n\n<ul class=\"pagination\">\n\t    \n\t\n\n<li >\n\t<a href='?page_no=6392'>Previous<\/a>\n\t<\/li>\n\n\n       \n    \n\n<li><a href='?page_no=1'>1<\/a><\/li>\n\n\n\n<li><a href='?page_no=2'>2<\/a><\/li>\n\n\n\n<li><a>...<\/a><\/li>\n\n\n\n<li><a href='?page_no=6391'>6391<\/a><\/li>\n\n\n\n<li><a href='?page_no=6392'>6392<\/a><\/li>\n\n\n\n<li class='active'><a>6393<\/a><\/li>\n\n\n\n<li><a href='?page_no=6394'>6394<\/a><\/li>\n\n\n\n<li><a href='?page_no=6395'>6395<\/a><\/li>\n\n\n\n<li><a>...<\/a><\/li>\n\n\n\n<li><a href='?page_no=36999'>36999<\/a><\/li>\n\n\n\n<li><a href='?page_no=37000'>37000<\/a><\/li>\n\n    \n\t\n\n<li >\n\t<a href='?page_no=6394'>Next<\/a>\n\t<\/li>\n\n\n    \n\n<li><a href='?page_no=37000'>Last &rsaquo;&rsaquo;<\/a><\/li>\n\n<\/ul>\n\n\n--><br \/>\n<\/body><\/p>\n","protected":false},"excerpt":{"rendered":"<p>SANTO DOMINGO, RD, 17 de marzo de 2018.- El Partido de Acci\u00f3n Liberal (PAL), ratific\u00f3 a unanimidad a Maritza L\u00f3pez de Ortiz, como su presidenta en la Tercera Asamblea Ordinaria celebrada este s\u00e1bado donde participaron los delegados pol\u00edticos de la organizaci\u00f3n. L\u00f3pez de Ortiz, ser\u00e1 la presidenta del PAL por los pr\u00f3ximos cuatro a\u00f1os, tambi\u00e9n [&hellip;]<\/p>\n","protected":false},"author":3,"featured_media":0,"comment_status":"open","ping_status":"open","sticky":false,"template":"","format":"standard","meta":{"footnotes":""},"categories":[22],"tags":[],"class_list":["post-171048","post","type-post","status-publish","format-standard","hentry","category-politica"],"_links":{"self":[{"href":"https:\/\/diariodominicano.com\/index.php?rest_route=\/wp\/v2\/posts\/171048","targetHints":{"allow":["GET"]}}],"collection":[{"href":"https:\/\/diariodominicano.com\/index.php?rest_route=\/wp\/v2\/posts"}],"about":[{"href":"https:\/\/diariodominicano.com\/index.php?rest_route=\/wp\/v2\/types\/post"}],"author":[{"embeddable":true,"href":"https:\/\/diariodominicano.com\/index.php?rest_route=\/wp\/v2\/users\/3"}],"replies":[{"embeddable":true,"href":"https:\/\/diariodominicano.com\/index.php?rest_route=%2Fwp%2Fv2%2Fcomments&post=171048"}],"version-history":[{"count":0,"href":"https:\/\/diariodominicano.com\/index.php?rest_route=\/wp\/v2\/posts\/171048\/revisions"}],"wp:attachment":[{"href":"https:\/\/diariodominicano.com\/index.php?rest_route=%2Fwp%2Fv2%2Fmedia&parent=171048"}],"wp:term":[{"taxonomy":"category","embeddable":true,"href":"https:\/\/diariodominicano.com\/index.php?rest_route=%2Fwp%2Fv2%2Fcategories&post=171048"},{"taxonomy":"post_tag","embeddable":true,"href":"https:\/\/diariodominicano.com\/index.php?rest_route=%2Fwp%2Fv2%2Ftags&post=171048"}],"curies":[{"name":"wp","href":"https:\/\/api.w.org\/{rel}","templated":true}]}}