{"id":171047,"date":"2018-03-18T02:13:48","date_gmt":"2018-03-18T02:13:48","guid":{"rendered":"http:\/\/diariodominicano.ddns.net\/?p=171047"},"modified":"2018-03-18T02:13:48","modified_gmt":"2018-03-18T02:13:48","slug":"prm-esta-listo-para-su-convencion-nacional","status":"publish","type":"post","link":"https:\/\/diariodominicano.com\/?p=171047","title":{"rendered":"PRM est\u00e1 listo para su convenci\u00f3n nacional"},"content":{"rendered":"<p><body><\/p>\n<\/p>\n<p><strong><span class=\"text1noticias\">SANTO DOMINGO, RD, 17 de marzo de 2018.- <\/span><\/strong><span class=\"text1noticias\"> Los principales l\u00edderes y todos los candidatos a la Presidencia y a Secretar\u00eda General del Partido Revolucionario Moderno PRM, ejercer\u00e1n su derecho al voto en un centro de votaci\u00f3n especial durante la convenci\u00f3n de este domingo, inform\u00f3 la colectividad pol\u00edtica opositora.<\/span><\/p>\n<\/p>\n<p><span class=\"text1noticias\">Ha sido habilitado en la Casa Nacional del PRM  en la avenida C\u00e9sar Nicol\u00e1s Penson casi esquina M\u00e1ximo, a partir de las 8:00 de la ma\u00f1ana de este domingo.<\/span><\/p>\n<\/p>\n<p><span class=\"text1noticias\">Es la primera convenci\u00f3n nacional que organiza el PRM para elegir a sus autoridades por un periodo de cuatro a\u00f1os.<\/span><\/p>\n<\/p>\n<h6> 2018-03-18 02:13:48 <\/h6>\n<p><!--\n<link rel=\"stylesheet\" href=\"css\/bootstrap.min.css\">\n\n\n<ul class=\"pagination\">\n\t    \n\t\n\n<li >\n\t<a href='?page_no=6391'>Previous<\/a>\n\t<\/li>\n\n\n       \n    \n\n<li><a href='?page_no=1'>1<\/a><\/li>\n\n\n\n<li><a href='?page_no=2'>2<\/a><\/li>\n\n\n\n<li><a>...<\/a><\/li>\n\n\n\n<li><a href='?page_no=6390'>6390<\/a><\/li>\n\n\n\n<li><a href='?page_no=6391'>6391<\/a><\/li>\n\n\n\n<li class='active'><a>6392<\/a><\/li>\n\n\n\n<li><a href='?page_no=6393'>6393<\/a><\/li>\n\n\n\n<li><a href='?page_no=6394'>6394<\/a><\/li>\n\n\n\n<li><a>...<\/a><\/li>\n\n\n\n<li><a href='?page_no=36999'>36999<\/a><\/li>\n\n\n\n<li><a href='?page_no=37000'>37000<\/a><\/li>\n\n    \n\t\n\n<li >\n\t<a href='?page_no=6393'>Next<\/a>\n\t<\/li>\n\n\n    \n\n<li><a href='?page_no=37000'>Last &rsaquo;&rsaquo;<\/a><\/li>\n\n<\/ul>\n\n\n--><br \/>\n<\/body><\/p>\n","protected":false},"excerpt":{"rendered":"<p>SANTO DOMINGO, RD, 17 de marzo de 2018.- Los principales l\u00edderes y todos los candidatos a la Presidencia y a Secretar\u00eda General del Partido Revolucionario Moderno PRM, ejercer\u00e1n su derecho al voto en un centro de votaci\u00f3n especial durante la convenci\u00f3n de este domingo, inform\u00f3 la colectividad pol\u00edtica opositora. Ha sido habilitado en la Casa [&hellip;]<\/p>\n","protected":false},"author":3,"featured_media":0,"comment_status":"open","ping_status":"open","sticky":false,"template":"","format":"standard","meta":{"footnotes":""},"categories":[22],"tags":[],"class_list":["post-171047","post","type-post","status-publish","format-standard","hentry","category-politica"],"_links":{"self":[{"href":"https:\/\/diariodominicano.com\/index.php?rest_route=\/wp\/v2\/posts\/171047","targetHints":{"allow":["GET"]}}],"collection":[{"href":"https:\/\/diariodominicano.com\/index.php?rest_route=\/wp\/v2\/posts"}],"about":[{"href":"https:\/\/diariodominicano.com\/index.php?rest_route=\/wp\/v2\/types\/post"}],"author":[{"embeddable":true,"href":"https:\/\/diariodominicano.com\/index.php?rest_route=\/wp\/v2\/users\/3"}],"replies":[{"embeddable":true,"href":"https:\/\/diariodominicano.com\/index.php?rest_route=%2Fwp%2Fv2%2Fcomments&post=171047"}],"version-history":[{"count":0,"href":"https:\/\/diariodominicano.com\/index.php?rest_route=\/wp\/v2\/posts\/171047\/revisions"}],"wp:attachment":[{"href":"https:\/\/diariodominicano.com\/index.php?rest_route=%2Fwp%2Fv2%2Fmedia&parent=171047"}],"wp:term":[{"taxonomy":"category","embeddable":true,"href":"https:\/\/diariodominicano.com\/index.php?rest_route=%2Fwp%2Fv2%2Fcategories&post=171047"},{"taxonomy":"post_tag","embeddable":true,"href":"https:\/\/diariodominicano.com\/index.php?rest_route=%2Fwp%2Fv2%2Ftags&post=171047"}],"curies":[{"name":"wp","href":"https:\/\/api.w.org\/{rel}","templated":true}]}}